{"id":10225,"date":"2017-02-25T18:08:10","date_gmt":"2017-02-25T21:08:10","guid":{"rendered":"https:\/\/correiosulgoiano.com.br\/?p=10225"},"modified":"2017-02-25T18:08:10","modified_gmt":"2017-02-25T21:08:10","slug":"policia-civil-prende-suspeito-de-receptacao-e-recupera-moto-furtada-em-morrinhos","status":"publish","type":"post","link":"https:\/\/correiosulgoiano.com.br\/?p=10225","title":{"rendered":"Pol\u00edcia Civil prende suspeito de recepta\u00e7\u00e3o e recupera moto furtada em Morrinhos"},"content":{"rendered":"<p><span style=\"font-size: 12pt; font-family: Verdana, Geneva, sans-serif; color: #000000;\">Na ter\u00e7a-feira, 21\/02\/17 a Pol\u00edcia Civil de Morrinhos recebeu uma den\u00fancia an\u00f4nima sobre a recepta\u00e7\u00e3o de uma motocicleta roubada.<\/span><\/p>\n<p><span style=\"font-size: 12pt; font-family: Verdana, Geneva, sans-serif; color: #000000;\">Imediatamente os policiais civis, comandados pelo Delegado titular, em Morrinhos, Dr. Fabiano Jacomelis sa\u00edram at\u00e9 o local indicado e rapidamente efetuaram a pris\u00e3o em flagrante de um homem de 26 anos, suspeito de recepta\u00e7\u00e3o.<\/span><\/p>\n<p><span style=\"font-size: 12pt; font-family: Verdana, Geneva, sans-serif; color: #000000;\">Durante a dilig\u00eancia, foi efetuada a recupera\u00e7\u00e3o de uma motocicleta HONDA CG 125 TITAN ES, cor azul, ano 2003, a qual havia sido subtra\u00edda do interior de uma resid\u00eancia, no setor central, em Morrinhos, na segunda-feira, 30\/01\/17, avaliada em aproximadamente R$ 3.000,00.<\/span><\/p>\n<p><span style=\"font-size: 12pt; font-family: Verdana, Geneva, sans-serif; color: #000000;\">O delegado Fabiano Jacomelis informou que o suspeito, de nome Paulo Alberto, possui registros anteriores pela pr\u00e1tica de inj\u00faria e invas\u00e3o de domicilio.<\/span><\/p>\n<p><span style=\"font-size: 12pt; font-family: Verdana, Geneva, sans-serif; color: #000000;\">Ap\u00f3s o flagrante o suspeito foi recolhido em cela da unidade prisional local.<\/span><\/p>\n","protected":false},"excerpt":{"rendered":"<p>Na ter\u00e7a-feira, 21\/02\/17 a Pol\u00edcia Civil de Morrinhos recebeu uma den\u00fancia an\u00f4nima sobre a recepta\u00e7\u00e3o de uma motocicleta roubada. Imediatamente os policiais civis, comandados pelo Delegado titular, em Morrinhos, Dr. Fabiano Jacomelis sa\u00edram at\u00e9 o local indicado e rapidamente efetuaram a pris\u00e3o em flagrante de um homem de 26 anos, suspeito de recepta\u00e7\u00e3o. Durante a &#8230;<\/p>\n","protected":false},"author":1,"featured_media":10227,"comment_status":"open","ping_status":"open","sticky":false,"template":"","format":"standard","meta":{"spay_email":"","jetpack_publicize_message":""},"categories":[52],"tags":[316,757,65],"jetpack_featured_media_url":"https:\/\/correiosulgoiano.com.br\/wp-content\/uploads\/2017\/02\/pc1.jpg","jetpack_publicize_connections":[],"_links":{"self":[{"href":"https:\/\/correiosulgoiano.com.br\/index.php?rest_route=\/wp\/v2\/posts\/10225"}],"collection":[{"href":"https:\/\/correiosulgoiano.com.br\/index.php?rest_route=\/wp\/v2\/posts"}],"about":[{"href":"https:\/\/correiosulgoiano.com.br\/index.php?rest_route=\/wp\/v2\/types\/post"}],"author":[{"embeddable":true,"href":"https:\/\/correiosulgoiano.com.br\/index.php?rest_route=\/wp\/v2\/users\/1"}],"replies":[{"embeddable":true,"href":"https:\/\/correiosulgoiano.com.br\/index.php?rest_route=%2Fwp%2Fv2%2Fcomments&post=10225"}],"version-history":[{"count":2,"href":"https:\/\/correiosulgoiano.com.br\/index.php?rest_route=\/wp\/v2\/posts\/10225\/revisions"}],"predecessor-version":[{"id":10228,"href":"https:\/\/correiosulgoiano.com.br\/index.php?rest_route=\/wp\/v2\/posts\/10225\/revisions\/10228"}],"wp:featuredmedia":[{"embeddable":true,"href":"https:\/\/correiosulgoiano.com.br\/index.php?rest_route=\/wp\/v2\/media\/10227"}],"wp:attachment":[{"href":"https:\/\/correiosulgoiano.com.br\/index.php?rest_route=%2Fwp%2Fv2%2Fmedia&parent=10225"}],"wp:term":[{"taxonomy":"category","embeddable":true,"href":"https:\/\/correiosulgoiano.com.br\/index.php?rest_route=%2Fwp%2Fv2%2Fcategories&post=10225"},{"taxonomy":"post_tag","embeddable":true,"href":"https:\/\/correiosulgoiano.com.br\/index.php?rest_route=%2Fwp%2Fv2%2Ftags&post=10225"}],"curies":[{"name":"wp","href":"https:\/\/api.w.org\/{rel}","templated":true}]}}