{"id":11381,"date":"2017-06-02T02:21:50","date_gmt":"2017-06-02T05:21:50","guid":{"rendered":"https:\/\/correiosulgoiano.com.br\/?p=11381"},"modified":"2017-06-02T02:21:50","modified_gmt":"2017-06-02T05:21:50","slug":"gpt-identifica-e-prende-homem-que-arremessou-drogas-para-dentro-do-presidio-em-morrinhos","status":"publish","type":"post","link":"https:\/\/correiosulgoiano.com.br\/?p=11381","title":{"rendered":"GPT identifica e prende homem que arremessou drogas para dentro do pres\u00eddio em Morrinhos"},"content":{"rendered":"<p><span style=\"font-family: Verdana,Geneva,sans-serif; font-size: 12pt;\">A tarde de quinta-feira, 01\/06 j\u00e1 se encaminhava para o final quando agentes carcereiros do Pres\u00eddio de Morrinhos observaram pelo sistema de monitoramento um homem que do lado de fora arremessava algo para dentro da unidade prisional.<\/span><\/p>\n<div style=\"width: 100%;\" class=\"wp-video\"><video class=\"wp-video-shortcode\" id=\"video-11381-1\" width=\"618\" height=\"348\" preload=\"metadata\" controls=\"controls\"><source type=\"video\/mp4\" src=\"https:\/\/correiosulgoiano.com.br\/wp-content\/uploads\/2017\/06\/Pres\u00eddio-V\u00eddeo-01.mp4?_=1\" \/><\/video><\/div>\n<p><span style=\"font-family: Verdana,Geneva,sans-serif; font-size: 12pt;\">Imediatamente a 10\u00aa CIPM foi avisada e uma equipe do Grupo de Patrulhamento T\u00e1tico &#8211; GPT foi ao local.<\/span><\/p>\n<p><span style=\"font-family: Verdana,Geneva,sans-serif; font-size: 12pt;\"><a href=\"https:\/\/correiosulgoiano.com.br\/wp-content\/uploads\/2017\/06\/pc1.jpg\"><img loading=\"lazy\" class=\" wp-image-11384 alignright\" src=\"https:\/\/correiosulgoiano.com.br\/wp-content\/uploads\/2017\/06\/pc1.jpg\" alt=\"pc1\" width=\"392\" height=\"477\" srcset=\"https:\/\/correiosulgoiano.com.br\/wp-content\/uploads\/2017\/06\/pc1.jpg 540w, https:\/\/correiosulgoiano.com.br\/wp-content\/uploads\/2017\/06\/pc1-246x300.jpg 246w\" sizes=\"(max-width: 392px) 100vw, 392px\" \/><\/a>Assim que se informaram de todos os detalhes e as mais relevantes informa\u00e7\u00f5es os policiais sa\u00edram em dilig\u00eancia e rapidamente encontraram o suspeito.<\/span><\/p>\n<p><span style=\"font-family: Verdana,Geneva,sans-serif; font-size: 12pt;\">O homem tem outras passagens pelas pol\u00edcias e trata-se de um antigo conhecido dos policiais, mas que n\u00e3o fica preso devido a fragilidade da legisla\u00e7\u00e3o.<\/span><\/p>\n<p><span style=\"font-family: Verdana,Geneva,sans-serif; font-size: 12pt;\">Ap\u00f3s ser detido pelo GPT o suspeito foi levado \u00e0 presen\u00e7a da autoridade policial civil, na delegacia, onde ficou sob responsabilidade da equipe comandada pelo delegado Fabiano Jacomelis.<\/span><\/p>\n<p><span style=\"font-family: Verdana,Geneva,sans-serif; font-size: 12pt;\">Segundo a nossa reportagem apurou o homem teria arremessado para dentro do pres\u00eddio alguma quantidade de entorpecentes, a maioria maconha,\u00a0e at\u00e9 uma pequena balan\u00e7a de precis\u00e3o.<\/span><\/p>\n<p><span style=\"font-family: Verdana,Geneva,sans-serif; font-size: 12pt;\">Isso\u00a0sugere que muito\u00a0provavelmente ela seria\u00a0utilizada pelos detentos para o com\u00e9rcio de drogas dentro da unidade prisional.<\/span><\/p>\n<p><span style=\"font-family: Verdana,Geneva,sans-serif; font-size: 12pt;\">A Pol\u00edcia Civil investigar\u00e1 o caso.<\/span><\/p>\n<div id=\"attachment_10744\" style=\"width: 358px\" class=\"wp-caption aligncenter\"><a href=\"https:\/\/correiosulgoiano.com.br\/wp-content\/uploads\/2017\/03\/Posto-Gil21.jpg\"><img aria-describedby=\"caption-attachment-10744\" loading=\"lazy\" class=\"wp-image-10744\" src=\"https:\/\/correiosulgoiano.com.br\/wp-content\/uploads\/2017\/03\/Posto-Gil21.jpg\" alt=\"Posto Gil2\" width=\"348\" height=\"232\" srcset=\"https:\/\/correiosulgoiano.com.br\/wp-content\/uploads\/2017\/03\/Posto-Gil21.jpg 979w, https:\/\/correiosulgoiano.com.br\/wp-content\/uploads\/2017\/03\/Posto-Gil21-300x200.jpg 300w\" sizes=\"(max-width: 348px) 100vw, 348px\" \/><\/a><p id=\"caption-attachment-10744\" class=\"wp-caption-text\">Patrocinando a Informa\u00e7\u00e3o<\/p><\/div>\n<div id=\"attachment_10578\" style=\"width: 353px\" class=\"wp-caption aligncenter\"><a href=\"https:\/\/correiosulgoiano.com.br\/wp-content\/uploads\/2017\/03\/gas.jpg\"><img aria-describedby=\"caption-attachment-10578\" loading=\"lazy\" class=\" wp-image-10578\" src=\"https:\/\/correiosulgoiano.com.br\/wp-content\/uploads\/2017\/03\/gas.jpg\" alt=\"Patrocinando a Informa\u00e7\u00e3o\" width=\"343\" height=\"286\" srcset=\"https:\/\/correiosulgoiano.com.br\/wp-content\/uploads\/2017\/03\/gas.jpg 632w, https:\/\/correiosulgoiano.com.br\/wp-content\/uploads\/2017\/03\/gas-300x250.jpg 300w\" sizes=\"(max-width: 343px) 100vw, 343px\" \/><\/a><p id=\"caption-attachment-10578\" class=\"wp-caption-text\">Patrocinando a Informa\u00e7\u00e3o<\/p><\/div>\n<p>&nbsp;<\/p>\n","protected":false},"excerpt":{"rendered":"<p>A tarde de quinta-feira, 01\/06 j\u00e1 se encaminhava para o final quando agentes carcereiros do Pres\u00eddio de Morrinhos observaram pelo sistema de monitoramento um homem que do lado de fora arremessava algo para dentro da unidade prisional. Imediatamente a 10\u00aa CIPM foi avisada e uma equipe do Grupo de Patrulhamento T\u00e1tico &#8211; GPT foi ao &#8230;<\/p>\n","protected":false},"author":1,"featured_media":11382,"comment_status":"open","ping_status":"open","sticky":false,"template":"","format":"standard","meta":{"spay_email":"","jetpack_publicize_message":""},"categories":[51],"tags":[],"jetpack_featured_media_url":"https:\/\/correiosulgoiano.com.br\/wp-content\/uploads\/2017\/06\/gpt.jpg","jetpack_publicize_connections":[],"_links":{"self":[{"href":"https:\/\/correiosulgoiano.com.br\/index.php?rest_route=\/wp\/v2\/posts\/11381"}],"collection":[{"href":"https:\/\/correiosulgoiano.com.br\/index.php?rest_route=\/wp\/v2\/posts"}],"about":[{"href":"https:\/\/correiosulgoiano.com.br\/index.php?rest_route=\/wp\/v2\/types\/post"}],"author":[{"embeddable":true,"href":"https:\/\/correiosulgoiano.com.br\/index.php?rest_route=\/wp\/v2\/users\/1"}],"replies":[{"embeddable":true,"href":"https:\/\/correiosulgoiano.com.br\/index.php?rest_route=%2Fwp%2Fv2%2Fcomments&post=11381"}],"version-history":[{"count":1,"href":"https:\/\/correiosulgoiano.com.br\/index.php?rest_route=\/wp\/v2\/posts\/11381\/revisions"}],"predecessor-version":[{"id":11385,"href":"https:\/\/correiosulgoiano.com.br\/index.php?rest_route=\/wp\/v2\/posts\/11381\/revisions\/11385"}],"wp:featuredmedia":[{"embeddable":true,"href":"https:\/\/correiosulgoiano.com.br\/index.php?rest_route=\/wp\/v2\/media\/11382"}],"wp:attachment":[{"href":"https:\/\/correiosulgoiano.com.br\/index.php?rest_route=%2Fwp%2Fv2%2Fmedia&parent=11381"}],"wp:term":[{"taxonomy":"category","embeddable":true,"href":"https:\/\/correiosulgoiano.com.br\/index.php?rest_route=%2Fwp%2Fv2%2Fcategories&post=11381"},{"taxonomy":"post_tag","embeddable":true,"href":"https:\/\/correiosulgoiano.com.br\/index.php?rest_route=%2Fwp%2Fv2%2Ftags&post=11381"}],"curies":[{"name":"wp","href":"https:\/\/api.w.org\/{rel}","templated":true}]}}