{"id":1156,"date":"2015-03-31T06:26:34","date_gmt":"2015-03-31T06:26:34","guid":{"rendered":"https:\/\/correiosulgoiano.com.br\/?p=1156"},"modified":"2015-03-31T06:27:03","modified_gmt":"2015-03-31T06:27:03","slug":"iniciada-plantacao-de-mandioca-em-programa-da-agricultura-familiar","status":"publish","type":"post","link":"https:\/\/correiosulgoiano.com.br\/?p=1156","title":{"rendered":"Iniciada planta\u00e7\u00e3o de mandioca em programa da agricultura familiar"},"content":{"rendered":"<p><span style=\"font-family: Verdana, Geneva, sans-serif; font-size: 14pt; color: #000000;\">Na segunda-feira, 30\/03, o presidente do Sindicato dos Trabalhadores Rurais de Morrinhos, Uelson Narc\u00edsio recebeu diversas autoridades de Morrinhos na regi\u00e3o do Vauzinho para in\u00edcio do plantio de mandioca, dentro do programa da Secretaria da Agricultura Familiar.<\/span><\/p>\n<p><a href=\"https:\/\/correiosulgoiano.com.br\/wp-content\/uploads\/2015\/03\/editado-01.jpg\"><img loading=\"lazy\" class=\"alignnone  wp-image-1158\" src=\"https:\/\/correiosulgoiano.com.br\/wp-content\/uploads\/2015\/03\/editado-01.jpg\" alt=\"editado - 01\" width=\"600\" height=\"338\" srcset=\"https:\/\/correiosulgoiano.com.br\/wp-content\/uploads\/2015\/03\/editado-01.jpg 737w, https:\/\/correiosulgoiano.com.br\/wp-content\/uploads\/2015\/03\/editado-01-300x169.jpg 300w\" sizes=\"(max-width: 600px) 100vw, 600px\" \/><\/a><\/p>\n<p><span style=\"font-family: Verdana, Geneva, sans-serif; font-size: 14pt; color: #000000;\">Entre outros, estiveram presentes o prefeito Rog\u00e9rio Troncoso; o presidente da C\u00e2mara de vereadores Alex e o vereador Welington Dias; os secret\u00e1rios municipais de Agricultura Familiar, Jo\u00e3o Donizete e da Agricultura e Pecu\u00e1ria, Osmar Saran; Uelsinho informou que ao todo ser\u00e3o plantados aproximadamente 6 alqueires de mandioca, dentro do programa da Agricultura Familiar.<\/span><\/p>\n<p><a href=\"https:\/\/correiosulgoiano.com.br\/wp-content\/uploads\/2015\/03\/editado-05.jpg\"><img loading=\"lazy\" class=\"alignnone  wp-image-1159\" src=\"https:\/\/correiosulgoiano.com.br\/wp-content\/uploads\/2015\/03\/editado-05.jpg\" alt=\"editado - 05\" width=\"602\" height=\"339\" srcset=\"https:\/\/correiosulgoiano.com.br\/wp-content\/uploads\/2015\/03\/editado-05.jpg 614w, https:\/\/correiosulgoiano.com.br\/wp-content\/uploads\/2015\/03\/editado-05-300x169.jpg 300w\" sizes=\"(max-width: 602px) 100vw, 602px\" \/><\/a><\/p>\n<p><span style=\"font-family: Verdana, Geneva, sans-serif; font-size: 14pt; color: #000000;\">Em uma parte da \u00e1rea a planta j\u00e1 est\u00e1 na fase adulta, dando origem \u00e0s ramas que ser\u00e3o plantadas a partir desta segunda-feira, 30\/03.<\/span><\/p>\n<p><a href=\"https:\/\/correiosulgoiano.com.br\/wp-content\/uploads\/2015\/03\/editado-03.jpg\"><img loading=\"lazy\" class=\"alignnone size-full wp-image-1160\" src=\"https:\/\/correiosulgoiano.com.br\/wp-content\/uploads\/2015\/03\/editado-03.jpg\" alt=\"editado - 03\" width=\"614\" height=\"346\" srcset=\"https:\/\/correiosulgoiano.com.br\/wp-content\/uploads\/2015\/03\/editado-03.jpg 614w, https:\/\/correiosulgoiano.com.br\/wp-content\/uploads\/2015\/03\/editado-03-300x169.jpg 300w\" sizes=\"(max-width: 614px) 100vw, 614px\" \/><\/a><\/p>\n<p>&nbsp;<\/p>\n<p><a href=\"https:\/\/correiosulgoiano.com.br\/wp-content\/uploads\/2015\/03\/Mercotintas-Banner-Site-01.jpg\"><img loading=\"lazy\" class=\"alignnone  wp-image-885\" src=\"https:\/\/correiosulgoiano.com.br\/wp-content\/uploads\/2015\/03\/Mercotintas-Banner-Site-01.jpg\" alt=\"Mercotintas Banner Site - 01\" width=\"867\" height=\"108\" srcset=\"https:\/\/correiosulgoiano.com.br\/wp-content\/uploads\/2015\/03\/Mercotintas-Banner-Site-01.jpg 1172w, https:\/\/correiosulgoiano.com.br\/wp-content\/uploads\/2015\/03\/Mercotintas-Banner-Site-01-300x37.jpg 300w, https:\/\/correiosulgoiano.com.br\/wp-content\/uploads\/2015\/03\/Mercotintas-Banner-Site-01-1024x128.jpg 1024w\" sizes=\"(max-width: 867px) 100vw, 867px\" \/><\/a><\/p>\n","protected":false},"excerpt":{"rendered":"<p>Na segunda-feira, 30\/03, o presidente do Sindicato dos Trabalhadores Rurais de Morrinhos, Uelson Narc\u00edsio recebeu diversas autoridades de Morrinhos na regi\u00e3o do Vauzinho para in\u00edcio do plantio de mandioca, dentro do programa da Secretaria da Agricultura Familiar. Entre outros, estiveram presentes o prefeito Rog\u00e9rio Troncoso; o presidente da C\u00e2mara de vereadores Alex e o vereador &#8230;<\/p>\n","protected":false},"author":1,"featured_media":1157,"comment_status":"open","ping_status":"open","sticky":false,"template":"","format":"standard","meta":{"spay_email":"","jetpack_publicize_message":""},"categories":[1],"tags":[55,54,243,291],"jetpack_featured_media_url":"https:\/\/correiosulgoiano.com.br\/wp-content\/uploads\/2015\/03\/editado-02.jpg","jetpack_publicize_connections":[],"_links":{"self":[{"href":"https:\/\/correiosulgoiano.com.br\/index.php?rest_route=\/wp\/v2\/posts\/1156"}],"collection":[{"href":"https:\/\/correiosulgoiano.com.br\/index.php?rest_route=\/wp\/v2\/posts"}],"about":[{"href":"https:\/\/correiosulgoiano.com.br\/index.php?rest_route=\/wp\/v2\/types\/post"}],"author":[{"embeddable":true,"href":"https:\/\/correiosulgoiano.com.br\/index.php?rest_route=\/wp\/v2\/users\/1"}],"replies":[{"embeddable":true,"href":"https:\/\/correiosulgoiano.com.br\/index.php?rest_route=%2Fwp%2Fv2%2Fcomments&post=1156"}],"version-history":[{"count":2,"href":"https:\/\/correiosulgoiano.com.br\/index.php?rest_route=\/wp\/v2\/posts\/1156\/revisions"}],"predecessor-version":[{"id":1162,"href":"https:\/\/correiosulgoiano.com.br\/index.php?rest_route=\/wp\/v2\/posts\/1156\/revisions\/1162"}],"wp:featuredmedia":[{"embeddable":true,"href":"https:\/\/correiosulgoiano.com.br\/index.php?rest_route=\/wp\/v2\/media\/1157"}],"wp:attachment":[{"href":"https:\/\/correiosulgoiano.com.br\/index.php?rest_route=%2Fwp%2Fv2%2Fmedia&parent=1156"}],"wp:term":[{"taxonomy":"category","embeddable":true,"href":"https:\/\/correiosulgoiano.com.br\/index.php?rest_route=%2Fwp%2Fv2%2Fcategories&post=1156"},{"taxonomy":"post_tag","embeddable":true,"href":"https:\/\/correiosulgoiano.com.br\/index.php?rest_route=%2Fwp%2Fv2%2Ftags&post=1156"}],"curies":[{"name":"wp","href":"https:\/\/api.w.org\/{rel}","templated":true}]}}