{"id":1172,"date":"2015-04-03T02:03:51","date_gmt":"2015-04-03T02:03:51","guid":{"rendered":"https:\/\/correiosulgoiano.com.br\/?p=1172"},"modified":"2015-04-03T02:03:51","modified_gmt":"2015-04-03T02:03:51","slug":"filho-do-governador-de-sao-paulo-morre-em-queda-de-helicoptero","status":"publish","type":"post","link":"https:\/\/correiosulgoiano.com.br\/?p=1172","title":{"rendered":"Filho do governador de S\u00e3o Paulo morre em queda de helic\u00f3ptero"},"content":{"rendered":"<p><span style=\"font-size: 14pt; font-family: Verdana, Geneva, sans-serif; color: #000000;\">Thomaz Alkmin, de 31 anos, o filho mais jovem do governador de S\u00e3o Paulo, Geraldo Alckmin, \u00e9 uma das cinco pessoas que morreram na queda de um helic\u00f3ptero em Carapicu\u00edba, na Grande S\u00e3o Paulo, na tarde de quinta-feira, 02\/04.<\/span><\/p>\n<p><span style=\"font-size: 14pt; font-family: Verdana, Geneva, sans-serif; color: #000000;\">Ele estava na aeronave que caiu sobre uma resid\u00eancia dentro de um condom\u00ednio na estrada da Fazendinha, em uma \u00e1rea nobre do munic\u00edpio.<\/span><\/p>\n<p><a href=\"https:\/\/correiosulgoiano.com.br\/wp-content\/uploads\/2015\/04\/helic-caiu-03.jpg\"><img loading=\"lazy\" class=\"alignnone  wp-image-1174\" src=\"https:\/\/correiosulgoiano.com.br\/wp-content\/uploads\/2015\/04\/helic-caiu-03.jpg\" alt=\"helic caiu 03\" width=\"485\" height=\"265\" srcset=\"https:\/\/correiosulgoiano.com.br\/wp-content\/uploads\/2015\/04\/helic-caiu-03.jpg 620w, https:\/\/correiosulgoiano.com.br\/wp-content\/uploads\/2015\/04\/helic-caiu-03-300x164.jpg 300w\" sizes=\"(max-width: 485px) 100vw, 485px\" \/><\/a><\/p>\n<p><span style=\"font-size: 14pt; font-family: Verdana, Geneva, sans-serif; color: #000000;\">O helic\u00f3ptero estava registrado em nome da Seripatri Participa\u00e7\u00f5es, do empres\u00e1rio Jos\u00e9 Seripieri Junior, tamb\u00e9m dono da empresa Qualicorp, que administra planos de sa\u00fade coletivos.<\/span><\/p>\n<p><span style=\"font-size: 14pt; font-family: Verdana, Geneva, sans-serif; color: #000000;\">Thomaz era piloto de helic\u00f3ptero e muito amigo de Seripieri Junior. Ele tinha duas filhas, de dez anos e um m\u00eas. Policiais que foram ao local reconheceram as tatuagens do corpo do jovem.<\/span><\/p>\n<p><span style=\"font-size: 14pt; font-family: Verdana, Geneva, sans-serif; color: #000000;\">O helic\u00f3ptero estava em fase de testes e revis\u00e3o. Ele havia decolado de um heliponto em Carapicu\u00edba e faria um voo experimental, retornando ao ponto de origem.<\/span><\/p>\n<p><span style=\"font-size: 14pt; font-family: Verdana, Geneva, sans-serif; color: #000000;\">A aeronave \u00e9 a de modelo EC 155 B1, fabricada pela Eurocopter France, prefixo PPLLS.<\/span><\/p>\n<p><span style=\"font-size: 14pt; font-family: Verdana, Geneva, sans-serif; color: #000000;\">Uma equipe do 4\u00ba Servi\u00e7o Regional de Investiga\u00e7\u00e3o e Preven\u00e7\u00e3o de Acidentes (Seripa-4) foi enviada para investigar as causas da queda da aeronave.<\/span><\/p>\n<p><span style=\"font-size: 14pt; font-family: Verdana, Geneva, sans-serif; color: #000000;\">Em nota, a Seripatri lamentou a morte dos ocupantes do helic\u00f3ptero. O nome de Tomaz n\u00e3o foi citado por ela, que se limitou a dizer que estavam na aeronave dois funcion\u00e1rios da empresa e outros dois mec\u00e2nicos da Helipark.<\/span><\/p>\n<p><span style=\"font-size: 14pt; font-family: Verdana, Geneva, sans-serif; color: #000000;\">O helic\u00f3ptero, segundo a Seripatri, passou por manuten\u00e7\u00e3o preventiva e tinha cerca de quatro anos de uso, com aproximadamente 600 horas de voo. Ela afirma que a aeronave estava com sua documenta\u00e7\u00e3o e manuten\u00e7\u00e3o em dia.<\/span><\/p>\n<p><span style=\"font-size: 14pt; font-family: Verdana, Geneva, sans-serif; color: #000000;\">Moradores da regi\u00e3o pr\u00f3xima ao acidente dizem que a queda do helic\u00f3ptero ocorreu perto de um supermercado e que muita gente se assustou com a movimenta\u00e7\u00e3o da aeronave.<\/span><\/p>\n<p><span style=\"font-size: 14pt; font-family: Verdana, Geneva, sans-serif; color: #000000;\">&#8220;Se ca\u00edsse no supermercado naquela hora seria um desastre porque ele estava completamente lotado&#8221;, afirmou Lucas Batista Ferreira, de 18 anos, estudante, morador de Carapicu\u00edba, que viu a aproxima\u00e7\u00e3o do helic\u00f3ptero soltando fa\u00edscas na parte traseira. Ferreira correu com medo de ser atingido.<\/span><\/p>\n<p><span style=\"font-size: 14pt; font-family: Verdana, Geneva, sans-serif; color: #000000;\">&#8220;O piloto fez de tudo para cair numa \u00e1rea com menos gente. Se ca\u00edsse na rua ou no supermercado, seria a pior P\u00e1scoa de Carapicu\u00edba&#8221;, disse o jovem.<\/span><\/p>\n<p><span style=\"font-size: 14pt; font-family: Verdana, Geneva, sans-serif; color: #000000;\">Donizete de Souza, de 45 anos, ajudante de produ\u00e7\u00e3o, iria fazer compras para a P\u00e1scoa. Segundo ele, as pessoas do entorno olharam no c\u00e9u e sa\u00edram correndo com medo de que a aeronave ca\u00edsse na rua ou no supermercado. (Fonte e Fotos: Uol\/Folha de S.Paulo por M\u00f4nica B\u00e9rgamo e Daniela Lima)<\/span><\/p>\n<p><a href=\"https:\/\/correiosulgoiano.com.br\/wp-content\/uploads\/2015\/03\/Mercotintas-Banner-Site-01.jpg\"><img loading=\"lazy\" class=\"alignnone  wp-image-885\" src=\"https:\/\/correiosulgoiano.com.br\/wp-content\/uploads\/2015\/03\/Mercotintas-Banner-Site-01.jpg\" alt=\"Mercotintas Banner Site - 01\" width=\"907\" height=\"113\" srcset=\"https:\/\/correiosulgoiano.com.br\/wp-content\/uploads\/2015\/03\/Mercotintas-Banner-Site-01.jpg 1172w, https:\/\/correiosulgoiano.com.br\/wp-content\/uploads\/2015\/03\/Mercotintas-Banner-Site-01-300x37.jpg 300w, https:\/\/correiosulgoiano.com.br\/wp-content\/uploads\/2015\/03\/Mercotintas-Banner-Site-01-1024x128.jpg 1024w\" sizes=\"(max-width: 907px) 100vw, 907px\" \/><\/a><\/p>\n","protected":false},"excerpt":{"rendered":"<p>Thomaz Alkmin, de 31 anos, o filho mais jovem do governador de S\u00e3o Paulo, Geraldo Alckmin, \u00e9 uma das cinco pessoas que morreram na queda de um helic\u00f3ptero em Carapicu\u00edba, na Grande S\u00e3o Paulo, na tarde de quinta-feira, 02\/04. Ele estava na aeronave que caiu sobre uma resid\u00eancia dentro de um condom\u00ednio na estrada da &#8230;<\/p>\n","protected":false},"author":1,"featured_media":1173,"comment_status":"open","ping_status":"open","sticky":false,"template":"","format":"standard","meta":{"spay_email":"","jetpack_publicize_message":""},"categories":[52],"tags":[296,55,54,243,297,298],"jetpack_featured_media_url":"https:\/\/correiosulgoiano.com.br\/wp-content\/uploads\/2015\/04\/alkim-03.jpg","jetpack_publicize_connections":[],"_links":{"self":[{"href":"https:\/\/correiosulgoiano.com.br\/index.php?rest_route=\/wp\/v2\/posts\/1172"}],"collection":[{"href":"https:\/\/correiosulgoiano.com.br\/index.php?rest_route=\/wp\/v2\/posts"}],"about":[{"href":"https:\/\/correiosulgoiano.com.br\/index.php?rest_route=\/wp\/v2\/types\/post"}],"author":[{"embeddable":true,"href":"https:\/\/correiosulgoiano.com.br\/index.php?rest_route=\/wp\/v2\/users\/1"}],"replies":[{"embeddable":true,"href":"https:\/\/correiosulgoiano.com.br\/index.php?rest_route=%2Fwp%2Fv2%2Fcomments&post=1172"}],"version-history":[{"count":1,"href":"https:\/\/correiosulgoiano.com.br\/index.php?rest_route=\/wp\/v2\/posts\/1172\/revisions"}],"predecessor-version":[{"id":1175,"href":"https:\/\/correiosulgoiano.com.br\/index.php?rest_route=\/wp\/v2\/posts\/1172\/revisions\/1175"}],"wp:featuredmedia":[{"embeddable":true,"href":"https:\/\/correiosulgoiano.com.br\/index.php?rest_route=\/wp\/v2\/media\/1173"}],"wp:attachment":[{"href":"https:\/\/correiosulgoiano.com.br\/index.php?rest_route=%2Fwp%2Fv2%2Fmedia&parent=1172"}],"wp:term":[{"taxonomy":"category","embeddable":true,"href":"https:\/\/correiosulgoiano.com.br\/index.php?rest_route=%2Fwp%2Fv2%2Fcategories&post=1172"},{"taxonomy":"post_tag","embeddable":true,"href":"https:\/\/correiosulgoiano.com.br\/index.php?rest_route=%2Fwp%2Fv2%2Ftags&post=1172"}],"curies":[{"name":"wp","href":"https:\/\/api.w.org\/{rel}","templated":true}]}}