{"id":1194,"date":"2015-04-05T00:06:32","date_gmt":"2015-04-05T00:06:32","guid":{"rendered":"https:\/\/correiosulgoiano.com.br\/?p=1194"},"modified":"2015-04-06T05:17:42","modified_gmt":"2015-04-06T05:17:42","slug":"america-perde-mais-uma-na-segunda-divisao-mas-escapa-do-rebaixamento","status":"publish","type":"post","link":"https:\/\/correiosulgoiano.com.br\/?p=1194","title":{"rendered":"Am\u00e9rica perde mais uma na segunda divis\u00e3o, mas, escapa do rebaixamento"},"content":{"rendered":"<p><span style=\"font-family: Verdana, Geneva, sans-serif; font-size: 14pt; color: #000000;\">Para 2016, tenho sugest\u00f5es para complementar o slogan da Federa\u00e7\u00e3o Goiana de Futebol, que atualmente \u00e9: PAZ NO FUTEBOL. Que tal, \u201cseriedade no futebol\u201d? Ou ent\u00e3o, \u201cvergonha no futebol\u201d? Ou ainda, \u201crespeito ao torcedor de futebol\u201d? S\u00e3o apenas algumas sugest\u00f5es, numa esp\u00e9cie de contribui\u00e7\u00e3o para complementar o Slogan, que j\u00e1 \u00e9 muito bom. Mas, vamos \u00e0s not\u00edcias.<\/span><\/p>\n<p><span style=\"font-family: Verdana, Geneva, sans-serif; font-size: 14pt; color: #000000;\">O sonho acabou! Ou seria, a ilus\u00e3o, a esperan\u00e7a?<\/span><\/p>\n<p><span style=\"font-family: Verdana, Geneva, sans-serif; font-size: 14pt; color: #000000;\">Terminou a primeira fase do Campeonato Goiano da Segunda Divis\u00e3o e apenas 4 times seguem na disputa por 2 vagas na Primeira Divis\u00e3o de 2016.<\/span><\/p>\n<p><span style=\"font-family: Verdana, Geneva, sans-serif; font-size: 14pt; color: #000000;\">A p\u00e1scoa ser\u00e1 com gosto amargo para os torcedores do Am\u00e9rica, Novo Horizonte, Itabera\u00ed, Santa Helena, Rio Verde e Quirin\u00f3polis \u2013 esses est\u00e3o fora do quadrangular final, que ser\u00e1 disputado em dois turnos, com os 4 classificados jogando entre, em jogos de ida e volta.<\/span><\/p>\n<p><span style=\"font-family: Verdana, Geneva, sans-serif; font-size: 14pt; color: #000000;\">O Am\u00e9rica que iniciou a competi\u00e7\u00e3o sem outro objetivo sen\u00e3o manter-se na Segunda Divis\u00e3o at\u00e9 empolgou o torcedor nas primeiras rodadas criando a ilus\u00e3o de que poderia classificar-se \u00e0 fase seguinte.<\/span><\/p>\n<p><span style=\"font-family: Verdana, Geneva, sans-serif; font-size: 14pt; color: #000000;\">Mas, do meio pr\u00e1 frente o time se transformou dentro de campo. De uma hora para outra o time guerreiro, brioso, corajoso e determinado que se viu nas primeiras rodadas passou a jogar de forma insonsa, desmotivada, tocando bola pr\u00e1 tr\u00e1s, sem determina\u00e7\u00e3o e at\u00e9 parecia sem interesse na vit\u00f3ria.<\/span><\/p>\n<p><span style=\"font-family: Verdana, Geneva, sans-serif; font-size: 14pt; color: #000000;\">At\u00e9 agora o torcedor ainda n\u00e3o sabe o que aconteceu e n\u00e3o conseguiu encontrar explica\u00e7\u00f5es plaus\u00edveis para essa mudan\u00e7a repentina.<\/span><\/p>\n<p><span style=\"font-family: Verdana, Geneva, sans-serif; font-size: 14pt; color: #000000;\">Mas, fato \u00e9, que o Am\u00e9rica est\u00e1 fora da pr\u00f3xima fase, por\u00e9m, conseguiu manter-se na Segunda Divis\u00e3o.<\/span><\/p>\n<p><span style=\"font-family: Verdana, Geneva, sans-serif; font-size: 14pt; color: #000000;\">Isso significa que ano que vem tem mais. Mais pedidos de ajuda; mais necessidade de doa\u00e7\u00e3o de verba p\u00fablica; mais convoca\u00e7\u00e3o de torcedores para irem ao est\u00e1dio; mais pedidos de confian\u00e7a na equipe; mais pedidos de um voto de confian\u00e7a no elenco; mais do mesmo!<\/span><\/p>\n<p><span style=\"font-family: Verdana, Geneva, sans-serif; font-size: 14pt; color: #000000;\">Enquanto isso, nas pr\u00f3ximas semanas, a disputa continua entre os 4 classificados, e os dois que somarem mais pontos na segunda fase ter\u00e3o acesso \u00e0 s\u00e9rie \u201cA\u201d, no ano que vem. Os outros dois ter\u00e3o que disputar a \u201csegundona\u201d novamente, em 2016.<\/span><\/p>\n<p><span style=\"font-family: Verdana, Geneva, sans-serif; font-size: 14pt; color: #000000;\">O Vila Nova confirmou seu favoritismo e foi o time que melhor pontuou na primeira fase.<\/span><\/p>\n<p><span style=\"font-family: Verdana, Geneva, sans-serif; font-size: 14pt; color: #000000;\">O Ipor\u00e1 e o Goi\u00e2nia surpreenderam e est\u00e3o classificados \u00e0 segunda fase.<\/span><\/p>\n<p><span style=\"font-family: Verdana, Geneva, sans-serif; font-size: 14pt; color: #000000;\">O An\u00e1polis viveu fortes emo\u00e7\u00f5es o campeonato inteiro. Esteve mal na maioria dos jogos da primeira fase, mas, com o Caixa melhor abastecido que os advers\u00e1rios conseguiu colocar o time nos trilhos e garantir a classifica\u00e7\u00e3o na \u00faltima rodada. (Da reda\u00e7\u00e3o, por Leonardo Costa)<\/span><\/p>\n<p><a href=\"https:\/\/correiosulgoiano.com.br\/wp-content\/uploads\/2015\/04\/CLASS-FINAL.jpg\"><img loading=\"lazy\" class=\"alignnone size-full wp-image-1196\" src=\"https:\/\/correiosulgoiano.com.br\/wp-content\/uploads\/2015\/04\/CLASS-FINAL.jpg\" alt=\"CLASS FINAL\" width=\"595\" height=\"563\" srcset=\"https:\/\/correiosulgoiano.com.br\/wp-content\/uploads\/2015\/04\/CLASS-FINAL.jpg 595w, https:\/\/correiosulgoiano.com.br\/wp-content\/uploads\/2015\/04\/CLASS-FINAL-300x284.jpg 300w\" sizes=\"(max-width: 595px) 100vw, 595px\" \/><\/a><\/p>\n<p><span style=\"font-size: 18pt; color: #ff0000; font-family: Verdana, Geneva, sans-serif;\"><strong>PR\u00d3XIMAS RODADAS<\/strong><\/span><\/p>\n<p><a href=\"https:\/\/correiosulgoiano.com.br\/wp-content\/uploads\/2015\/04\/RODADA-FINAL.jpg\"><img loading=\"lazy\" class=\"alignnone size-full wp-image-1197\" src=\"https:\/\/correiosulgoiano.com.br\/wp-content\/uploads\/2015\/04\/RODADA-FINAL.jpg\" alt=\"RODADA FINAL\" width=\"598\" height=\"597\" srcset=\"https:\/\/correiosulgoiano.com.br\/wp-content\/uploads\/2015\/04\/RODADA-FINAL.jpg 598w, https:\/\/correiosulgoiano.com.br\/wp-content\/uploads\/2015\/04\/RODADA-FINAL-150x150.jpg 150w, https:\/\/correiosulgoiano.com.br\/wp-content\/uploads\/2015\/04\/RODADA-FINAL-300x300.jpg 300w, https:\/\/correiosulgoiano.com.br\/wp-content\/uploads\/2015\/04\/RODADA-FINAL-55x55.jpg 55w\" sizes=\"(max-width: 598px) 100vw, 598px\" \/><\/a><\/p>\n<p><a href=\"https:\/\/correiosulgoiano.com.br\/wp-content\/uploads\/2015\/03\/Mercotintas-Banner-Site-01.jpg\"><img loading=\"lazy\" class=\"alignnone  wp-image-885\" src=\"https:\/\/correiosulgoiano.com.br\/wp-content\/uploads\/2015\/03\/Mercotintas-Banner-Site-01.jpg\" alt=\"Mercotintas Banner Site - 01\" width=\"971\" height=\"121\" srcset=\"https:\/\/correiosulgoiano.com.br\/wp-content\/uploads\/2015\/03\/Mercotintas-Banner-Site-01.jpg 1172w, https:\/\/correiosulgoiano.com.br\/wp-content\/uploads\/2015\/03\/Mercotintas-Banner-Site-01-300x37.jpg 300w, https:\/\/correiosulgoiano.com.br\/wp-content\/uploads\/2015\/03\/Mercotintas-Banner-Site-01-1024x128.jpg 1024w\" sizes=\"(max-width: 971px) 100vw, 971px\" \/><\/a><\/p>\n","protected":false},"excerpt":{"rendered":"<p>Para 2016, tenho sugest\u00f5es para complementar o slogan da Federa\u00e7\u00e3o Goiana de Futebol, que atualmente \u00e9: PAZ NO FUTEBOL. Que tal, \u201cseriedade no futebol\u201d? Ou ent\u00e3o, \u201cvergonha no futebol\u201d? Ou ainda, \u201crespeito ao torcedor de futebol\u201d? S\u00e3o apenas algumas sugest\u00f5es, numa esp\u00e9cie de contribui\u00e7\u00e3o para complementar o Slogan, que j\u00e1 \u00e9 muito bom. Mas, vamos &#8230;<\/p>\n","protected":false},"author":1,"featured_media":623,"comment_status":"open","ping_status":"open","sticky":false,"template":"","format":"standard","meta":{"spay_email":"","jetpack_publicize_message":""},"categories":[50],"tags":[75,306,183,55,261,54,224,182],"jetpack_featured_media_url":"https:\/\/correiosulgoiano.com.br\/wp-content\/uploads\/2015\/02\/Am\u00e9rica-Site-Novo-01.jpg","jetpack_publicize_connections":[],"_links":{"self":[{"href":"https:\/\/correiosulgoiano.com.br\/index.php?rest_route=\/wp\/v2\/posts\/1194"}],"collection":[{"href":"https:\/\/correiosulgoiano.com.br\/index.php?rest_route=\/wp\/v2\/posts"}],"about":[{"href":"https:\/\/correiosulgoiano.com.br\/index.php?rest_route=\/wp\/v2\/types\/post"}],"author":[{"embeddable":true,"href":"https:\/\/correiosulgoiano.com.br\/index.php?rest_route=\/wp\/v2\/users\/1"}],"replies":[{"embeddable":true,"href":"https:\/\/correiosulgoiano.com.br\/index.php?rest_route=%2Fwp%2Fv2%2Fcomments&post=1194"}],"version-history":[{"count":1,"href":"https:\/\/correiosulgoiano.com.br\/index.php?rest_route=\/wp\/v2\/posts\/1194\/revisions"}],"predecessor-version":[{"id":1198,"href":"https:\/\/correiosulgoiano.com.br\/index.php?rest_route=\/wp\/v2\/posts\/1194\/revisions\/1198"}],"wp:featuredmedia":[{"embeddable":true,"href":"https:\/\/correiosulgoiano.com.br\/index.php?rest_route=\/wp\/v2\/media\/623"}],"wp:attachment":[{"href":"https:\/\/correiosulgoiano.com.br\/index.php?rest_route=%2Fwp%2Fv2%2Fmedia&parent=1194"}],"wp:term":[{"taxonomy":"category","embeddable":true,"href":"https:\/\/correiosulgoiano.com.br\/index.php?rest_route=%2Fwp%2Fv2%2Fcategories&post=1194"},{"taxonomy":"post_tag","embeddable":true,"href":"https:\/\/correiosulgoiano.com.br\/index.php?rest_route=%2Fwp%2Fv2%2Ftags&post=1194"}],"curies":[{"name":"wp","href":"https:\/\/api.w.org\/{rel}","templated":true}]}}