{"id":1211,"date":"2015-04-06T03:33:54","date_gmt":"2015-04-06T03:33:54","guid":{"rendered":"https:\/\/correiosulgoiano.com.br\/?p=1211"},"modified":"2015-04-06T04:12:27","modified_gmt":"2015-04-06T04:12:27","slug":"pecuaria-compare-shows-de-goiania-e-morrinhos-qual-grade-e-melhor","status":"publish","type":"post","link":"https:\/\/correiosulgoiano.com.br\/?p=1211","title":{"rendered":"PECU\u00c1RIA: Compare shows de Goi\u00e2nia e Morrinhos. Qual grade \u00e9 melhor?"},"content":{"rendered":"<p><span style=\"font-family: Verdana, Geneva, sans-serif; font-size: 14pt; color: #000000;\">A Sociedade Goiana de Pecu\u00e1ria e Agricultura, SGPA, divulgou as atra\u00e7\u00f5es musicais da 70\u00aa Festa Agropecu\u00e1ria de Goi\u00e2nia.<\/span><\/p>\n<p><a href=\"https:\/\/correiosulgoiano.com.br\/wp-content\/uploads\/2015\/04\/PEC-GYN.jpg\"><img loading=\"lazy\" class=\"alignnone  wp-image-1212\" src=\"https:\/\/correiosulgoiano.com.br\/wp-content\/uploads\/2015\/04\/PEC-GYN.jpg\" alt=\"??????????????????????\" width=\"277\" height=\"332\" srcset=\"https:\/\/correiosulgoiano.com.br\/wp-content\/uploads\/2015\/04\/PEC-GYN.jpg 690w, https:\/\/correiosulgoiano.com.br\/wp-content\/uploads\/2015\/04\/PEC-GYN-251x300.jpg 251w\" sizes=\"(max-width: 277px) 100vw, 277px\" \/><\/a><\/p>\n<p><strong><span style=\"font-family: Verdana, Geneva, sans-serif; font-size: 14pt; color: #000000;\">RODEIO<\/span><\/strong><\/p>\n<p><span style=\"font-family: Verdana, Geneva, sans-serif; font-size: 14pt; color: #000000;\">Al\u00e9m dos shows, a exposi\u00e7\u00e3o tamb\u00e9m contar\u00e1 com etapa oficial do \u201cRodei PBR\u201d \u2013 empresa americana que organiza a Copa do Mundo de Rodeio.<\/span><\/p>\n<p><span style=\"font-family: Verdana, Geneva, sans-serif; font-size: 14pt; color: #000000;\">Em Goi\u00e2nia a festa acontecer\u00e1 entre os dias 08 e 24 de maio. O show de abertura ser\u00e1 comandado pelo cantor nordestino Pablo. O encerramento ser\u00e1 feito pela dupla sertaneja Israel e Rodolffo.<\/span><\/p>\n<p><span style=\"font-family: Verdana, Geneva, sans-serif; font-size: 14pt; color: #000000;\">A organiza\u00e7\u00e3o do evento destinou o domingo, 17\/05, para o p\u00fablico infantil. Na data, a principal atra\u00e7\u00e3o ser\u00e1 o musical Frozen \u2013 apresenta\u00e7\u00e3o adaptada do filme da Disney. <\/span><\/p>\n<p><strong><span style=\"font-family: Verdana, Geneva, sans-serif; font-size: 14pt; color: #000000;\">INGRESSOS<\/span><\/strong><\/p>\n<p><span style=\"font-family: Verdana, Geneva, sans-serif; font-size: 14pt; color: #000000;\">Os ingressos, exceto em dias de shows, custar\u00e3o R$ 10,00. A cerveja ser\u00e1 vendida a R$ 3,50 e o estacionamento ser\u00e1 cobrado R$ 10,00.<\/span><\/p>\n<p><span style=\"font-family: Verdana, Geneva, sans-serif; font-size: 14pt; color: #000000;\"><strong>Confira a programa\u00e7\u00e3o de Shows em Goi\u00e2nia:<\/strong><\/span><\/p>\n<p><span style=\"font-family: Verdana, Geneva, sans-serif; font-size: 14pt; color: #000000;\"><a href=\"https:\/\/correiosulgoiano.com.br\/wp-content\/uploads\/2015\/04\/pablo.jpg\"><img loading=\"lazy\" class=\"alignnone  wp-image-1216\" src=\"https:\/\/correiosulgoiano.com.br\/wp-content\/uploads\/2015\/04\/pablo.jpg\" alt=\"pablo\" width=\"67\" height=\"71\" \/><\/a>\u00a008\/05, sexta-feira \u2013 Pablo<\/span><\/p>\n<p><span style=\"font-family: Verdana, Geneva, sans-serif; font-size: 14pt; color: #000000;\"><a href=\"https:\/\/correiosulgoiano.com.br\/wp-content\/uploads\/2015\/04\/frozen.jpg\"><img loading=\"lazy\" class=\"alignnone  wp-image-1218\" src=\"https:\/\/correiosulgoiano.com.br\/wp-content\/uploads\/2015\/04\/frozen.jpg\" alt=\"frozen\" width=\"66\" height=\"67\" srcset=\"https:\/\/correiosulgoiano.com.br\/wp-content\/uploads\/2015\/04\/frozen.jpg 264w, https:\/\/correiosulgoiano.com.br\/wp-content\/uploads\/2015\/04\/frozen-150x150.jpg 150w, https:\/\/correiosulgoiano.com.br\/wp-content\/uploads\/2015\/04\/frozen-55x55.jpg 55w\" sizes=\"(max-width: 66px) 100vw, 66px\" \/><\/a>\u00a017\/05, domingo \u2013 Frozen, o musical<\/span><\/p>\n<p><span style=\"font-family: Verdana, Geneva, sans-serif; font-size: 14pt; color: #000000;\"><a href=\"https:\/\/correiosulgoiano.com.br\/wp-content\/uploads\/2015\/04\/Bruno-e-Marrone.jpg\"><img loading=\"lazy\" class=\"alignnone  wp-image-1219\" src=\"https:\/\/correiosulgoiano.com.br\/wp-content\/uploads\/2015\/04\/Bruno-e-Marrone.jpg\" alt=\"Bruno-e-Marrone\" width=\"68\" height=\"55\" \/><\/a>\u00a021\/05, quinta-feira \u2013 Bruno e Marrone<\/span><\/p>\n<p><span style=\"font-family: Verdana, Geneva, sans-serif; font-size: 14pt; color: #000000;\"><a href=\"https:\/\/correiosulgoiano.com.br\/wp-content\/uploads\/2015\/04\/cristiano-araujo.jpg\"><img loading=\"lazy\" class=\"alignnone  wp-image-1220\" src=\"https:\/\/correiosulgoiano.com.br\/wp-content\/uploads\/2015\/04\/cristiano-araujo.jpg\" alt=\"cristiano-araujo\" width=\"67\" height=\"70\" srcset=\"https:\/\/correiosulgoiano.com.br\/wp-content\/uploads\/2015\/04\/cristiano-araujo.jpg 295w, https:\/\/correiosulgoiano.com.br\/wp-content\/uploads\/2015\/04\/cristiano-araujo-289x300.jpg 289w\" sizes=\"(max-width: 67px) 100vw, 67px\" \/><\/a>\u00a022\/05, sexta-feira \u2013 Cristiano Ara\u00fajo<\/span><\/p>\n<p><span style=\"font-family: Verdana, Geneva, sans-serif; font-size: 14pt; color: #000000;\"><a href=\"https:\/\/correiosulgoiano.com.br\/wp-content\/uploads\/2015\/04\/cabare.jpg\"><img loading=\"lazy\" class=\"alignnone  wp-image-1221\" src=\"https:\/\/correiosulgoiano.com.br\/wp-content\/uploads\/2015\/04\/cabare.jpg\" alt=\"cabare\" width=\"67\" height=\"67\" srcset=\"https:\/\/correiosulgoiano.com.br\/wp-content\/uploads\/2015\/04\/cabare.jpg 300w, https:\/\/correiosulgoiano.com.br\/wp-content\/uploads\/2015\/04\/cabare-150x150.jpg 150w, https:\/\/correiosulgoiano.com.br\/wp-content\/uploads\/2015\/04\/cabare-55x55.jpg 55w\" sizes=\"(max-width: 67px) 100vw, 67px\" \/><\/a>\u00a023\/05, s\u00e1bado \u2013 Show \u2018Cabar\u00e9\u2019 \u2013 com Leonardo e Eduardo Costa<\/span><\/p>\n<p><span style=\"font-family: Verdana, Geneva, sans-serif; font-size: 14pt; color: #000000;\"><a href=\"https:\/\/correiosulgoiano.com.br\/wp-content\/uploads\/2015\/04\/israel.jpg\"><img loading=\"lazy\" class=\"alignnone  wp-image-1222\" src=\"https:\/\/correiosulgoiano.com.br\/wp-content\/uploads\/2015\/04\/israel.jpg\" alt=\"israel\" width=\"69\" height=\"56\" \/><\/a>\u00a024\/05, domingo \u2013 Israel e Rodolffo<\/span><\/p>\n<p><span style=\"font-size: 14pt; font-family: Verdana, Geneva, sans-serif; color: #ff0000;\"><strong>E AGORA VEJA SOBRE A EXPOMORRINHOS<\/strong><\/span><\/p>\n<p><span style=\"font-family: Verdana, Geneva, sans-serif; font-size: 14pt; color: #000000;\">De 29 de maio a 07 de junho acontecer\u00e1 a 41\u00aa edi\u00e7\u00e3o da ExpoMorrinhos. O pre\u00e7o do ingresso ainda n\u00e3o foi confirmado, mas h\u00e1 uma grande possibilidade de ser o mesmo praticado em 2014, ou seja, R$ 30,00.<\/span><\/p>\n<p><strong><span style=\"font-family: Verdana, Geneva, sans-serif; font-size: 14pt; color: #000000;\">Confira a grade de Shows, em Morrinhos:<\/span><\/strong><\/p>\n<p><span style=\"font-family: Verdana, Geneva, sans-serif; font-size: 14pt; color: #000000;\"><a href=\"https:\/\/correiosulgoiano.com.br\/wp-content\/uploads\/2015\/04\/israel.jpg\"><img loading=\"lazy\" class=\"alignnone  wp-image-1222\" src=\"https:\/\/correiosulgoiano.com.br\/wp-content\/uploads\/2015\/04\/israel.jpg\" alt=\"israel\" width=\"69\" height=\"56\" \/><\/a>\u00a029\/05, sexta-feira, Israel &amp; Rodolffo;<\/span><\/p>\n<p><span style=\"font-family: Verdana, Geneva, sans-serif; font-size: 14pt; color: #000000;\"><a href=\"https:\/\/correiosulgoiano.com.br\/wp-content\/uploads\/2015\/04\/gino.png\"><img loading=\"lazy\" class=\"alignnone  wp-image-1223\" src=\"https:\/\/correiosulgoiano.com.br\/wp-content\/uploads\/2015\/04\/gino.png\" alt=\"gino\" width=\"69\" height=\"58\" srcset=\"https:\/\/correiosulgoiano.com.br\/wp-content\/uploads\/2015\/04\/gino.png 342w, https:\/\/correiosulgoiano.com.br\/wp-content\/uploads\/2015\/04\/gino-300x253.png 300w\" sizes=\"(max-width: 69px) 100vw, 69px\" \/><\/a>\u00a030\/05, s\u00e1bado, Gino &amp; Geno;<\/span><\/p>\n<p><span style=\"font-family: Verdana, Geneva, sans-serif; font-size: 14pt; color: #000000;\"><a href=\"https:\/\/correiosulgoiano.com.br\/wp-content\/uploads\/2015\/04\/cristiano-araujo.jpg\"><img loading=\"lazy\" class=\"alignnone  wp-image-1220\" src=\"https:\/\/correiosulgoiano.com.br\/wp-content\/uploads\/2015\/04\/cristiano-araujo.jpg\" alt=\"cristiano-araujo\" width=\"69\" height=\"72\" srcset=\"https:\/\/correiosulgoiano.com.br\/wp-content\/uploads\/2015\/04\/cristiano-araujo.jpg 295w, https:\/\/correiosulgoiano.com.br\/wp-content\/uploads\/2015\/04\/cristiano-araujo-289x300.jpg 289w\" sizes=\"(max-width: 69px) 100vw, 69px\" \/><\/a>\u00a031\/05, domingo, Cristiano Ara\u00fajo;<\/span><\/p>\n<p><span style=\"font-family: Verdana, Geneva, sans-serif; font-size: 14pt; color: #000000;\"><a href=\"https:\/\/correiosulgoiano.com.br\/wp-content\/uploads\/2015\/04\/gustavo.jpeg\"><img loading=\"lazy\" class=\"alignnone  wp-image-1224\" src=\"https:\/\/correiosulgoiano.com.br\/wp-content\/uploads\/2015\/04\/gustavo.jpeg\" alt=\"gustavo\" width=\"69\" height=\"67\" \/><\/a>\u00a003\/06, quarta-feira, Gusttavo Lima;<\/span><\/p>\n<p><span style=\"font-family: Verdana, Geneva, sans-serif; font-size: 14pt; color: #000000;\"><a href=\"https:\/\/correiosulgoiano.com.br\/wp-content\/uploads\/2015\/04\/mato.jpg\"><img loading=\"lazy\" class=\"alignnone  wp-image-1225\" src=\"https:\/\/correiosulgoiano.com.br\/wp-content\/uploads\/2015\/04\/mato.jpg\" alt=\"mato\" width=\"69\" height=\"60\" srcset=\"https:\/\/correiosulgoiano.com.br\/wp-content\/uploads\/2015\/04\/mato.jpg 342w, https:\/\/correiosulgoiano.com.br\/wp-content\/uploads\/2015\/04\/mato-300x263.jpg 300w\" sizes=\"(max-width: 69px) 100vw, 69px\" \/><\/a>\u00a004\/06, quinta-feira, Matogrosso &amp; Mathias;<\/span><\/p>\n<p><span style=\"font-family: Verdana, Geneva, sans-serif; font-size: 14pt; color: #000000;\"><a href=\"https:\/\/correiosulgoiano.com.br\/wp-content\/uploads\/2015\/04\/joao-bosco.jpg\"><img loading=\"lazy\" class=\"alignnone  wp-image-1226\" src=\"https:\/\/correiosulgoiano.com.br\/wp-content\/uploads\/2015\/04\/joao-bosco.jpg\" alt=\"joao bosco\" width=\"69\" height=\"54\" \/><\/a>\u00a005\/06, sexta-feira, Jo\u00e3o Bosco &amp; Vinicius;<\/span><\/p>\n<p><span style=\"font-family: Verdana, Geneva, sans-serif; font-size: 14pt; color: #000000;\"><a href=\"https:\/\/correiosulgoiano.com.br\/wp-content\/uploads\/2015\/04\/lucco.jpg\"><img loading=\"lazy\" class=\"alignnone  wp-image-1227\" src=\"https:\/\/correiosulgoiano.com.br\/wp-content\/uploads\/2015\/04\/lucco.jpg\" alt=\"lucco\" width=\"69\" height=\"67\" \/><\/a>\u00a006\/06, s\u00e1bado, Lucas Lucco;<\/span><\/p>\n<p><span style=\"font-family: Verdana, Geneva, sans-serif; font-size: 14pt; color: #000000;\"><a href=\"https:\/\/correiosulgoiano.com.br\/wp-content\/uploads\/2015\/04\/bingo.jpg\"><img loading=\"lazy\" class=\"alignnone  wp-image-1228\" src=\"https:\/\/correiosulgoiano.com.br\/wp-content\/uploads\/2015\/04\/bingo.jpg\" alt=\"bingo\" width=\"69\" height=\"62\" \/><\/a>\u00a007\/06, domingo, sem show art\u00edstico, apenas o BINGO.<\/span><\/p>\n<p><a href=\"https:\/\/correiosulgoiano.com.br\/wp-content\/uploads\/2015\/03\/Mercotintas-Banner-Site-01.jpg\"><img loading=\"lazy\" class=\"alignnone  wp-image-885\" src=\"https:\/\/correiosulgoiano.com.br\/wp-content\/uploads\/2015\/03\/Mercotintas-Banner-Site-01.jpg\" alt=\"Mercotintas Banner Site - 01\" width=\"979\" height=\"122\" srcset=\"https:\/\/correiosulgoiano.com.br\/wp-content\/uploads\/2015\/03\/Mercotintas-Banner-Site-01.jpg 1172w, https:\/\/correiosulgoiano.com.br\/wp-content\/uploads\/2015\/03\/Mercotintas-Banner-Site-01-300x37.jpg 300w, https:\/\/correiosulgoiano.com.br\/wp-content\/uploads\/2015\/03\/Mercotintas-Banner-Site-01-1024x128.jpg 1024w\" sizes=\"(max-width: 979px) 100vw, 979px\" \/><\/a><\/p>\n","protected":false},"excerpt":{"rendered":"<p>A Sociedade Goiana de Pecu\u00e1ria e Agricultura, SGPA, divulgou as atra\u00e7\u00f5es musicais da 70\u00aa Festa Agropecu\u00e1ria de Goi\u00e2nia. RODEIO Al\u00e9m dos shows, a exposi\u00e7\u00e3o tamb\u00e9m contar\u00e1 com etapa oficial do \u201cRodei PBR\u201d \u2013 empresa americana que organiza a Copa do Mundo de Rodeio. Em Goi\u00e2nia a festa acontecer\u00e1 entre os dias 08 e 24 de &#8230;<\/p>\n","protected":false},"author":1,"featured_media":1214,"comment_status":"open","ping_status":"open","sticky":false,"template":"","format":"standard","meta":{"spay_email":"","jetpack_publicize_message":""},"categories":[1],"tags":[55,116,117,54,224,118,307,308],"jetpack_featured_media_url":"https:\/\/correiosulgoiano.com.br\/wp-content\/uploads\/2015\/04\/ExpoMorrinhos-Gyn.jpg","jetpack_publicize_connections":[],"_links":{"self":[{"href":"https:\/\/correiosulgoiano.com.br\/index.php?rest_route=\/wp\/v2\/posts\/1211"}],"collection":[{"href":"https:\/\/correiosulgoiano.com.br\/index.php?rest_route=\/wp\/v2\/posts"}],"about":[{"href":"https:\/\/correiosulgoiano.com.br\/index.php?rest_route=\/wp\/v2\/types\/post"}],"author":[{"embeddable":true,"href":"https:\/\/correiosulgoiano.com.br\/index.php?rest_route=\/wp\/v2\/users\/1"}],"replies":[{"embeddable":true,"href":"https:\/\/correiosulgoiano.com.br\/index.php?rest_route=%2Fwp%2Fv2%2Fcomments&post=1211"}],"version-history":[{"count":5,"href":"https:\/\/correiosulgoiano.com.br\/index.php?rest_route=\/wp\/v2\/posts\/1211\/revisions"}],"predecessor-version":[{"id":1230,"href":"https:\/\/correiosulgoiano.com.br\/index.php?rest_route=\/wp\/v2\/posts\/1211\/revisions\/1230"}],"wp:featuredmedia":[{"embeddable":true,"href":"https:\/\/correiosulgoiano.com.br\/index.php?rest_route=\/wp\/v2\/media\/1214"}],"wp:attachment":[{"href":"https:\/\/correiosulgoiano.com.br\/index.php?rest_route=%2Fwp%2Fv2%2Fmedia&parent=1211"}],"wp:term":[{"taxonomy":"category","embeddable":true,"href":"https:\/\/correiosulgoiano.com.br\/index.php?rest_route=%2Fwp%2Fv2%2Fcategories&post=1211"},{"taxonomy":"post_tag","embeddable":true,"href":"https:\/\/correiosulgoiano.com.br\/index.php?rest_route=%2Fwp%2Fv2%2Ftags&post=1211"}],"curies":[{"name":"wp","href":"https:\/\/api.w.org\/{rel}","templated":true}]}}