{"id":12430,"date":"2017-11-16T03:56:59","date_gmt":"2017-11-16T05:56:59","guid":{"rendered":"https:\/\/correiosulgoiano.com.br\/?p=12430"},"modified":"2017-11-16T03:56:59","modified_gmt":"2017-11-16T05:56:59","slug":"gepatri-da-policia-civil-descobre-desmonte-de-carros-e-recupera-um-veiculo-roubado-em-itumbiara","status":"publish","type":"post","link":"https:\/\/correiosulgoiano.com.br\/?p=12430","title":{"rendered":"GEPATRI da Pol\u00edcia Civil descobre desmonte de carros e recupera um ve\u00edculo roubado em Itumbiara"},"content":{"rendered":"<p><span style=\"font-size: 12pt; font-family: Verdana, Geneva, sans-serif; color: #000000;\">Ricardo Torres Chueire, Delegado Regional de Pol\u00edcia Civil, informou ao Correio Sul Goiano, que os policiais civis do GEPATRI, coordenados pelo Delegado Lucas Finholdt, localizaram desmanche de ve\u00edculos que funcionava no per\u00edmetro urbano de Itumbiara.<\/span><\/p>\n<p><a href=\"https:\/\/correiosulgoiano.com.br\/wp-content\/uploads\/2017\/11\/car1.jpg\"><img loading=\"lazy\" class=\" wp-image-12432 aligncenter\" src=\"https:\/\/correiosulgoiano.com.br\/wp-content\/uploads\/2017\/11\/car1.jpg\" alt=\"car1\" width=\"282\" height=\"376\" srcset=\"https:\/\/correiosulgoiano.com.br\/wp-content\/uploads\/2017\/11\/car1.jpg 750w, https:\/\/correiosulgoiano.com.br\/wp-content\/uploads\/2017\/11\/car1-225x300.jpg 225w\" sizes=\"(max-width: 282px) 100vw, 282px\" \/><\/a><\/p>\n<p><span style=\"font-size: 12pt; font-family: Verdana, Geneva, sans-serif; color: #000000;\">Na oportunidade, foi apreendido um ve\u00edculo roubado, que estava sendo desmontado no local.<\/span><\/p>\n<p><span style=\"font-size: 12pt; font-family: Verdana, Geneva, sans-serif; color: #000000;\">Ap\u00f3s investiga\u00e7\u00e3o policial, o Grupo Especial de Repress\u00e3o a Crimes Patrimoniais localizou um ve\u00edculo Chevrolet Prisma, cor preta, que havia sido roubado no bairro Santa In\u00eas, na noite de domingo, dia 12\/11\/17.<\/span><\/p>\n<p><a href=\"https:\/\/correiosulgoiano.com.br\/wp-content\/uploads\/2017\/11\/car3.jpg\"><img loading=\"lazy\" class=\" wp-image-12433 aligncenter\" src=\"https:\/\/correiosulgoiano.com.br\/wp-content\/uploads\/2017\/11\/car3.jpg\" alt=\"car3\" width=\"214\" height=\"285\" srcset=\"https:\/\/correiosulgoiano.com.br\/wp-content\/uploads\/2017\/11\/car3.jpg 960w, https:\/\/correiosulgoiano.com.br\/wp-content\/uploads\/2017\/11\/car3-225x300.jpg 225w, https:\/\/correiosulgoiano.com.br\/wp-content\/uploads\/2017\/11\/car3-768x1024.jpg 768w\" sizes=\"(max-width: 214px) 100vw, 214px\" \/><\/a><\/p>\n<p><span style=\"font-size: 12pt; font-family: Verdana, Geneva, sans-serif; color: #000000;\">A placa estava cortada, bem como a maioria dos sinais de identifica\u00e7\u00e3o, al\u00e9m das pe\u00e7as j\u00e1 terem sido removidas da carca\u00e7a.<\/span><\/p>\n<p><span style=\"font-size: 12pt; font-family: Verdana, Geneva, sans-serif; color: #000000;\">No local usado como desmanche, no Bairro Novo Horizonte, foram encontradas diversas pe\u00e7as sem proced\u00eancia de outros ve\u00edculos, como Hyundai Santa F\u00e9, Fiat Punto, entre outros.<\/span><\/p>\n<p><span style=\"font-size: 12pt; font-family: Verdana, Geneva, sans-serif; color: #000000;\">Foram encontrados bancos, volantes, c\u00e2mbio e lanternas.<\/span><\/p>\n<p><span style=\"font-size: 12pt; font-family: Verdana, Geneva, sans-serif; color: #000000;\">Os respons\u00e1veis pelo local j\u00e1 foram identificados e responder\u00e3o criminalmente pelos delitos de recepta\u00e7\u00e3o e adultera\u00e7\u00e3o de sinais de ve\u00edculo automotor.<\/span><\/p>\n<p><a href=\"https:\/\/correiosulgoiano.com.br\/wp-content\/uploads\/2017\/08\/Sabor-Natural-Para-Site.jpg\"><img loading=\"lazy\" class=\" wp-image-11982 aligncenter\" src=\"https:\/\/correiosulgoiano.com.br\/wp-content\/uploads\/2017\/08\/Sabor-Natural-Para-Site.jpg\" alt=\"Sabor Natural Para Site\" width=\"610\" height=\"229\" srcset=\"https:\/\/correiosulgoiano.com.br\/wp-content\/uploads\/2017\/08\/Sabor-Natural-Para-Site.jpg 800w, https:\/\/correiosulgoiano.com.br\/wp-content\/uploads\/2017\/08\/Sabor-Natural-Para-Site-300x113.jpg 300w\" sizes=\"(max-width: 610px) 100vw, 610px\" \/><\/a><\/p>\n","protected":false},"excerpt":{"rendered":"<p>Ricardo Torres Chueire, Delegado Regional de Pol\u00edcia Civil, informou ao Correio Sul Goiano, que os policiais civis do GEPATRI, coordenados pelo Delegado Lucas Finholdt, localizaram desmanche de ve\u00edculos que funcionava no per\u00edmetro urbano de Itumbiara. Na oportunidade, foi apreendido um ve\u00edculo roubado, que estava sendo desmontado no local. Ap\u00f3s investiga\u00e7\u00e3o policial, o Grupo Especial de &#8230;<\/p>\n","protected":false},"author":1,"featured_media":12431,"comment_status":"open","ping_status":"open","sticky":false,"template":"","format":"standard","meta":{"spay_email":"","jetpack_publicize_message":""},"categories":[1],"tags":[],"jetpack_featured_media_url":"https:\/\/correiosulgoiano.com.br\/wp-content\/uploads\/2017\/11\/car2.jpg","jetpack_publicize_connections":[],"_links":{"self":[{"href":"https:\/\/correiosulgoiano.com.br\/index.php?rest_route=\/wp\/v2\/posts\/12430"}],"collection":[{"href":"https:\/\/correiosulgoiano.com.br\/index.php?rest_route=\/wp\/v2\/posts"}],"about":[{"href":"https:\/\/correiosulgoiano.com.br\/index.php?rest_route=\/wp\/v2\/types\/post"}],"author":[{"embeddable":true,"href":"https:\/\/correiosulgoiano.com.br\/index.php?rest_route=\/wp\/v2\/users\/1"}],"replies":[{"embeddable":true,"href":"https:\/\/correiosulgoiano.com.br\/index.php?rest_route=%2Fwp%2Fv2%2Fcomments&post=12430"}],"version-history":[{"count":1,"href":"https:\/\/correiosulgoiano.com.br\/index.php?rest_route=\/wp\/v2\/posts\/12430\/revisions"}],"predecessor-version":[{"id":12434,"href":"https:\/\/correiosulgoiano.com.br\/index.php?rest_route=\/wp\/v2\/posts\/12430\/revisions\/12434"}],"wp:featuredmedia":[{"embeddable":true,"href":"https:\/\/correiosulgoiano.com.br\/index.php?rest_route=\/wp\/v2\/media\/12431"}],"wp:attachment":[{"href":"https:\/\/correiosulgoiano.com.br\/index.php?rest_route=%2Fwp%2Fv2%2Fmedia&parent=12430"}],"wp:term":[{"taxonomy":"category","embeddable":true,"href":"https:\/\/correiosulgoiano.com.br\/index.php?rest_route=%2Fwp%2Fv2%2Fcategories&post=12430"},{"taxonomy":"post_tag","embeddable":true,"href":"https:\/\/correiosulgoiano.com.br\/index.php?rest_route=%2Fwp%2Fv2%2Ftags&post=12430"}],"curies":[{"name":"wp","href":"https:\/\/api.w.org\/{rel}","templated":true}]}}