{"id":12890,"date":"2018-01-27T06:29:40","date_gmt":"2018-01-27T08:29:40","guid":{"rendered":"https:\/\/correiosulgoiano.com.br\/?p=12890"},"modified":"2018-01-27T06:31:22","modified_gmt":"2018-01-27T08:31:22","slug":"policia-prende-suspeito-de-trafico-de-drogas-em-morrinhos-e-apreende-entorpecentes-durante-flagrante","status":"publish","type":"post","link":"https:\/\/correiosulgoiano.com.br\/?p=12890","title":{"rendered":"Pol\u00edcia prende suspeito de tr\u00e1fico de drogas em Morrinhos e apreende entorpecentes durante flagrante"},"content":{"rendered":"<p><span style=\"font-size: 12pt; font-family: Verdana, Geneva, sans-serif; color: #000000;\">A Pol\u00edcia Civil de Morrinhos concluiu investiga\u00e7\u00e3o que era realizada a mais de um ano e finalmente conseguiu juntar elementos suficientes para prender WELLINGTON HONORATO DA SILVA, 37 anos, suspeito de tr\u00e1fico de drogas.<\/span><\/p>\n<p><span style=\"font-size: 12pt; font-family: Verdana, Geneva, sans-serif; color: #000000;\"><a href=\"https:\/\/correiosulgoiano.com.br\/wp-content\/uploads\/2018\/01\/PC-2.jpg\"><img loading=\"lazy\" class=\" wp-image-12892 alignleft\" src=\"https:\/\/correiosulgoiano.com.br\/wp-content\/uploads\/2018\/01\/PC-2.jpg\" alt=\"PC 2\" width=\"319\" height=\"284\" srcset=\"https:\/\/correiosulgoiano.com.br\/wp-content\/uploads\/2018\/01\/PC-2.jpg 575w, https:\/\/correiosulgoiano.com.br\/wp-content\/uploads\/2018\/01\/PC-2-300x267.jpg 300w\" sizes=\"(max-width: 319px) 100vw, 319px\" \/><\/a>O Delegado Fabiano Jacomelis informou que no m\u00eas de janeiro de 2017, foi iniciada a investiga\u00e7\u00e3o do crime de tr\u00e1fico de drogas, sendo que desde o in\u00edcio, os elementos de prova apontavam que Wellington estaria efetuando a comercializa\u00e7\u00e3o de crack e maconha em Morrinhos.<\/span><\/p>\n<p><span style=\"font-size: 12pt; font-family: Verdana, Geneva, sans-serif; color: #000000;\">No transcorrer da investiga\u00e7\u00e3o foram efetuadas v\u00e1rias dilig\u00eancias investigativas no intuito de descobrir onde os entorpecentes de Wellington estariam sendo ocultados, bem como se existia outras pessoas ligadas \u00e0 ele para o cometimento do il\u00edcito.<\/span><\/p>\n<p><span style=\"font-size: 12pt; font-family: Verdana, Geneva, sans-serif; color: #000000;\">Ap\u00f3s o levantamento de v\u00e1rias informa\u00e7\u00f5es, na quinta-feira, 25\/01\/2018, por volta das 16h00, foi poss\u00edvel flagrar o momento em que o suspeito estaria efetuando a comercializa\u00e7\u00e3o de por\u00e7\u00f5es de crack.<\/span><\/p>\n<p><span style=\"font-size: 12pt; font-family: Verdana, Geneva, sans-serif; color: #000000;\">Diante do fato, a equipe policial efetuou a abordagem de Wellington tendo sido encontrado com ele por\u00e7\u00f5es de crack que seriam comercializadas naquele momento.<\/span><\/p>\n<p><span style=\"font-size: 12pt; font-family: Verdana, Geneva, sans-serif; color: #000000;\">Em ato continuo, os policiais civis deslocaram para a resid\u00eancia do suspeito sendo que no local foi efetuada buscas, sendo poss\u00edvel efetuar a apreens\u00e3o de outras por\u00e7\u00f5es de crack e tamb\u00e9m por\u00e7\u00f5es de maconha, al\u00e9m de balan\u00e7as de precis\u00e3o e quantia em dinheiro oriundas do com\u00e9rcio ilegal de drogas.<\/span><\/p>\n<p><span style=\"font-size: 12pt; font-family: Verdana, Geneva, sans-serif; color: #000000;\">Sendo assim, foi dada voz de pris\u00e3o \u00e0 Wellington, sendo que ap\u00f3s a lavratura do auto de pris\u00e3o em flagrante, foi efetuada sua condu\u00e7\u00e3o \u00e0 Unidade Prisional Local.<\/span><\/p>\n<p><span style=\"font-size: 12pt; font-family: Verdana, Geneva, sans-serif; color: #000000;\">O delegado informou que o suspeito possui passagens pelos crimes de furto, roubo, tr\u00e1fico de drogas e posse de arma de fogo.<\/span><\/p>\n","protected":false},"excerpt":{"rendered":"<p>A Pol\u00edcia Civil de Morrinhos concluiu investiga\u00e7\u00e3o que era realizada a mais de um ano e finalmente conseguiu juntar elementos suficientes para prender WELLINGTON HONORATO DA SILVA, 37 anos, suspeito de tr\u00e1fico de drogas. O Delegado Fabiano Jacomelis informou que no m\u00eas de janeiro de 2017, foi iniciada a investiga\u00e7\u00e3o do crime de tr\u00e1fico de &#8230;<\/p>\n","protected":false},"author":1,"featured_media":12891,"comment_status":"open","ping_status":"open","sticky":false,"template":"","format":"standard","meta":{"spay_email":"","jetpack_publicize_message":""},"categories":[51],"tags":[],"jetpack_featured_media_url":"https:\/\/correiosulgoiano.com.br\/wp-content\/uploads\/2018\/01\/PC-1.jpg","jetpack_publicize_connections":[],"_links":{"self":[{"href":"https:\/\/correiosulgoiano.com.br\/index.php?rest_route=\/wp\/v2\/posts\/12890"}],"collection":[{"href":"https:\/\/correiosulgoiano.com.br\/index.php?rest_route=\/wp\/v2\/posts"}],"about":[{"href":"https:\/\/correiosulgoiano.com.br\/index.php?rest_route=\/wp\/v2\/types\/post"}],"author":[{"embeddable":true,"href":"https:\/\/correiosulgoiano.com.br\/index.php?rest_route=\/wp\/v2\/users\/1"}],"replies":[{"embeddable":true,"href":"https:\/\/correiosulgoiano.com.br\/index.php?rest_route=%2Fwp%2Fv2%2Fcomments&post=12890"}],"version-history":[{"count":1,"href":"https:\/\/correiosulgoiano.com.br\/index.php?rest_route=\/wp\/v2\/posts\/12890\/revisions"}],"predecessor-version":[{"id":12893,"href":"https:\/\/correiosulgoiano.com.br\/index.php?rest_route=\/wp\/v2\/posts\/12890\/revisions\/12893"}],"wp:featuredmedia":[{"embeddable":true,"href":"https:\/\/correiosulgoiano.com.br\/index.php?rest_route=\/wp\/v2\/media\/12891"}],"wp:attachment":[{"href":"https:\/\/correiosulgoiano.com.br\/index.php?rest_route=%2Fwp%2Fv2%2Fmedia&parent=12890"}],"wp:term":[{"taxonomy":"category","embeddable":true,"href":"https:\/\/correiosulgoiano.com.br\/index.php?rest_route=%2Fwp%2Fv2%2Fcategories&post=12890"},{"taxonomy":"post_tag","embeddable":true,"href":"https:\/\/correiosulgoiano.com.br\/index.php?rest_route=%2Fwp%2Fv2%2Ftags&post=12890"}],"curies":[{"name":"wp","href":"https:\/\/api.w.org\/{rel}","templated":true}]}}