{"id":13026,"date":"2018-02-07T15:16:45","date_gmt":"2018-02-07T17:16:45","guid":{"rendered":"https:\/\/correiosulgoiano.com.br\/?p=13026"},"modified":"2018-02-07T15:16:45","modified_gmt":"2018-02-07T17:16:45","slug":"policia-trabalha-para-identificar-mulher-encontrada-morta-em-morrinhos-e-descobrir-assassino","status":"publish","type":"post","link":"https:\/\/correiosulgoiano.com.br\/?p=13026","title":{"rendered":"Pol\u00edcia trabalha para identificar mulher encontrada morta em Morrinhos, e descobrir assassino!"},"content":{"rendered":"<p><span style=\"font-size: 12pt; font-family: Verdana, Geneva, sans-serif; color: #000000;\">Em Morrinhos a equipe de policiais civis chefiada pelo Delegado Dr. Fabiano Jacomelis segue com os trabalhos na tentativa de identificar a mulher que foi encontrada morta no setor S\u00e3o Francisco de Assis na manh\u00e3 de segunda-feira, dia 29\/01\/18.<\/span><\/p>\n<p><a href=\"https:\/\/correiosulgoiano.com.br\/wp-content\/uploads\/2017\/08\/Retifica-Uni\u00e3o-de-Motores-Fera.jpg\"><img loading=\"lazy\" class=\" wp-image-11979 aligncenter\" src=\"https:\/\/correiosulgoiano.com.br\/wp-content\/uploads\/2017\/08\/Retifica-Uni\u00e3o-de-Motores-Fera.jpg\" alt=\"\" width=\"475\" height=\"226\" srcset=\"https:\/\/correiosulgoiano.com.br\/wp-content\/uploads\/2017\/08\/Retifica-Uni\u00e3o-de-Motores-Fera.jpg 3191w, https:\/\/correiosulgoiano.com.br\/wp-content\/uploads\/2017\/08\/Retifica-Uni\u00e3o-de-Motores-Fera-300x143.jpg 300w, https:\/\/correiosulgoiano.com.br\/wp-content\/uploads\/2017\/08\/Retifica-Uni\u00e3o-de-Motores-Fera-1024x487.jpg 1024w\" sizes=\"(max-width: 475px) 100vw, 475px\" \/><\/a><\/p>\n<p><span style=\"font-size: 12pt; font-family: Verdana, Geneva, sans-serif; color: #000000;\">O corpo foi encontrado numa regi\u00e3o de mato, atr\u00e1s do cemit\u00e9rio S\u00e3o Francisco de Assis, com as roupas quase que arrancadas, evidenciando viol\u00eancia, e com sinais de espancamento na face e cr\u00e2nio.<\/span><\/p>\n<p><span style=\"font-size: 12pt; font-family: Verdana, Geneva, sans-serif; color: #000000;\">Aparentemente n\u00e3o havia sinais de tiros e nem de ferimentos por arma branca. Por\u00e9m, apenas o Laudo do IML \u00e9 que vai confirmar a causa da morte e poss\u00edveis ferimentos.<\/span><\/p>\n<p><a href=\"https:\/\/correiosulgoiano.com.br\/wp-content\/uploads\/2016\/11\/A-Astek.jpg\"><img loading=\"lazy\" class=\" wp-image-8954 aligncenter\" src=\"https:\/\/correiosulgoiano.com.br\/wp-content\/uploads\/2016\/11\/A-Astek.jpg\" alt=\"\" width=\"604\" height=\"147\" srcset=\"https:\/\/correiosulgoiano.com.br\/wp-content\/uploads\/2016\/11\/A-Astek.jpg 2127w, https:\/\/correiosulgoiano.com.br\/wp-content\/uploads\/2016\/11\/A-Astek-300x73.jpg 300w, https:\/\/correiosulgoiano.com.br\/wp-content\/uploads\/2016\/11\/A-Astek-1024x249.jpg 1024w\" sizes=\"(max-width: 604px) 100vw, 604px\" \/><\/a><\/p>\n<p><span style=\"font-size: 12pt; font-family: Verdana, Geneva, sans-serif; color: #000000;\">A mulher ainda n\u00e3o foi identificada. Ela n\u00e3o portava documentos, o que dificulta o trabalho das autoridades para confirmar sua identifica\u00e7\u00e3o. Por conta disso ainda n\u00e3o houve o sepultamento!<\/span><\/p>\n<p><span style=\"font-size: 12pt; font-family: Verdana, Geneva, sans-serif; color: #000000;\">Algumas pessoas que t\u00eam parentes do sexo feminino desaparecidas foram ao IML para fazer a identifica\u00e7\u00e3o do corpo imaginando ser algum familiar ou amigo, mas, todos descartaram ser seu parente.<\/span><\/p>\n<p><a href=\"https:\/\/correiosulgoiano.com.br\/wp-content\/uploads\/2018\/02\/VEJA.jpg\"><img loading=\"lazy\" class=\" wp-image-13024 aligncenter\" src=\"https:\/\/correiosulgoiano.com.br\/wp-content\/uploads\/2018\/02\/VEJA.jpg\" alt=\"\" width=\"293\" height=\"295\" srcset=\"https:\/\/correiosulgoiano.com.br\/wp-content\/uploads\/2018\/02\/VEJA.jpg 544w, https:\/\/correiosulgoiano.com.br\/wp-content\/uploads\/2018\/02\/VEJA-150x150.jpg 150w, https:\/\/correiosulgoiano.com.br\/wp-content\/uploads\/2018\/02\/VEJA-298x300.jpg 298w, https:\/\/correiosulgoiano.com.br\/wp-content\/uploads\/2018\/02\/VEJA-55x55.jpg 55w\" sizes=\"(max-width: 293px) 100vw, 293px\" \/><\/a><\/p>\n<p><span style=\"font-size: 12pt; font-family: Verdana, Geneva, sans-serif; color: #000000;\">H\u00e1 informa\u00e7\u00f5es de que a mulher morta passou alguns dias na regi\u00e3o central de Morrinhos, pedindo ajuda junto aos sem\u00e1foros e portas de supermercados. Mas, isso ainda n\u00e3o est\u00e1 confirmado.<\/span><\/p>\n<p><span style=\"font-size: 12pt; font-family: Verdana, Geneva, sans-serif; color: #000000;\">Todas as informa\u00e7\u00f5es est\u00e3o sendo checadas com cuidado pelos policiais civis de Morrinhos em investiga\u00e7\u00e3o supervisionada pelo delegado Fabiano Jacomelis.<\/span><\/p>\n<p><a href=\"https:\/\/correiosulgoiano.com.br\/wp-content\/uploads\/2018\/02\/02-02-18.jpg\"><img loading=\"lazy\" class=\" wp-image-13028 aligncenter\" src=\"https:\/\/correiosulgoiano.com.br\/wp-content\/uploads\/2018\/02\/02-02-18.jpg\" alt=\"\" width=\"436\" height=\"274\" srcset=\"https:\/\/correiosulgoiano.com.br\/wp-content\/uploads\/2018\/02\/02-02-18.jpg 4686w, https:\/\/correiosulgoiano.com.br\/wp-content\/uploads\/2018\/02\/02-02-18-300x188.jpg 300w, https:\/\/correiosulgoiano.com.br\/wp-content\/uploads\/2018\/02\/02-02-18-768x481.jpg 768w, https:\/\/correiosulgoiano.com.br\/wp-content\/uploads\/2018\/02\/02-02-18-1024x641.jpg 1024w\" sizes=\"(max-width: 436px) 100vw, 436px\" \/><\/a><\/p>\n<p><span style=\"font-size: 12pt; font-family: Verdana, Geneva, sans-serif; color: #000000;\">Por\u00e9m, \u00e9 preciso muita cautela, pois o caso \u00e9 delicado e ainda n\u00e3o h\u00e1 certezas que possam elucidar o homic\u00eddio.<\/span><\/p>\n<p><span style=\"font-size: 12pt; font-family: Verdana, Geneva, sans-serif; color: #000000;\">O delegado e seus agentes t\u00eam pistas e suspeitas importantes, por\u00e9m, o caso ainda n\u00e3o fechou.<\/span><\/p>\n<p><a href=\"https:\/\/correiosulgoiano.com.br\/wp-content\/uploads\/2017\/08\/Sabor-Natural-Para-Site.jpg\"><img loading=\"lazy\" class=\" wp-image-11982 aligncenter\" src=\"https:\/\/correiosulgoiano.com.br\/wp-content\/uploads\/2017\/08\/Sabor-Natural-Para-Site.jpg\" alt=\"\" width=\"439\" height=\"165\" srcset=\"https:\/\/correiosulgoiano.com.br\/wp-content\/uploads\/2017\/08\/Sabor-Natural-Para-Site.jpg 800w, https:\/\/correiosulgoiano.com.br\/wp-content\/uploads\/2017\/08\/Sabor-Natural-Para-Site-300x113.jpg 300w\" sizes=\"(max-width: 439px) 100vw, 439px\" \/><\/a><\/p>\n<p><span style=\"font-size: 12pt; font-family: Verdana, Geneva, sans-serif; color: #000000;\">Foram solicitados exames cadav\u00e9ricos para tentar identificar a v\u00edtima. Entre eles a compara\u00e7\u00e3o de digitais com o banco de dados das autoridades constitu\u00eddas, entre elas a Secretaria de Seguran\u00e7a P\u00fablica.<\/span><\/p>\n<p><span style=\"font-size: 12pt; font-family: Verdana, Geneva, sans-serif; color: #000000;\">Enquanto a pol\u00edcia civil segue trabalhando a comunidade aguarda curiosa para saber: Quem morreu? E quem matou?<\/span><\/p>\n<p>Leonardo Costa, da reda\u00e7\u00e3o, do Correio Sul Goiano.<\/p>\n<p><a href=\"https:\/\/correiosulgoiano.com.br\/wp-content\/uploads\/2016\/10\/MERCOTINTAS-MOSAICO-01.jpg\"><img loading=\"lazy\" class=\" wp-image-7854 aligncenter\" src=\"https:\/\/correiosulgoiano.com.br\/wp-content\/uploads\/2016\/10\/MERCOTINTAS-MOSAICO-01.jpg\" alt=\"\" width=\"414\" height=\"218\" srcset=\"https:\/\/correiosulgoiano.com.br\/wp-content\/uploads\/2016\/10\/MERCOTINTAS-MOSAICO-01.jpg 453w, https:\/\/correiosulgoiano.com.br\/wp-content\/uploads\/2016\/10\/MERCOTINTAS-MOSAICO-01-300x158.jpg 300w\" sizes=\"(max-width: 414px) 100vw, 414px\" \/><\/a><\/p>\n","protected":false},"excerpt":{"rendered":"<p>Em Morrinhos a equipe de policiais civis chefiada pelo Delegado Dr. Fabiano Jacomelis segue com os trabalhos na tentativa de identificar a mulher que foi encontrada morta no setor S\u00e3o Francisco de Assis na manh\u00e3 de segunda-feira, dia 29\/01\/18. O corpo foi encontrado numa regi\u00e3o de mato, atr\u00e1s do cemit\u00e9rio S\u00e3o Francisco de Assis, com &#8230;<\/p>\n","protected":false},"author":1,"featured_media":11929,"comment_status":"open","ping_status":"open","sticky":false,"template":"","format":"standard","meta":{"spay_email":"","jetpack_publicize_message":""},"categories":[51],"tags":[],"jetpack_featured_media_url":"https:\/\/correiosulgoiano.com.br\/wp-content\/uploads\/2017\/08\/IML-Hospital-Editado-site.jpg","jetpack_publicize_connections":[],"_links":{"self":[{"href":"https:\/\/correiosulgoiano.com.br\/index.php?rest_route=\/wp\/v2\/posts\/13026"}],"collection":[{"href":"https:\/\/correiosulgoiano.com.br\/index.php?rest_route=\/wp\/v2\/posts"}],"about":[{"href":"https:\/\/correiosulgoiano.com.br\/index.php?rest_route=\/wp\/v2\/types\/post"}],"author":[{"embeddable":true,"href":"https:\/\/correiosulgoiano.com.br\/index.php?rest_route=\/wp\/v2\/users\/1"}],"replies":[{"embeddable":true,"href":"https:\/\/correiosulgoiano.com.br\/index.php?rest_route=%2Fwp%2Fv2%2Fcomments&post=13026"}],"version-history":[{"count":1,"href":"https:\/\/correiosulgoiano.com.br\/index.php?rest_route=\/wp\/v2\/posts\/13026\/revisions"}],"predecessor-version":[{"id":13029,"href":"https:\/\/correiosulgoiano.com.br\/index.php?rest_route=\/wp\/v2\/posts\/13026\/revisions\/13029"}],"wp:featuredmedia":[{"embeddable":true,"href":"https:\/\/correiosulgoiano.com.br\/index.php?rest_route=\/wp\/v2\/media\/11929"}],"wp:attachment":[{"href":"https:\/\/correiosulgoiano.com.br\/index.php?rest_route=%2Fwp%2Fv2%2Fmedia&parent=13026"}],"wp:term":[{"taxonomy":"category","embeddable":true,"href":"https:\/\/correiosulgoiano.com.br\/index.php?rest_route=%2Fwp%2Fv2%2Fcategories&post=13026"},{"taxonomy":"post_tag","embeddable":true,"href":"https:\/\/correiosulgoiano.com.br\/index.php?rest_route=%2Fwp%2Fv2%2Ftags&post=13026"}],"curies":[{"name":"wp","href":"https:\/\/api.w.org\/{rel}","templated":true}]}}