{"id":13364,"date":"2018-03-14T21:57:26","date_gmt":"2018-03-15T00:57:26","guid":{"rendered":"https:\/\/correiosulgoiano.com.br\/?p=13364"},"modified":"2018-03-14T21:57:55","modified_gmt":"2018-03-15T00:57:55","slug":"programa-menor-aprendiz-do-pro-cidadao-da-secretaria-de-desenvolvimento-social-da-prefeitura-de-morrinhos-vence-premiacao-nacional","status":"publish","type":"post","link":"https:\/\/correiosulgoiano.com.br\/?p=13364","title":{"rendered":"Programa Menor Aprendiz do Pr\u00f3 Cidad\u00e3o da Secretaria de Desenvolvimento Social da Prefeitura de Morrinhos vence premia\u00e7\u00e3o nacional"},"content":{"rendered":"<p><span style=\"font-size: 12pt; font-family: Verdana, Geneva, sans-serif; color: #000000;\">Representantes dos 10 projetos finalistas do Pr\u00eamio Progredir apresentaram, nesta quarta-feira, 14\/03\/18, em Bras\u00edlia, suas iniciativas para uma comiss\u00e3o julgadora, e Morrinhos venceu na regi\u00e3o centro oeste na disputa com a cidade de Sorriso do Mato Grosso.<\/span><\/p>\n<p><a href=\"https:\/\/correiosulgoiano.com.br\/wp-content\/uploads\/2018\/03\/menor-1.jpg\"><img loading=\"lazy\" class=\"wp-image-13365 aligncenter\" src=\"https:\/\/correiosulgoiano.com.br\/wp-content\/uploads\/2018\/03\/menor-1.jpg\" alt=\"\" width=\"487\" height=\"323\" srcset=\"https:\/\/correiosulgoiano.com.br\/wp-content\/uploads\/2018\/03\/menor-1.jpg 1024w, https:\/\/correiosulgoiano.com.br\/wp-content\/uploads\/2018\/03\/menor-1-300x199.jpg 300w, https:\/\/correiosulgoiano.com.br\/wp-content\/uploads\/2018\/03\/menor-1-768x510.jpg 768w\" sizes=\"(max-width: 487px) 100vw, 487px\" \/><\/a><\/p>\n<p><span style=\"font-size: 12pt; font-family: Verdana, Geneva, sans-serif; color: #000000;\">Criada pelo Minist\u00e9rio do Desenvolvimento Social a premia\u00e7\u00e3o tem o objetivo de valorizar as a\u00e7\u00f5es desenvolvidas nos munic\u00edpios para a gera\u00e7\u00e3o de renda e a inclus\u00e3o de pessoas de baixa renda no mercado de trabalho.<\/span><\/p>\n<p>Ao final desta p\u00e1gina assista ao v\u00eddeo da apresenta\u00e7\u00e3o do Projeto de Morrinhos. Pr\u00f3 Cidad\u00e3o\/Menor Aprendiz.<\/p>\n<p><span style=\"font-size: 12pt; font-family: Verdana, Geneva, sans-serif; color: #000000;\">O projeto Pr\u00f3 Cidad\u00e3o desenvolvido pela Prefeitura de Morrinhos, via Secretaria Municipal de Desenvolvimento Social com o programa MENOR APRENDIZ venceu a disputa com a cidade de Sorriso que tamb\u00e9m apresentou um excelente trabalho, intitulado Projeto Mundo do Trabalho e que merece todo o nosso respeito e considera\u00e7\u00e3o tamb\u00e9m.<\/span><\/p>\n<p><a href=\"https:\/\/correiosulgoiano.com.br\/wp-content\/uploads\/2018\/03\/menor-2.jpg\"><img loading=\"lazy\" class=\"wp-image-13366 aligncenter\" src=\"https:\/\/correiosulgoiano.com.br\/wp-content\/uploads\/2018\/03\/menor-2.jpg\" alt=\"\" width=\"496\" height=\"329\" srcset=\"https:\/\/correiosulgoiano.com.br\/wp-content\/uploads\/2018\/03\/menor-2.jpg 1024w, https:\/\/correiosulgoiano.com.br\/wp-content\/uploads\/2018\/03\/menor-2-300x199.jpg 300w, https:\/\/correiosulgoiano.com.br\/wp-content\/uploads\/2018\/03\/menor-2-768x510.jpg 768w\" sizes=\"(max-width: 496px) 100vw, 496px\" \/><\/a><\/p>\n<p><span style=\"font-size: 12pt; font-family: Verdana, Geneva, sans-serif; color: #000000;\">Morrinhos foi a primeira cidade a se apresentar, na oportunidade foi mostrado a todos e a comiss\u00e3o julgadora tudo que \u00e9 realizado no projeto e tamb\u00e9m os frutos conquistados dentro do programa Menor Aprendiz.<\/span><\/p>\n<p><span style=\"font-size: 12pt; font-family: Verdana, Geneva, sans-serif; color: #000000;\">A comiss\u00e3o julgadora avaliou crit\u00e9rios como efic\u00e1cia, capacidade do projeto de se firmar e expandir e potencial de implementa\u00e7\u00e3o em outros munic\u00edpios.<\/span><\/p>\n<p><span style=\"font-size: 12pt; font-family: Verdana, Geneva, sans-serif; color: #000000;\">A comiss\u00e3o que foi\u00a0formada por professores universit\u00e1rios e representantes dos setores industrial, de tecnologia e do com\u00e9rcio julgou e decidiu que Morrinhos com o projeto Pr\u00f3 Cidad\u00e3o, Menor Aprendiz deveria ser o grande vencedor na regi\u00e3o Centro Oeste.<\/span><\/p>\n<p><span style=\"font-size: 12pt; font-family: Verdana, Geneva, sans-serif; color: #000000;\">Morrinhos obteve 88 pontos, contra 82,9 pontos do projeto de Sorriso de Mato Grosso.<\/span><\/p>\n<p>Ao final desta p\u00e1gina assista ao v\u00eddeo da apresenta\u00e7\u00e3o do Projeto de Morrinhos. Pr\u00f3 Cidad\u00e3o\/Menor Aprendiz.<\/p>\n<p><a href=\"https:\/\/correiosulgoiano.com.br\/wp-content\/uploads\/2018\/03\/menor-5.jpeg\"><img loading=\"lazy\" class=\" wp-image-13367 aligncenter\" src=\"https:\/\/correiosulgoiano.com.br\/wp-content\/uploads\/2018\/03\/menor-5.jpeg\" alt=\"\" width=\"495\" height=\"279\" srcset=\"https:\/\/correiosulgoiano.com.br\/wp-content\/uploads\/2018\/03\/menor-5.jpeg 1024w, https:\/\/correiosulgoiano.com.br\/wp-content\/uploads\/2018\/03\/menor-5-300x169.jpeg 300w, https:\/\/correiosulgoiano.com.br\/wp-content\/uploads\/2018\/03\/menor-5-768x433.jpeg 768w\" sizes=\"(max-width: 495px) 100vw, 495px\" \/><\/a><\/p>\n<p><span style=\"font-size: 12pt; font-family: Verdana, Geneva, sans-serif; color: #000000;\">Com a vit\u00f3ria o projeto Social de Morrinhos vai receber um pr\u00eamio na forma de conv\u00eanio com o minist\u00e9rio no valor de at\u00e9 R$ 1 milh\u00e3o de reais para amplia\u00e7\u00e3o ou implementa\u00e7\u00e3o de novas a\u00e7\u00f5es.<\/span><\/p>\n<p><span style=\"font-size: 12pt; font-family: Verdana, Geneva, sans-serif; color: #000000;\">O Ministro do Desenvolvimento Social, Osmar Terra parabenizou Morrinhos e o prefeito Rog\u00e9rio Troncoso pelo empenho e por sempre fortalecer os projetos sociais de inclus\u00e3o e gera\u00e7\u00e3o de empregos.<\/span><\/p>\n<p><span style=\"font-size: 12pt; font-family: Verdana, Geneva, sans-serif; color: #000000;\"><a href=\"https:\/\/correiosulgoiano.com.br\/wp-content\/uploads\/2018\/03\/a.jpg\"><img loading=\"lazy\" class=\"wp-image-13368 alignleft\" src=\"https:\/\/correiosulgoiano.com.br\/wp-content\/uploads\/2018\/03\/a.jpg\" alt=\"\" width=\"234\" height=\"176\" \/><\/a>O prefeito Rog\u00e9rio Troncoso disse que o projeto Menor Aprendiz do Pr\u00f3 Cidad\u00e3o sempre contribuiu para que as fam\u00edlias em situa\u00e7\u00e3o de vulnerabilidade tenham alguma chance de inser\u00e7\u00e3o no mercado de trabalho.<\/span><\/p>\n<p><span style=\"font-size: 12pt; font-family: Verdana, Geneva, sans-serif; color: #000000;\">\u201cEsse nosso projeto, que j\u00e1 existe desde de 94 \u00e9 muito importante para nossos jovens e principalmente para a gera\u00e7\u00e3o atual de jovens, que vivem nas fam\u00edlias de baixa renda, terem oportunidade de buscarem um futuro melhor com o nosso apoio. Estamos felizes por receber essa premia\u00e7\u00e3o pois nossa equipe procura sempre buscar novas iniciativas mais significativas para nosso munic\u00edpio, mostrando sempre que existe um caminho melhor\u201d, destacou o prefeito Rog\u00e9rio Troncoso.<\/span><\/p>\n<p><span style=\"font-size: 12pt; font-family: Verdana, Geneva, sans-serif; color: #000000;\">Ao todo, 384 projetos de todas as regi\u00f5es do pa\u00eds foram inscritos no Pr\u00eamio Progredir, sendo que 10 foram selecionados para a final.<\/span><\/p>\n<p><span style=\"font-size: 12pt; font-family: Verdana, Geneva, sans-serif; color: #000000;\">S\u00e3o iniciativas que promovem o acesso ao mercado de trabalho de jovens, adultos e pessoas com defici\u00eancia, gera\u00e7\u00e3o de emprego e renda, qualifica\u00e7\u00e3o profissional e sustentabilidade.<\/span><\/p>\n<p><span style=\"font-size: 12pt; font-family: Verdana, Geneva, sans-serif; color: #000000;\">A cerim\u00f4nia de entrega do Pr\u00eamio Progredir ser\u00e1 na noite desta quinta-feira, 15\/03\/18, em Bras\u00edlia, com a participa\u00e7\u00e3o de todos os vencedores, do ministro Osmar Terra, prefeitos e outras autoridades.<\/span><\/p>\n<p>Agora, assista ao v\u00eddeo da apresenta\u00e7\u00e3o do Projeto de Morrinhos. Pr\u00f3 Cidad\u00e3o\/Menor Aprendiz.<\/p>\n<p><span class=\"embed-youtube\" style=\"text-align:center; display: block;\"><iframe class='youtube-player' type='text\/html' width='618' height='348' src='https:\/\/www.youtube.com\/embed\/259lwoX3Xd4?version=3&#038;rel=1&#038;fs=1&#038;autohide=2&#038;showsearch=0&#038;showinfo=1&#038;iv_load_policy=1&#038;wmode=transparent' allowfullscreen='true' style='border:0;'><\/iframe><\/span><\/p>\n<p>&nbsp;<\/p>\n","protected":false},"excerpt":{"rendered":"<p>Representantes dos 10 projetos finalistas do Pr\u00eamio Progredir apresentaram, nesta quarta-feira, 14\/03\/18, em Bras\u00edlia, suas iniciativas para uma comiss\u00e3o julgadora, e Morrinhos venceu na regi\u00e3o centro oeste na disputa com a cidade de Sorriso do Mato Grosso. Criada pelo Minist\u00e9rio do Desenvolvimento Social a premia\u00e7\u00e3o tem o objetivo de valorizar as a\u00e7\u00f5es desenvolvidas nos munic\u00edpios &#8230;<\/p>\n","protected":false},"author":1,"featured_media":13365,"comment_status":"open","ping_status":"open","sticky":false,"template":"","format":"standard","meta":{"spay_email":"","jetpack_publicize_message":""},"categories":[46],"tags":[1056,56,1057],"jetpack_featured_media_url":"https:\/\/correiosulgoiano.com.br\/wp-content\/uploads\/2018\/03\/menor-1.jpg","jetpack_publicize_connections":[],"_links":{"self":[{"href":"https:\/\/correiosulgoiano.com.br\/index.php?rest_route=\/wp\/v2\/posts\/13364"}],"collection":[{"href":"https:\/\/correiosulgoiano.com.br\/index.php?rest_route=\/wp\/v2\/posts"}],"about":[{"href":"https:\/\/correiosulgoiano.com.br\/index.php?rest_route=\/wp\/v2\/types\/post"}],"author":[{"embeddable":true,"href":"https:\/\/correiosulgoiano.com.br\/index.php?rest_route=\/wp\/v2\/users\/1"}],"replies":[{"embeddable":true,"href":"https:\/\/correiosulgoiano.com.br\/index.php?rest_route=%2Fwp%2Fv2%2Fcomments&post=13364"}],"version-history":[{"count":1,"href":"https:\/\/correiosulgoiano.com.br\/index.php?rest_route=\/wp\/v2\/posts\/13364\/revisions"}],"predecessor-version":[{"id":13369,"href":"https:\/\/correiosulgoiano.com.br\/index.php?rest_route=\/wp\/v2\/posts\/13364\/revisions\/13369"}],"wp:featuredmedia":[{"embeddable":true,"href":"https:\/\/correiosulgoiano.com.br\/index.php?rest_route=\/wp\/v2\/media\/13365"}],"wp:attachment":[{"href":"https:\/\/correiosulgoiano.com.br\/index.php?rest_route=%2Fwp%2Fv2%2Fmedia&parent=13364"}],"wp:term":[{"taxonomy":"category","embeddable":true,"href":"https:\/\/correiosulgoiano.com.br\/index.php?rest_route=%2Fwp%2Fv2%2Fcategories&post=13364"},{"taxonomy":"post_tag","embeddable":true,"href":"https:\/\/correiosulgoiano.com.br\/index.php?rest_route=%2Fwp%2Fv2%2Ftags&post=13364"}],"curies":[{"name":"wp","href":"https:\/\/api.w.org\/{rel}","templated":true}]}}