{"id":13595,"date":"2018-05-28T03:10:50","date_gmt":"2018-05-28T06:10:50","guid":{"rendered":"https:\/\/correiosulgoiano.com.br\/?p=13595"},"modified":"2018-05-28T03:10:50","modified_gmt":"2018-05-28T06:10:50","slug":"setimo-suicidio-e-registrado-em-morrinhos-em-2018-homem-de-32-anos-se-mata-por-enforcamento","status":"publish","type":"post","link":"https:\/\/correiosulgoiano.com.br\/?p=13595","title":{"rendered":"S\u00e9timo Suic\u00eddio \u00e9 registrado em Morrinhos, em 2018. Homem de 32 anos se mata por enforcamento!"},"content":{"rendered":"<p><span style=\"font-size: 12pt; font-family: Verdana, Geneva, sans-serif; color: #000000;\">O Correio Sul Goiano foi informado que a tarde de domingo, 27\/05, se aproximava do fim e a noite chegava quando o Cobom 193 do Corpo de Bombeiros foi acionado para socorrer a uma v\u00edtima de autoexterm\u00ednio.<\/span><\/p>\n<p><span style=\"font-size: 12pt; font-family: Verdana, Geneva, sans-serif; color: #000000;\">A tentativa era salvar a vida de Douglas Andrade da Rosa, de 32 anos, mas infelizmente nem mesmo todo empenho da corpora\u00e7\u00e3o foi suficiente.<\/span><\/p>\n<p><span style=\"font-size: 12pt; font-family: Verdana, Geneva, sans-serif; color: #000000;\">Douglas foi encontrado pendurado em uma corda e acabou morrendo por enforcamento em uma casa \u00e0 Rua Napoli no Jardim Romano.<\/span><\/p>\n<p><a href=\"https:\/\/correiosulgoiano.com.br\/wp-content\/uploads\/2018\/05\/DOUGLAS-01.jpg\"><img loading=\"lazy\" class=\" wp-image-13597 aligncenter\" src=\"https:\/\/correiosulgoiano.com.br\/wp-content\/uploads\/2018\/05\/DOUGLAS-01.jpg\" alt=\"\" width=\"354\" height=\"199\" srcset=\"https:\/\/correiosulgoiano.com.br\/wp-content\/uploads\/2018\/05\/DOUGLAS-01.jpg 720w, https:\/\/correiosulgoiano.com.br\/wp-content\/uploads\/2018\/05\/DOUGLAS-01-300x169.jpg 300w\" sizes=\"(max-width: 354px) 100vw, 354px\" \/><\/a><\/p>\n<p><span style=\"font-size: 12pt; font-family: Verdana, Geneva, sans-serif; color: #000000;\">O Correio Sul Goiano tamb\u00e9m apurou que a Pol\u00edcia Militar compareceu ao local e descobriu que Douglas havia escrito uma carta minutos antes de tentar contra a pr\u00f3pria vida, explicando os motivos pelos quais cometeu o suic\u00eddio.<\/span><\/p>\n<p><span style=\"font-size: 12pt; font-family: Verdana, Geneva, sans-serif; color: #000000;\">Por ser documento sigiloso que far\u00e1 parte do inqu\u00e9rito da Pol\u00edcia Civil, nossa equipe n\u00e3o teve acesso ao conte\u00fado da carta.<\/span><\/p>\n<p><span style=\"font-size: 12pt; font-family: Verdana, Geneva, sans-serif; color: #000000;\">Douglas foi levado ao Hospital Municipal de Morrinhos, onde o \u00f3bito foi confirmado pela equipe m\u00e9dica do plant\u00e3o.<\/span><\/p>\n<p><span style=\"font-size: 12pt; font-family: Verdana, Geneva, sans-serif; color: #000000;\">Seu corpo ser\u00e1 transladado para sua cidade de origem, Cruz Alta, no Rio Grande do Sul, onde moram seus familiares.<\/span><\/p>\n<p><span style=\"font-size: 12pt; font-family: Verdana, Geneva, sans-serif; color: #000000;\">Este \u00e9 o s\u00e9timo suic\u00eddio em Morrinhos em menos de 5 meses, deste ano.<\/span><\/p>\n<p><span style=\"font-size: 12pt; font-family: Verdana, Geneva, sans-serif; color: #000000;\">Lamentamos profundamente o fato.<\/span><\/p>\n<p>Leonardo Costa, da reda\u00e7\u00e3o do Correio Sul Goiano, com informa\u00e7\u00f5es do Corpo de Bombeiros e da Pol\u00edcia Militar.<\/p>\n","protected":false},"excerpt":{"rendered":"<p>O Correio Sul Goiano foi informado que a tarde de domingo, 27\/05, se aproximava do fim e a noite chegava quando o Cobom 193 do Corpo de Bombeiros foi acionado para socorrer a uma v\u00edtima de autoexterm\u00ednio. A tentativa era salvar a vida de Douglas Andrade da Rosa, de 32 anos, mas infelizmente nem mesmo &#8230;<\/p>\n","protected":false},"author":1,"featured_media":13596,"comment_status":"open","ping_status":"open","sticky":false,"template":"","format":"standard","meta":{"spay_email":"","jetpack_publicize_message":""},"categories":[46],"tags":[],"jetpack_featured_media_url":"https:\/\/correiosulgoiano.com.br\/wp-content\/uploads\/2018\/05\/editada-1.jpg","jetpack_publicize_connections":[],"_links":{"self":[{"href":"https:\/\/correiosulgoiano.com.br\/index.php?rest_route=\/wp\/v2\/posts\/13595"}],"collection":[{"href":"https:\/\/correiosulgoiano.com.br\/index.php?rest_route=\/wp\/v2\/posts"}],"about":[{"href":"https:\/\/correiosulgoiano.com.br\/index.php?rest_route=\/wp\/v2\/types\/post"}],"author":[{"embeddable":true,"href":"https:\/\/correiosulgoiano.com.br\/index.php?rest_route=\/wp\/v2\/users\/1"}],"replies":[{"embeddable":true,"href":"https:\/\/correiosulgoiano.com.br\/index.php?rest_route=%2Fwp%2Fv2%2Fcomments&post=13595"}],"version-history":[{"count":1,"href":"https:\/\/correiosulgoiano.com.br\/index.php?rest_route=\/wp\/v2\/posts\/13595\/revisions"}],"predecessor-version":[{"id":13598,"href":"https:\/\/correiosulgoiano.com.br\/index.php?rest_route=\/wp\/v2\/posts\/13595\/revisions\/13598"}],"wp:featuredmedia":[{"embeddable":true,"href":"https:\/\/correiosulgoiano.com.br\/index.php?rest_route=\/wp\/v2\/media\/13596"}],"wp:attachment":[{"href":"https:\/\/correiosulgoiano.com.br\/index.php?rest_route=%2Fwp%2Fv2%2Fmedia&parent=13595"}],"wp:term":[{"taxonomy":"category","embeddable":true,"href":"https:\/\/correiosulgoiano.com.br\/index.php?rest_route=%2Fwp%2Fv2%2Fcategories&post=13595"},{"taxonomy":"post_tag","embeddable":true,"href":"https:\/\/correiosulgoiano.com.br\/index.php?rest_route=%2Fwp%2Fv2%2Ftags&post=13595"}],"curies":[{"name":"wp","href":"https:\/\/api.w.org\/{rel}","templated":true}]}}