{"id":13787,"date":"2018-09-06T03:22:31","date_gmt":"2018-09-06T06:22:31","guid":{"rendered":"https:\/\/correiosulgoiano.com.br\/?p=13787"},"modified":"2018-09-06T03:22:31","modified_gmt":"2018-09-06T06:22:31","slug":"motociclista-morre-na-sombra-da-mata-na-br-153-morrinhos-apos-colidir-na-traseira-de-uma-carreta","status":"publish","type":"post","link":"https:\/\/correiosulgoiano.com.br\/?p=13787","title":{"rendered":"Motociclista morre na Sombra da Mata, na BR-153, Morrinhos, ap\u00f3s colidir na traseira de uma carreta!"},"content":{"rendered":"<p><span style=\"font-size: 12pt; font-family: Verdana, Geneva, sans-serif; color: #000000;\">Um jovem motociclista colidiu na traseira de uma carreta e morreu na rodovia BR-153.<\/span><\/p>\n<p><span style=\"font-size: 12pt; font-family: Verdana, Geneva, sans-serif; color: #000000;\">O Correio Sul Goiano apurou que foi no Km 631, na regi\u00e3o conhecida como Sombra da Mata, no munic\u00edpio de Morrinhos, por volta das 17h00 desta ter\u00e7a-feira, 04\/09\/18.<\/span><\/p>\n<p><a href=\"https:\/\/correiosulgoiano.com.br\/wp-content\/uploads\/2018\/09\/MAXUEL-04.jpg\"><img loading=\"lazy\" class=\" wp-image-13789 aligncenter\" src=\"https:\/\/correiosulgoiano.com.br\/wp-content\/uploads\/2018\/09\/MAXUEL-04.jpg\" alt=\"\" width=\"431\" height=\"243\" srcset=\"https:\/\/correiosulgoiano.com.br\/wp-content\/uploads\/2018\/09\/MAXUEL-04.jpg 996w, https:\/\/correiosulgoiano.com.br\/wp-content\/uploads\/2018\/09\/MAXUEL-04-300x169.jpg 300w, https:\/\/correiosulgoiano.com.br\/wp-content\/uploads\/2018\/09\/MAXUEL-04-768x432.jpg 768w\" sizes=\"(max-width: 431px) 100vw, 431px\" \/><\/a><\/p>\n<p><span style=\"font-size: 12pt; font-family: Verdana, Geneva, sans-serif; color: #000000;\">A Pol\u00edcia Rodovi\u00e1ria Federal compareceu rapidamente ao local, sinalizou a pista e deu seguran\u00e7a aos trabalhadores da SMR Triunfo Concebra e aos demais usu\u00e1rios da via que trafegavam pela rodovia.<\/span><\/p>\n<p><span style=\"font-size: 12pt; font-family: Verdana, Geneva, sans-serif; color: #000000;\">Os socorristas da SMR chegaram r\u00e1pido ao local, mas, infelizmente j\u00e1 encontraram o motociclista sem vida.<\/span><\/p>\n<p><a href=\"https:\/\/correiosulgoiano.com.br\/wp-content\/uploads\/2018\/09\/MAXUEL-05.jpg\"><img loading=\"lazy\" class=\" wp-image-13790 aligncenter\" src=\"https:\/\/correiosulgoiano.com.br\/wp-content\/uploads\/2018\/09\/MAXUEL-05.jpg\" alt=\"\" width=\"431\" height=\"242\" srcset=\"https:\/\/correiosulgoiano.com.br\/wp-content\/uploads\/2018\/09\/MAXUEL-05.jpg 996w, https:\/\/correiosulgoiano.com.br\/wp-content\/uploads\/2018\/09\/MAXUEL-05-300x169.jpg 300w, https:\/\/correiosulgoiano.com.br\/wp-content\/uploads\/2018\/09\/MAXUEL-05-768x432.jpg 768w\" sizes=\"(max-width: 431px) 100vw, 431px\" \/><\/a><\/p>\n<p><span style=\"font-size: 12pt; font-family: Verdana, Geneva, sans-serif; color: #000000;\">A Pol\u00edcia T\u00e9cnico Cient\u00edfica foi acionada e compareceu para a coleta de dados e informa\u00e7\u00f5es para que os peritos do IML pudessem retirar o corpo.<\/span><\/p>\n<p><span style=\"font-size: 12pt; font-family: Verdana, Geneva, sans-serif; color: #000000;\">O motociclista \u00e9 Maxwuel Fernandes de Castro, natural de Uberl\u00e2ndia-MG, mas morava em Morrinhos.<\/span><\/p>\n<p><span style=\"font-size: 12pt; font-family: Verdana, Geneva, sans-serif; color: #000000;\"><a href=\"https:\/\/correiosulgoiano.com.br\/wp-content\/uploads\/2018\/09\/MAXUEL-01.jpg\"><img loading=\"lazy\" class=\" wp-image-13791 alignleft\" src=\"https:\/\/correiosulgoiano.com.br\/wp-content\/uploads\/2018\/09\/MAXUEL-01.jpg\" alt=\"\" width=\"225\" height=\"337\" srcset=\"https:\/\/correiosulgoiano.com.br\/wp-content\/uploads\/2018\/09\/MAXUEL-01.jpg 555w, https:\/\/correiosulgoiano.com.br\/wp-content\/uploads\/2018\/09\/MAXUEL-01-200x300.jpg 200w\" sizes=\"(max-width: 225px) 100vw, 225px\" \/><\/a>O Correio Sul Goiano apurou que ele completaria 33 anos no dia 7 de setembro, sexta-feira desta semana.<\/span><\/p>\n<p><span style=\"font-size: 12pt; font-family: Verdana, Geneva, sans-serif; color: #000000;\">Pessoas que passaram pelo local e conhecem o rapaz disseram ao nosso redator que ele \u00e9 morador de uma propriedade rural no munic\u00edpio de Morrinhos e trabalhava em fazendas.<\/span><\/p>\n<p><span style=\"font-size: 12pt; font-family: Verdana, Geneva, sans-serif; color: #000000;\">H\u00e1 informa\u00e7\u00f5es at\u00e9 mesmo de que ele trabalhava na feira aos domingos, onde vendia os produtos que produzia no dia a dia de seu trabalho.<\/span><\/p>\n<p><span style=\"font-size: 12pt; font-family: Verdana, Geneva, sans-serif; color: #000000;\">Ainda n\u00e3o se sabe o que aconteceu para que ele colidisse na traseira do caminh\u00e3o.<\/span><\/p>\n<p><span style=\"font-size: 12pt; font-family: Verdana, Geneva, sans-serif; color: #000000;\">O motorista da carreta disse que trafegava normalmente quando de repente sentiu o caminh\u00e3o balan\u00e7ar de um modo diferente e pelo retrovisor viu o motociclista caindo. Foi quando parou o caminh\u00e3o para ver o que de fato aconteceu.<\/span><\/p>\n<p><span style=\"font-size: 12pt; font-family: Verdana, Geneva, sans-serif; color: #000000;\">O caminh\u00e3o transportava adubo e vinha de Catal\u00e3o-GO com destino a uma propriedade rural aqui no sul goiano.<\/span><\/p>\n<p><span style=\"font-size: 12pt; font-family: Verdana, Geneva, sans-serif; color: #000000;\">Ele trafegava no sentido Morrinhos para Goiatuba.<\/span><\/p>\n<p><span style=\"font-size: 12pt; font-family: Verdana, Geneva, sans-serif; color: #000000;\">Leonardo Costa, da Reda\u00e7\u00e3o do Correio Sul Goiano!!!<\/span><\/p>\n<p><a href=\"https:\/\/correiosulgoiano.com.br\/wp-content\/uploads\/2018\/09\/5ya.jpg\"><img loading=\"lazy\" class=\" wp-image-13767 aligncenter\" src=\"https:\/\/correiosulgoiano.com.br\/wp-content\/uploads\/2018\/09\/5ya.jpg\" alt=\"\" width=\"389\" height=\"532\" srcset=\"https:\/\/correiosulgoiano.com.br\/wp-content\/uploads\/2018\/09\/5ya.jpg 471w, https:\/\/correiosulgoiano.com.br\/wp-content\/uploads\/2018\/09\/5ya-219x300.jpg 219w\" sizes=\"(max-width: 389px) 100vw, 389px\" \/><\/a><\/p>\n","protected":false},"excerpt":{"rendered":"<p>Um jovem motociclista colidiu na traseira de uma carreta e morreu na rodovia BR-153. O Correio Sul Goiano apurou que foi no Km 631, na regi\u00e3o conhecida como Sombra da Mata, no munic\u00edpio de Morrinhos, por volta das 17h00 desta ter\u00e7a-feira, 04\/09\/18. A Pol\u00edcia Rodovi\u00e1ria Federal compareceu rapidamente ao local, sinalizou a pista e deu &#8230;<\/p>\n","protected":false},"author":1,"featured_media":13788,"comment_status":"open","ping_status":"open","sticky":false,"template":"","format":"standard","meta":{"spay_email":"","jetpack_publicize_message":""},"categories":[48],"tags":[],"jetpack_featured_media_url":"https:\/\/correiosulgoiano.com.br\/wp-content\/uploads\/2018\/09\/MAXUEL-06.jpg","jetpack_publicize_connections":[],"_links":{"self":[{"href":"https:\/\/correiosulgoiano.com.br\/index.php?rest_route=\/wp\/v2\/posts\/13787"}],"collection":[{"href":"https:\/\/correiosulgoiano.com.br\/index.php?rest_route=\/wp\/v2\/posts"}],"about":[{"href":"https:\/\/correiosulgoiano.com.br\/index.php?rest_route=\/wp\/v2\/types\/post"}],"author":[{"embeddable":true,"href":"https:\/\/correiosulgoiano.com.br\/index.php?rest_route=\/wp\/v2\/users\/1"}],"replies":[{"embeddable":true,"href":"https:\/\/correiosulgoiano.com.br\/index.php?rest_route=%2Fwp%2Fv2%2Fcomments&post=13787"}],"version-history":[{"count":1,"href":"https:\/\/correiosulgoiano.com.br\/index.php?rest_route=\/wp\/v2\/posts\/13787\/revisions"}],"predecessor-version":[{"id":13792,"href":"https:\/\/correiosulgoiano.com.br\/index.php?rest_route=\/wp\/v2\/posts\/13787\/revisions\/13792"}],"wp:featuredmedia":[{"embeddable":true,"href":"https:\/\/correiosulgoiano.com.br\/index.php?rest_route=\/wp\/v2\/media\/13788"}],"wp:attachment":[{"href":"https:\/\/correiosulgoiano.com.br\/index.php?rest_route=%2Fwp%2Fv2%2Fmedia&parent=13787"}],"wp:term":[{"taxonomy":"category","embeddable":true,"href":"https:\/\/correiosulgoiano.com.br\/index.php?rest_route=%2Fwp%2Fv2%2Fcategories&post=13787"},{"taxonomy":"post_tag","embeddable":true,"href":"https:\/\/correiosulgoiano.com.br\/index.php?rest_route=%2Fwp%2Fv2%2Ftags&post=13787"}],"curies":[{"name":"wp","href":"https:\/\/api.w.org\/{rel}","templated":true}]}}