{"id":13815,"date":"2018-09-15T10:04:42","date_gmt":"2018-09-15T13:04:42","guid":{"rendered":"https:\/\/correiosulgoiano.com.br\/?p=13815"},"modified":"2018-09-15T10:04:42","modified_gmt":"2018-09-15T13:04:42","slug":"homicidio-em-morrinhos-homem-mata-outro-com-golpe-de-faca-na-madrugada-de-sabado-15-09-18","status":"publish","type":"post","link":"https:\/\/correiosulgoiano.com.br\/?p=13815","title":{"rendered":"HOMIC\u00cdDIO EM MORRINHOS: Homem mata outro com golpe de faca na madrugada de s\u00e1bado, 15\/09\/18"},"content":{"rendered":"<p><span style=\"font-size: 12pt; font-family: Verdana, Geneva, sans-serif; color: #000000;\">Em patrulhamento pelas ruas da cidade uma equipe da Pol\u00edcia Militar flagrou um crime de homic\u00eddio doloso ma madrugada de s\u00e1bado.<\/span><\/p>\n<p><a href=\"https:\/\/correiosulgoiano.com.br\/wp-content\/uploads\/2016\/11\/A-Astek.jpg\"><img loading=\"lazy\" class=\"wp-image-8954 aligncenter\" src=\"https:\/\/correiosulgoiano.com.br\/wp-content\/uploads\/2016\/11\/A-Astek.jpg\" alt=\"\" width=\"572\" height=\"139\" srcset=\"https:\/\/correiosulgoiano.com.br\/wp-content\/uploads\/2016\/11\/A-Astek.jpg 2127w, https:\/\/correiosulgoiano.com.br\/wp-content\/uploads\/2016\/11\/A-Astek-300x73.jpg 300w, https:\/\/correiosulgoiano.com.br\/wp-content\/uploads\/2016\/11\/A-Astek-1024x249.jpg 1024w\" sizes=\"(max-width: 572px) 100vw, 572px\" \/><\/a><\/p>\n<p><span style=\"font-size: 12pt; font-family: Verdana, Geneva, sans-serif; color: #000000;\">O Correio Sul Goiano apurou que j\u00e1 era pr\u00f3ximo de 01h30 da madrugada deste s\u00e1bado, 15\/09\/18, quando em patrulhamento pela Rua Rio de Janeiro, os policiais avistaram tr\u00eas homens juntos, quando de repente, viram Elian Alves de Ara\u00fajo golpear a v\u00edtima, S\u00e9rgio Adriano Rocha com arma branca.<\/span><\/p>\n<p><a href=\"https:\/\/correiosulgoiano.com.br\/wp-content\/uploads\/2016\/11\/Mercotintas-Banner-Site-01.jpg\"><img loading=\"lazy\" class=\"alignnone size-full wp-image-8826\" src=\"https:\/\/correiosulgoiano.com.br\/wp-content\/uploads\/2016\/11\/Mercotintas-Banner-Site-01.jpg\" alt=\"\" width=\"1172\" height=\"146\" srcset=\"https:\/\/correiosulgoiano.com.br\/wp-content\/uploads\/2016\/11\/Mercotintas-Banner-Site-01.jpg 1172w, https:\/\/correiosulgoiano.com.br\/wp-content\/uploads\/2016\/11\/Mercotintas-Banner-Site-01-300x37.jpg 300w, https:\/\/correiosulgoiano.com.br\/wp-content\/uploads\/2016\/11\/Mercotintas-Banner-Site-01-1024x128.jpg 1024w\" sizes=\"(max-width: 1172px) 100vw, 1172px\" \/><\/a><\/p>\n<p><span style=\"font-size: 12pt; font-family: Verdana, Geneva, sans-serif; color: #000000;\">Os policiais se dirigiram em dire\u00e7\u00e3o aos homens e viram que a v\u00edtima caiu ao solo, sem rea\u00e7\u00e3o.<\/span><\/p>\n<p><span style=\"font-size: 12pt; font-family: Verdana, Geneva, sans-serif; color: #000000;\">Enquanto isso, o suspeito saiu em fuga ao perceber a presen\u00e7a dos policiais.<\/span><\/p>\n<p><span style=\"font-size: 12pt; font-family: Verdana, Geneva, sans-serif; color: #000000;\">O terceiro homem que estava no local do fato \u00e9 Edinan Silva Duarte, cadeirante &#8211; qualificado como testemunha do crime.<\/span><\/p>\n<p>&nbsp;<\/p>\n<p><a href=\"https:\/\/correiosulgoiano.com.br\/wp-content\/uploads\/2018\/09\/curuiz222.jpg\"><img loading=\"lazy\" class=\" wp-image-13817 aligncenter\" src=\"https:\/\/correiosulgoiano.com.br\/wp-content\/uploads\/2018\/09\/curuiz222.jpg\" alt=\"\" width=\"326\" height=\"245\" srcset=\"https:\/\/correiosulgoiano.com.br\/wp-content\/uploads\/2018\/09\/curuiz222.jpg 1280w, https:\/\/correiosulgoiano.com.br\/wp-content\/uploads\/2018\/09\/curuiz222-300x225.jpg 300w, https:\/\/correiosulgoiano.com.br\/wp-content\/uploads\/2018\/09\/curuiz222-768x576.jpg 768w, https:\/\/correiosulgoiano.com.br\/wp-content\/uploads\/2018\/09\/curuiz222-1024x768.jpg 1024w\" sizes=\"(max-width: 326px) 100vw, 326px\" \/><\/a><\/p>\n<p><span style=\"font-size: 12pt; font-family: Verdana, Geneva, sans-serif; color: #000000;\">O Correio Sul Goiano constatou que imediatamente os policiais abordaram os dois homens Elian e a testemunha, Edinan, sendo que Elian Alves, que foi visto pelos policiais ferindo a v\u00edtima tentou resistir \u00e0 pris\u00e3o, sendo necess\u00e1rio o uso escalonado da for\u00e7a para conte-lo.<\/span><\/p>\n<p><span style=\"font-size: 12pt; font-family: Verdana, Geneva, sans-serif; color: #000000;\">O homem entrou em luta corporal com os policiais e tentou fugir, mas, a per\u00edcia e a t\u00e9cnica dos policiais prevaleceram e o suspeito foi detido.<\/span><\/p>\n<p><a href=\"https:\/\/correiosulgoiano.com.br\/wp-content\/uploads\/2017\/08\/Retifica-Uni\u00e3o-de-Motores-Fera.jpg\"><img loading=\"lazy\" class=\"aligncenter wp-image-11979\" src=\"https:\/\/correiosulgoiano.com.br\/wp-content\/uploads\/2017\/08\/Retifica-Uni\u00e3o-de-Motores-Fera.jpg\" alt=\"\" width=\"543\" height=\"258\" srcset=\"https:\/\/correiosulgoiano.com.br\/wp-content\/uploads\/2017\/08\/Retifica-Uni\u00e3o-de-Motores-Fera.jpg 3191w, https:\/\/correiosulgoiano.com.br\/wp-content\/uploads\/2017\/08\/Retifica-Uni\u00e3o-de-Motores-Fera-300x143.jpg 300w, https:\/\/correiosulgoiano.com.br\/wp-content\/uploads\/2017\/08\/Retifica-Uni\u00e3o-de-Motores-Fera-1024x487.jpg 1024w\" sizes=\"(max-width: 543px) 100vw, 543px\" \/><\/a><\/p>\n<p><span style=\"font-size: 12pt; font-family: Verdana, Geneva, sans-serif; color: #000000;\">Em seguida, foi levado \u00e0 Delegacia de pol\u00edcia para procedimentos de praxe por conta da Pol\u00edcia Civil.<\/span><\/p>\n<p><span style=\"font-size: 12pt; font-family: Verdana, Geneva, sans-serif; color: #000000;\">A arma utilizada para o cometimento do crime foi jogada pelo autor em um terreno de uma resid\u00eancia pr\u00f3xima ao local da agress\u00e3o e foi apreendida pela Pol\u00edcia Militar.<\/span><\/p>\n<p><span style=\"font-size: 12pt; font-family: Verdana, Geneva, sans-serif; color: #000000;\">Participaram desta ocorr\u00eancia os policiais: Sargento Edmar e Soldado Andrade, com apoio da equipe do Cabo Nicolau e Aluno Soldado Novaes e equipe do Cabo Mauro e Aluno Soldado Brayner.<\/span><\/p>\n<p><a href=\"https:\/\/correiosulgoiano.com.br\/wp-content\/uploads\/2018\/09\/CEL.jpg\"><img loading=\"lazy\" class=\" wp-image-13813 aligncenter\" src=\"https:\/\/correiosulgoiano.com.br\/wp-content\/uploads\/2018\/09\/CEL.jpg\" alt=\"\" width=\"381\" height=\"527\" srcset=\"https:\/\/correiosulgoiano.com.br\/wp-content\/uploads\/2018\/09\/CEL.jpg 463w, https:\/\/correiosulgoiano.com.br\/wp-content\/uploads\/2018\/09\/CEL-217x300.jpg 217w\" sizes=\"(max-width: 381px) 100vw, 381px\" \/><\/a><\/p>\n","protected":false},"excerpt":{"rendered":"<p>Em patrulhamento pelas ruas da cidade uma equipe da Pol\u00edcia Militar flagrou um crime de homic\u00eddio doloso ma madrugada de s\u00e1bado. O Correio Sul Goiano apurou que j\u00e1 era pr\u00f3ximo de 01h30 da madrugada deste s\u00e1bado, 15\/09\/18, quando em patrulhamento pela Rua Rio de Janeiro, os policiais avistaram tr\u00eas homens juntos, quando de repente, viram &#8230;<\/p>\n","protected":false},"author":1,"featured_media":13817,"comment_status":"open","ping_status":"open","sticky":false,"template":"","format":"standard","meta":{"spay_email":"","jetpack_publicize_message":""},"categories":[47],"tags":[],"jetpack_featured_media_url":"https:\/\/correiosulgoiano.com.br\/wp-content\/uploads\/2018\/09\/curuiz222.jpg","jetpack_publicize_connections":[],"_links":{"self":[{"href":"https:\/\/correiosulgoiano.com.br\/index.php?rest_route=\/wp\/v2\/posts\/13815"}],"collection":[{"href":"https:\/\/correiosulgoiano.com.br\/index.php?rest_route=\/wp\/v2\/posts"}],"about":[{"href":"https:\/\/correiosulgoiano.com.br\/index.php?rest_route=\/wp\/v2\/types\/post"}],"author":[{"embeddable":true,"href":"https:\/\/correiosulgoiano.com.br\/index.php?rest_route=\/wp\/v2\/users\/1"}],"replies":[{"embeddable":true,"href":"https:\/\/correiosulgoiano.com.br\/index.php?rest_route=%2Fwp%2Fv2%2Fcomments&post=13815"}],"version-history":[{"count":1,"href":"https:\/\/correiosulgoiano.com.br\/index.php?rest_route=\/wp\/v2\/posts\/13815\/revisions"}],"predecessor-version":[{"id":13818,"href":"https:\/\/correiosulgoiano.com.br\/index.php?rest_route=\/wp\/v2\/posts\/13815\/revisions\/13818"}],"wp:featuredmedia":[{"embeddable":true,"href":"https:\/\/correiosulgoiano.com.br\/index.php?rest_route=\/wp\/v2\/media\/13817"}],"wp:attachment":[{"href":"https:\/\/correiosulgoiano.com.br\/index.php?rest_route=%2Fwp%2Fv2%2Fmedia&parent=13815"}],"wp:term":[{"taxonomy":"category","embeddable":true,"href":"https:\/\/correiosulgoiano.com.br\/index.php?rest_route=%2Fwp%2Fv2%2Fcategories&post=13815"},{"taxonomy":"post_tag","embeddable":true,"href":"https:\/\/correiosulgoiano.com.br\/index.php?rest_route=%2Fwp%2Fv2%2Ftags&post=13815"}],"curies":[{"name":"wp","href":"https:\/\/api.w.org\/{rel}","templated":true}]}}