{"id":1397,"date":"2015-04-14T02:53:59","date_gmt":"2015-04-14T02:53:59","guid":{"rendered":"https:\/\/correiosulgoiano.com.br\/?p=1397"},"modified":"2015-04-14T03:06:13","modified_gmt":"2015-04-14T03:06:13","slug":"acreditem-governo-dilma-usa-exercito-brasileiro-para-combater-dengue","status":"publish","type":"post","link":"https:\/\/correiosulgoiano.com.br\/?p=1397","title":{"rendered":"Acreditem: Governo Dilma usa Ex\u00e9rcito Brasileiro para combater Dengue."},"content":{"rendered":"<p><span style=\"font-family: Verdana, Geneva, sans-serif; font-size: 14pt;\">O n\u00famero de casos de dengue registrados no Brasil em 2015 j\u00e1 \u00e9 240% maior que o registrado no mesmo per\u00edodo do ano passado.<\/span><\/p>\n<p><span style=\"font-family: Verdana, Geneva, sans-serif; font-size: 14pt;\">At\u00e9 o dia 28 de mar\u00e7o deste ano, o Pa\u00eds registrou 460.500 casos da doen\u00e7a, enquanto no ano passado, no mesmo per\u00edodo, foram 135,3 mil casos.<\/span><\/p>\n<p><span style=\"font-family: Verdana, Geneva, sans-serif; font-size: 14pt;\">O balan\u00e7o, divulgado nesta segunda-feira, 13\/04 pelo Minist\u00e9rio da Sa\u00fade mostra que, em m\u00e9dia,\u00a0<a href=\"http:\/\/noticias.uol.com.br\/saude\/ultimas-noticias\/estado\/2015\/04\/13\/brasil-ja-registra-220-casos-de-dengue-por-hora.htm\">s\u00e3o registrados 220 casos por hora<\/a>.<\/span><\/p>\n<p><span style=\"font-family: Verdana, Geneva, sans-serif; font-size: 14pt;\">O n\u00famero de mortes por complica\u00e7\u00f5es da doen\u00e7a tamb\u00e9m avan\u00e7ou 29% em rela\u00e7\u00e3o ao mesmo per\u00edodo do ano passado. Neste ano, 132 pessoas j\u00e1 morreram por causa da dengue. Em 2014, foram 102.<\/span><\/p>\n<p><span style=\"font-family: Verdana, Geneva, sans-serif; font-size: 14pt;\">Entretanto, se os n\u00fameros forem comparados com 2013, houve redu\u00e7\u00e3o tanto no n\u00famero de casos quanto no de mortes. Naquele ano, foram contabilizados 730,8 mil casos e 278 \u00f3bitos na mesma \u00e9poca.<\/span><\/p>\n<p><a href=\"https:\/\/correiosulgoiano.com.br\/wp-content\/uploads\/2015\/04\/exercito-dengue.jpg\"><img loading=\"lazy\" class=\"alignnone  wp-image-1398\" src=\"https:\/\/correiosulgoiano.com.br\/wp-content\/uploads\/2015\/04\/exercito-dengue.jpg\" alt=\"exercito dengue\" width=\"245\" height=\"245\" srcset=\"https:\/\/correiosulgoiano.com.br\/wp-content\/uploads\/2015\/04\/exercito-dengue.jpg 300w, https:\/\/correiosulgoiano.com.br\/wp-content\/uploads\/2015\/04\/exercito-dengue-150x150.jpg 150w, https:\/\/correiosulgoiano.com.br\/wp-content\/uploads\/2015\/04\/exercito-dengue-55x55.jpg 55w\" sizes=\"(max-width: 245px) 100vw, 245px\" \/><\/a><\/p>\n<p>Foto: Denny Cesare\/C\u00f3digo19\/Estad\u00e3o C\u00f3nte\u00fado<\/p>\n<p><span style=\"font-family: Verdana, Geneva, sans-serif; font-size: 14pt;\"><strong style=\"font-style: inherit;\">S\u00e3o Paulo<\/strong><\/span><\/p>\n<p><span style=\"font-family: Verdana, Geneva, sans-serif; font-size: 14pt;\">Com 257.809 casos confirmados, S\u00e3o Paulo concentra mais da metade dos casos do Pa\u00eds. O n\u00famero \u00e9 quase 700% maior que o mesmo per\u00edodo do ano passado, quando 35 mil pessoas foram infectadas.<\/span><\/p>\n<p><span style=\"font-family: Verdana, Geneva, sans-serif; font-size: 14pt;\">Com isso, o Estado j\u00e1 tem 585 casos para cada 100 mil habitantes, o que o coloca em situa\u00e7\u00e3o de epidemia. Para a Organiza\u00e7\u00e3o Mundial da Sa\u00fade, a cada 300 casos registrados em um universo de 100 mil habitantes j\u00e1 configura epidemia.<\/span><\/p>\n<p><span style=\"font-family: Verdana, Geneva, sans-serif; font-size: 14pt;\">O Estado tamb\u00e9m \u00e9 o maior no n\u00famero de mortes: 99. No ano passado, foram 15 \u00f3bitos no mesmo per\u00edodo. Em 2013, o Estado tamb\u00e9m viveu uma epidemia da doen\u00e7a.<\/span><\/p>\n<p><span style=\"font-family: Verdana, Geneva, sans-serif; font-size: 14pt;\">Os munic\u00edpios com maior taxa de incid\u00eancia, ou seja, maior n\u00famero de casos em compara\u00e7\u00e3o \u00e0 popula\u00e7\u00e3o, em S\u00e3o Paulo, s\u00e3o Trabiju, com 14.303 para 100 mil habitantes; Paragua\u00e7u Paulista, com 13.738\/100 mil habitantes; Estrela D&#8217;Oeste, com 11.513\/100 mil habitantes e Flor\u00ednia, com 9.039\/100 mil habitantes.<\/span><\/p>\n<p><span style=\"font-family: Verdana, Geneva, sans-serif; font-size: 14pt;\">Ainda segundo o balan\u00e7o do Minist\u00e9rio, os estados do Acre, <strong>Goi\u00e1s<\/strong> e Mato Grosso do Sul tamb\u00e9m enfrentam epidemia.<\/span><\/p>\n<p><span style=\"font-family: Verdana, Geneva, sans-serif; font-size: 14pt;\">A regi\u00e3o Centro-Oeste apresenta maior incid\u00eancia de casos, com 393,3\/100 mil habitantes (59.855 casos), seguida pelas regi\u00f5es Sudeste com 357,5 \/100 mil habitantes (304.251 casos), Norte com 112,4\/100 mil habitantes (19.402 casos), Nordeste com 91,2\/100 mil habitantes (51.521 casos), e Sul com 88,8\/100 mil habitantes (25.773 casos).<\/span><\/p>\n<p><span style=\"font-family: Verdana, Geneva, sans-serif; font-size: 14pt;\"><strong style=\"font-style: inherit;\">Recursos<\/strong><\/span><\/p>\n<p><span style=\"font-family: Verdana, Geneva, sans-serif; font-size: 14pt;\">Para tentar conter o avan\u00e7o da doen\u00e7a, o Minist\u00e9rio repassou um recurso adicional de R$ 150 milh\u00f5es a todos os estados e munic\u00edpios brasileiros. Os recursos s\u00e3o exclusivos para qualifica\u00e7\u00e3o das a\u00e7\u00f5es de combate aos mosquitos transmissores da dengue e do chikungunya, o que inclui a contrata\u00e7\u00e3o de agentes de vigil\u00e2ncia.<\/span><\/p>\n<p><span style=\"font-family: Verdana, Geneva, sans-serif; font-size: 14pt;\">Do total repassado, R$ 121,8 milh\u00f5es foram para secretarias municipais de sa\u00fade e R$ 28,2 milh\u00f5es \u00e0s secretarias estaduais. O recurso adicional \u00e9 exclusivo para a\u00e7\u00f5es contra dengue e chikungunya e n\u00e3o possui car\u00e1ter permanente.<\/span><\/p>\n<p><span style=\"font-family: Verdana, Geneva, sans-serif; font-size: 14pt;\">Os recursos s\u00e3o repassados via Fundo Vari\u00e1vel de Vigil\u00e2ncia em Sa\u00fade e o valor representa um subs\u00eddio de 12% do valor anual do Piso Fixo de Vigil\u00e2ncia e Promo\u00e7\u00e3o da Sa\u00fade, de R$ 1,25 bilh\u00e3o.<\/span><\/p>\n<p><span style=\"font-family: Verdana, Geneva, sans-serif; font-size: 14pt;\">Para o Estado de S\u00e3o Paulo, o mais afetado pela doen\u00e7a, o \u00f3rg\u00e3o enviou 28,6 mil litros de inseticida para o combate \u00e0s larvas do Aedes Aegypti, al\u00e9m de materiais como kits diagn\u00f3sticos, guias e manuais de manejo cl\u00ednico. (Fonte: Reprodu\u00e7\u00e3o Uol)<\/span><\/p>\n<p><a href=\"https:\/\/correiosulgoiano.com.br\/wp-content\/uploads\/2015\/04\/Panela-de-Barro-Site-Novo-01.jpg\"><img loading=\"lazy\" class=\"alignnone  wp-image-1259\" src=\"https:\/\/correiosulgoiano.com.br\/wp-content\/uploads\/2015\/04\/Panela-de-Barro-Site-Novo-01.jpg\" alt=\"Panela de Barro Site Novo - 01\" width=\"613\" height=\"205\" srcset=\"https:\/\/correiosulgoiano.com.br\/wp-content\/uploads\/2015\/04\/Panela-de-Barro-Site-Novo-01.jpg 789w, https:\/\/correiosulgoiano.com.br\/wp-content\/uploads\/2015\/04\/Panela-de-Barro-Site-Novo-01-300x100.jpg 300w\" sizes=\"(max-width: 613px) 100vw, 613px\" \/><\/a><\/p>\n<p>&nbsp;<\/p>\n<p><a href=\"https:\/\/correiosulgoiano.com.br\/wp-content\/uploads\/2015\/04\/Mercotintas-Banner-Site-01.jpg\"><img loading=\"lazy\" class=\"alignnone  wp-image-1257\" src=\"https:\/\/correiosulgoiano.com.br\/wp-content\/uploads\/2015\/04\/Mercotintas-Banner-Site-01.jpg\" alt=\"Mercotintas Banner Site - 01\" width=\"979\" height=\"122\" srcset=\"https:\/\/correiosulgoiano.com.br\/wp-content\/uploads\/2015\/04\/Mercotintas-Banner-Site-01.jpg 1172w, https:\/\/correiosulgoiano.com.br\/wp-content\/uploads\/2015\/04\/Mercotintas-Banner-Site-01-300x37.jpg 300w, https:\/\/correiosulgoiano.com.br\/wp-content\/uploads\/2015\/04\/Mercotintas-Banner-Site-01-1024x128.jpg 1024w\" sizes=\"(max-width: 979px) 100vw, 979px\" \/><\/a><\/p>\n","protected":false},"excerpt":{"rendered":"<p>O n\u00famero de casos de dengue registrados no Brasil em 2015 j\u00e1 \u00e9 240% maior que o registrado no mesmo per\u00edodo do ano passado. At\u00e9 o dia 28 de mar\u00e7o deste ano, o Pa\u00eds registrou 460.500 casos da doen\u00e7a, enquanto no ano passado, no mesmo per\u00edodo, foram 135,3 mil casos. O balan\u00e7o, divulgado nesta segunda-feira, &#8230;<\/p>\n","protected":false},"author":1,"featured_media":1399,"comment_status":"open","ping_status":"open","sticky":false,"template":"","format":"standard","meta":{"spay_email":"","jetpack_publicize_message":""},"categories":[52],"tags":[55,89,54,243],"jetpack_featured_media_url":"https:\/\/correiosulgoiano.com.br\/wp-content\/uploads\/2015\/04\/dengue-640.jpg","jetpack_publicize_connections":[],"_links":{"self":[{"href":"https:\/\/correiosulgoiano.com.br\/index.php?rest_route=\/wp\/v2\/posts\/1397"}],"collection":[{"href":"https:\/\/correiosulgoiano.com.br\/index.php?rest_route=\/wp\/v2\/posts"}],"about":[{"href":"https:\/\/correiosulgoiano.com.br\/index.php?rest_route=\/wp\/v2\/types\/post"}],"author":[{"embeddable":true,"href":"https:\/\/correiosulgoiano.com.br\/index.php?rest_route=\/wp\/v2\/users\/1"}],"replies":[{"embeddable":true,"href":"https:\/\/correiosulgoiano.com.br\/index.php?rest_route=%2Fwp%2Fv2%2Fcomments&post=1397"}],"version-history":[{"count":2,"href":"https:\/\/correiosulgoiano.com.br\/index.php?rest_route=\/wp\/v2\/posts\/1397\/revisions"}],"predecessor-version":[{"id":1404,"href":"https:\/\/correiosulgoiano.com.br\/index.php?rest_route=\/wp\/v2\/posts\/1397\/revisions\/1404"}],"wp:featuredmedia":[{"embeddable":true,"href":"https:\/\/correiosulgoiano.com.br\/index.php?rest_route=\/wp\/v2\/media\/1399"}],"wp:attachment":[{"href":"https:\/\/correiosulgoiano.com.br\/index.php?rest_route=%2Fwp%2Fv2%2Fmedia&parent=1397"}],"wp:term":[{"taxonomy":"category","embeddable":true,"href":"https:\/\/correiosulgoiano.com.br\/index.php?rest_route=%2Fwp%2Fv2%2Fcategories&post=1397"},{"taxonomy":"post_tag","embeddable":true,"href":"https:\/\/correiosulgoiano.com.br\/index.php?rest_route=%2Fwp%2Fv2%2Ftags&post=1397"}],"curies":[{"name":"wp","href":"https:\/\/api.w.org\/{rel}","templated":true}]}}