{"id":1405,"date":"2015-04-14T03:20:05","date_gmt":"2015-04-14T03:20:05","guid":{"rendered":"https:\/\/correiosulgoiano.com.br\/?p=1405"},"modified":"2015-04-14T03:26:10","modified_gmt":"2015-04-14T03:26:10","slug":"corinthians-desfalcado-internado-guerreiro-pode-estar-com-dengue","status":"publish","type":"post","link":"https:\/\/correiosulgoiano.com.br\/?p=1405","title":{"rendered":"Corinthians desfalcado: Internado, Guerreiro pode estar com Dengue"},"content":{"rendered":"<p><span style=\"font-family: Verdana, Geneva, sans-serif; font-size: 14pt; color: #000000;\">Paolo Guerrero segue internado no hospital S\u00e3o Luiz, que divulgou um novo boletim sobre o jogador nesta segunda-feira. Na avalia\u00e7\u00e3o, os m\u00e9dicos respons\u00e1veis ressaltam a avalia\u00e7\u00e3o de que o peruano est\u00e1 com dengue, mas ainda aguardam o exame positivo para confirmarem o diagn\u00f3stico.<\/span><\/p>\n<p><span style=\"font-family: Verdana, Geneva, sans-serif; font-size: 14pt; color: #000000;\">&#8220;O Hospital S\u00e3o Luiz, Unidade Morumbi, informa que o atacante do Corinthians, Paolo Guerrero, continua internado e passa bem. De acordo com as avalia\u00e7\u00f5es cl\u00ednicas e laboratoriais realizadas diariamente apontam que o jogador est\u00e1 com Dengue, por\u00e9m o diagn\u00f3stico s\u00f3 \u00e9 determinado ap\u00f3s a sorologia se positivar. No momento, n\u00e3o h\u00e1 previs\u00e3o de alta&#8221;, diz o boletim m\u00e9dico distribu\u00eddo \u00e0 imprensa.\u00a0<\/span><\/p>\n<p><span style=\"font-family: Verdana, Geneva, sans-serif; font-size: 14pt; color: #000000;\">Apesar do cuidado com o diagn\u00f3stico final, o quadro de dengue indica que o atacante n\u00e3o jogar\u00e1 a semifinal do Campeonato Paulista, contra o Palmeiras, no pr\u00f3ximo domingo, como informou o gerente de futebol, <a style=\"color: #000000;\" href=\"http:\/\/esporte.uol.com.br\/futebol\/campeonatos\/paulista\/ultimas-noticias\/2015\/04\/13\/guerrero-deve-ficar-fora-de-confronto-contra-o-palmeiras-confirma-edu.htm\"><strong>Edu Gaspar<\/strong><\/a>. Guerrero est\u00e1 com febre e dor de cabe\u00e7a desde a manh\u00e3 de domingo, quando foi cortado do jogo contra a Ponte Preta, pelas quartas do Estadual.\u00a0<\/span><\/p>\n<p><span style=\"font-family: Verdana, Geneva, sans-serif; font-size: 14pt; color: #000000;\">O peruano foi levado ao hospital, onde as avalia\u00e7\u00f5es cl\u00ednicas e laboratoriais v\u00eam atestando a impress\u00e3o inicial de dengue. Se o diagn\u00f3stico for confirmado, Guerrero pode ficar fora dos pr\u00f3ximos quatro jogos do Corinthians, contra\u00a0San Lorenzo (quinta, 16), Palmeiras (domingo, 19), S\u00e3o Paulo (quarta, 22) e ainda uma eventual primeira partida da decis\u00e3o paulista (domingo, 26).\u00a0<\/span><\/p>\n<p><span style=\"font-family: Verdana, Geneva, sans-serif; font-size: 14pt; color: #000000;\">Guerrero pode ser o segundo jogador do Corinthians a ser diagnosticado com dengue em 2015. Antes dele, o jovem zagueiro Rodrigo Sam j\u00e1 havia sido contaminado pelo mosquito aedes aegypti. Segundo o clube, no entanto, n\u00e3o h\u00e1 foco do mosquito no <strong><a style=\"color: #000000;\" href=\"http:\/\/esporte.uol.com.br\/futebol\/ultimas-noticias\/2015\/04\/13\/guerrero-com-dengue-corinthians-diz-que-faz-vistorias-e-utiliza-repelentes.htm\">CT Joaquim Grava<\/a><\/strong>. \u00a0(Fonte: Uol Esportes)<\/span><\/p>\n<p><a href=\"https:\/\/correiosulgoiano.com.br\/wp-content\/uploads\/2015\/04\/Panela-de-Barro-Site-Novo-01.jpg\"><img loading=\"lazy\" class=\"alignnone  wp-image-1259\" src=\"https:\/\/correiosulgoiano.com.br\/wp-content\/uploads\/2015\/04\/Panela-de-Barro-Site-Novo-01.jpg\" alt=\"Panela de Barro Site Novo - 01\" width=\"634\" height=\"212\" srcset=\"https:\/\/correiosulgoiano.com.br\/wp-content\/uploads\/2015\/04\/Panela-de-Barro-Site-Novo-01.jpg 789w, https:\/\/correiosulgoiano.com.br\/wp-content\/uploads\/2015\/04\/Panela-de-Barro-Site-Novo-01-300x100.jpg 300w\" sizes=\"(max-width: 634px) 100vw, 634px\" \/><\/a><\/p>\n<p>&nbsp;<\/p>\n<p><a href=\"https:\/\/correiosulgoiano.com.br\/wp-content\/uploads\/2015\/04\/Mercotintas-Banner-Site-01.jpg\"><img loading=\"lazy\" class=\"alignnone  wp-image-1257\" src=\"https:\/\/correiosulgoiano.com.br\/wp-content\/uploads\/2015\/04\/Mercotintas-Banner-Site-01.jpg\" alt=\"Mercotintas Banner Site - 01\" width=\"987\" height=\"123\" srcset=\"https:\/\/correiosulgoiano.com.br\/wp-content\/uploads\/2015\/04\/Mercotintas-Banner-Site-01.jpg 1172w, https:\/\/correiosulgoiano.com.br\/wp-content\/uploads\/2015\/04\/Mercotintas-Banner-Site-01-300x37.jpg 300w, https:\/\/correiosulgoiano.com.br\/wp-content\/uploads\/2015\/04\/Mercotintas-Banner-Site-01-1024x128.jpg 1024w\" sizes=\"(max-width: 987px) 100vw, 987px\" \/><\/a><\/p>\n","protected":false},"excerpt":{"rendered":"<p>Paolo Guerrero segue internado no hospital S\u00e3o Luiz, que divulgou um novo boletim sobre o jogador nesta segunda-feira. Na avalia\u00e7\u00e3o, os m\u00e9dicos respons\u00e1veis ressaltam a avalia\u00e7\u00e3o de que o peruano est\u00e1 com dengue, mas ainda aguardam o exame positivo para confirmarem o diagn\u00f3stico. &#8220;O Hospital S\u00e3o Luiz, Unidade Morumbi, informa que o atacante do Corinthians, &#8230;<\/p>\n","protected":false},"author":1,"featured_media":1406,"comment_status":"open","ping_status":"open","sticky":false,"template":"","format":"standard","meta":{"spay_email":"","jetpack_publicize_message":""},"categories":[50],"tags":[55,89,353,243,354],"jetpack_featured_media_url":"https:\/\/correiosulgoiano.com.br\/wp-content\/uploads\/2015\/04\/guerreiro.jpg","jetpack_publicize_connections":[],"_links":{"self":[{"href":"https:\/\/correiosulgoiano.com.br\/index.php?rest_route=\/wp\/v2\/posts\/1405"}],"collection":[{"href":"https:\/\/correiosulgoiano.com.br\/index.php?rest_route=\/wp\/v2\/posts"}],"about":[{"href":"https:\/\/correiosulgoiano.com.br\/index.php?rest_route=\/wp\/v2\/types\/post"}],"author":[{"embeddable":true,"href":"https:\/\/correiosulgoiano.com.br\/index.php?rest_route=\/wp\/v2\/users\/1"}],"replies":[{"embeddable":true,"href":"https:\/\/correiosulgoiano.com.br\/index.php?rest_route=%2Fwp%2Fv2%2Fcomments&post=1405"}],"version-history":[{"count":1,"href":"https:\/\/correiosulgoiano.com.br\/index.php?rest_route=\/wp\/v2\/posts\/1405\/revisions"}],"predecessor-version":[{"id":1407,"href":"https:\/\/correiosulgoiano.com.br\/index.php?rest_route=\/wp\/v2\/posts\/1405\/revisions\/1407"}],"wp:featuredmedia":[{"embeddable":true,"href":"https:\/\/correiosulgoiano.com.br\/index.php?rest_route=\/wp\/v2\/media\/1406"}],"wp:attachment":[{"href":"https:\/\/correiosulgoiano.com.br\/index.php?rest_route=%2Fwp%2Fv2%2Fmedia&parent=1405"}],"wp:term":[{"taxonomy":"category","embeddable":true,"href":"https:\/\/correiosulgoiano.com.br\/index.php?rest_route=%2Fwp%2Fv2%2Fcategories&post=1405"},{"taxonomy":"post_tag","embeddable":true,"href":"https:\/\/correiosulgoiano.com.br\/index.php?rest_route=%2Fwp%2Fv2%2Ftags&post=1405"}],"curies":[{"name":"wp","href":"https:\/\/api.w.org\/{rel}","templated":true}]}}