{"id":1423,"date":"2015-04-16T03:04:16","date_gmt":"2015-04-16T03:04:16","guid":{"rendered":"https:\/\/correiosulgoiano.com.br\/?p=1423"},"modified":"2015-04-16T03:04:16","modified_gmt":"2015-04-16T03:04:16","slug":"policia-civil-prende-02-homens-e-apreende-armas-e-municoes-em-itumbiara","status":"publish","type":"post","link":"https:\/\/correiosulgoiano.com.br\/?p=1423","title":{"rendered":"Pol\u00edcia Civil prende 02 homens e apreende armas e muni\u00e7\u00f5es em Itumbiara"},"content":{"rendered":"<p><span style=\"font-family: Verdana, Geneva, sans-serif; font-size: 14pt; color: #000000;\">Policiais civis do GEPATRI, coordenados pelo Delegado Lucas Finholdt, apoiados pelo GENARC, em cumprimento de mandado de busca e apreens\u00e3o, prenderam Nivaldo Ponciano da Silva, de 67 anos, e Luciano Coelho Ponciano, de 36, em flagrante delito por posse de arma irregular e arma de fogo de uso restrito.<\/span><\/p>\n<p><span style=\"font-family: Verdana, Geneva, sans-serif; font-size: 14pt; color: #000000;\">A Pol\u00edcia Civil informou que com eles foram apreendidas 04 armas de fogo e 43 muni\u00e7\u00f5es de calibres diversos.<\/span><\/p>\n<p><span style=\"font-family: Verdana, Geneva, sans-serif; font-size: 14pt; color: #000000;\">Ap\u00f3s den\u00fancias de que os investigados estariam portando armas de fogo ostensivamente na cidade de Itumbiara, a Pol\u00edcia Civil representou pela busca e apreens\u00e3o nos endere\u00e7os residenciais dos investigados e no com\u00e9rcio, que foi deferida pelo Poder Judici\u00e1rio local e cumprida pela Pol\u00edcia Civil.<\/span><\/p>\n<p><span style=\"font-family: Verdana, Geneva, sans-serif; font-size: 14pt; color: #000000;\">Foram apreendidas com o investigado Nivaldo: uma espingarda CBC, calibre 12; uma carabina Rossi, calibre 22; um rev\u00f3lver\u00a0<em>Taurus<\/em>, calibre 38; 07 muni\u00e7\u00f5es calibre 38; 12 muni\u00e7\u00f5es calibre 22; 11 muni\u00e7\u00f5es calibre 12; 02 muni\u00e7\u00f5es calibre Ponto 20; 01 muni\u00e7\u00e3o calibre 44 W; e 01 muni\u00e7\u00e3o calibre 32 SW. J\u00e1 com Luciano, foram apreendidos: um rev\u00f3lver Rossi, calibre 38 e 10 muni\u00e7\u00f5es calibre 38.<\/span><\/p>\n<p><span style=\"font-family: Verdana, Geneva, sans-serif; font-size: 14pt; color: #000000;\">Assim, o investigado Luciano foi autuado em flagrante delito por posse de armas e muni\u00e7\u00f5es irregulares. Nivaldo foi autuado pelo delito de posse de armas e muni\u00e7\u00f5es irregulares, e posse de arma de uso restrito. (Da reda\u00e7\u00e3o, por Leonardo Costa \u2013 Fonte: Delegado Ricardo Torres Chueire, chefe da Pol\u00edcia Civil, 6\u00aa DRP, via e-mail)<\/span><\/p>\n<p><a href=\"https:\/\/correiosulgoiano.com.br\/wp-content\/uploads\/2015\/04\/Panela-de-Barro-Site-Novo-01.jpg\"><img loading=\"lazy\" class=\"alignnone  wp-image-1259\" src=\"https:\/\/correiosulgoiano.com.br\/wp-content\/uploads\/2015\/04\/Panela-de-Barro-Site-Novo-01.jpg\" alt=\"Panela de Barro Site Novo - 01\" width=\"616\" height=\"206\" srcset=\"https:\/\/correiosulgoiano.com.br\/wp-content\/uploads\/2015\/04\/Panela-de-Barro-Site-Novo-01.jpg 789w, https:\/\/correiosulgoiano.com.br\/wp-content\/uploads\/2015\/04\/Panela-de-Barro-Site-Novo-01-300x100.jpg 300w\" sizes=\"(max-width: 616px) 100vw, 616px\" \/><\/a><\/p>\n<p>&nbsp;<\/p>\n<p><a href=\"https:\/\/correiosulgoiano.com.br\/wp-content\/uploads\/2015\/04\/Mercotintas-Banner-Site-01.jpg\"><img loading=\"lazy\" class=\"alignnone  wp-image-1257\" src=\"https:\/\/correiosulgoiano.com.br\/wp-content\/uploads\/2015\/04\/Mercotintas-Banner-Site-01.jpg\" alt=\"Mercotintas Banner Site - 01\" width=\"987\" height=\"123\" srcset=\"https:\/\/correiosulgoiano.com.br\/wp-content\/uploads\/2015\/04\/Mercotintas-Banner-Site-01.jpg 1172w, https:\/\/correiosulgoiano.com.br\/wp-content\/uploads\/2015\/04\/Mercotintas-Banner-Site-01-300x37.jpg 300w, https:\/\/correiosulgoiano.com.br\/wp-content\/uploads\/2015\/04\/Mercotintas-Banner-Site-01-1024x128.jpg 1024w\" sizes=\"(max-width: 987px) 100vw, 987px\" \/><\/a><\/p>\n","protected":false},"excerpt":{"rendered":"<p>Policiais civis do GEPATRI, coordenados pelo Delegado Lucas Finholdt, apoiados pelo GENARC, em cumprimento de mandado de busca e apreens\u00e3o, prenderam Nivaldo Ponciano da Silva, de 67 anos, e Luciano Coelho Ponciano, de 36, em flagrante delito por posse de arma irregular e arma de fogo de uso restrito. A Pol\u00edcia Civil informou que com &#8230;<\/p>\n","protected":false},"author":1,"featured_media":1424,"comment_status":"open","ping_status":"open","sticky":false,"template":"","format":"standard","meta":{"spay_email":"","jetpack_publicize_message":""},"categories":[48],"tags":[363,55,289,367,362],"jetpack_featured_media_url":"https:\/\/correiosulgoiano.com.br\/wp-content\/uploads\/2015\/04\/armas-nivaldo-e-luciano.jpg","jetpack_publicize_connections":[],"_links":{"self":[{"href":"https:\/\/correiosulgoiano.com.br\/index.php?rest_route=\/wp\/v2\/posts\/1423"}],"collection":[{"href":"https:\/\/correiosulgoiano.com.br\/index.php?rest_route=\/wp\/v2\/posts"}],"about":[{"href":"https:\/\/correiosulgoiano.com.br\/index.php?rest_route=\/wp\/v2\/types\/post"}],"author":[{"embeddable":true,"href":"https:\/\/correiosulgoiano.com.br\/index.php?rest_route=\/wp\/v2\/users\/1"}],"replies":[{"embeddable":true,"href":"https:\/\/correiosulgoiano.com.br\/index.php?rest_route=%2Fwp%2Fv2%2Fcomments&post=1423"}],"version-history":[{"count":1,"href":"https:\/\/correiosulgoiano.com.br\/index.php?rest_route=\/wp\/v2\/posts\/1423\/revisions"}],"predecessor-version":[{"id":1425,"href":"https:\/\/correiosulgoiano.com.br\/index.php?rest_route=\/wp\/v2\/posts\/1423\/revisions\/1425"}],"wp:featuredmedia":[{"embeddable":true,"href":"https:\/\/correiosulgoiano.com.br\/index.php?rest_route=\/wp\/v2\/media\/1424"}],"wp:attachment":[{"href":"https:\/\/correiosulgoiano.com.br\/index.php?rest_route=%2Fwp%2Fv2%2Fmedia&parent=1423"}],"wp:term":[{"taxonomy":"category","embeddable":true,"href":"https:\/\/correiosulgoiano.com.br\/index.php?rest_route=%2Fwp%2Fv2%2Fcategories&post=1423"},{"taxonomy":"post_tag","embeddable":true,"href":"https:\/\/correiosulgoiano.com.br\/index.php?rest_route=%2Fwp%2Fv2%2Ftags&post=1423"}],"curies":[{"name":"wp","href":"https:\/\/api.w.org\/{rel}","templated":true}]}}