{"id":1426,"date":"2015-04-16T03:14:19","date_gmt":"2015-04-16T03:14:19","guid":{"rendered":"https:\/\/correiosulgoiano.com.br\/?p=1426"},"modified":"2015-04-16T03:21:09","modified_gmt":"2015-04-16T03:21:09","slug":"preso-suspeito-de-estuprar-filha-e-sobrinha-de-3-e-4-anos-em-caldas-novas","status":"publish","type":"post","link":"https:\/\/correiosulgoiano.com.br\/?p=1426","title":{"rendered":"Preso suspeito de estuprar filha e sobrinha de 3 e 4 anos em Caldas Novas"},"content":{"rendered":"<p><span style=\"font-family: Verdana, Geneva, sans-serif; font-size: 14pt; color: #000000;\">Na manh\u00e3 de quarta-feira, 15\/04, a equipe da Policial Civil da Delegacia de Prote\u00e7\u00e3o \u00e0 Crian\u00e7a e ao Adolescente de Caldas Novas, sob o comando da Delegada, Dra. Sabrina Leles de Lima Miranda, deu cumprimento ao Mandado de Pris\u00e3o Tempor\u00e1ria expedido pelo Poder Judici\u00e1rio de Caldas Novas, em desfavor de Paulo C\u00e9sar da Cunha, de 29 anos.<\/span><\/p>\n<p><a href=\"https:\/\/correiosulgoiano.com.br\/wp-content\/uploads\/2015\/04\/IMG-20150415-WA0008.jpg\"><img loading=\"lazy\" class=\"alignnone  wp-image-1428\" src=\"https:\/\/correiosulgoiano.com.br\/wp-content\/uploads\/2015\/04\/IMG-20150415-WA0008.jpg\" alt=\"IMG-20150415-WA0008\" width=\"256\" height=\"232\" srcset=\"https:\/\/correiosulgoiano.com.br\/wp-content\/uploads\/2015\/04\/IMG-20150415-WA0008.jpg 586w, https:\/\/correiosulgoiano.com.br\/wp-content\/uploads\/2015\/04\/IMG-20150415-WA0008-300x272.jpg 300w\" sizes=\"(max-width: 256px) 100vw, 256px\" \/><\/a><\/p>\n<p><span style=\"font-family: Verdana, Geneva, sans-serif; font-size: 14pt; color: #000000;\">A Pol\u00edcia Civil informou que durante investiga\u00e7\u00e3o de dois estupros de vulner\u00e1veis, contra duas crian\u00e7as, uma de 3 e outra de 4 anos de idade, os policiais civis tomaram conhecimento de que Paulo C\u00e9sar, que \u00e9 pai e tio das crian\u00e7as, j\u00e1 havia sido condenado na comarca de Caldas Novas, por ter violentado uma sobrinha de 6 anos de idade, usando da mesma forma de abuso, ou seja, introdu\u00e7\u00e3o dos dedos nos \u00f3rg\u00e3os genitais da crian\u00e7a.<\/span><\/p>\n<p><span style=\"font-family: Verdana, Geneva, sans-serif; font-size: 14pt; color: #000000;\">Ainda de acordo com a Pol\u00edcia Civil, o investigado havia se evadido de Caldas Novas, mas, na manh\u00e3 de quarta-feira, 15\/04, ele foi localizado e preso.<\/span><\/p>\n<p><span style=\"font-family: Verdana, Geneva, sans-serif; font-size: 14pt; color: #000000;\">A Delegada informou que durante interrogat\u00f3rio, o investigado confessou ter abusado da pr\u00f3pria filha, durante algumas oportunidades em que ficou sozinho com a crian\u00e7a, e detalhou ter esfregado seu \u00f3rg\u00e3o genital, na genit\u00e1lia da crian\u00e7a, al\u00e9m de ter introduzido os dedos na genit\u00e1lia dela \u2013 informou a Pol\u00edcia Civil.<\/span><\/p>\n<p><span style=\"font-family: Verdana, Geneva, sans-serif; font-size: 14pt; color: #000000;\">Uma das v\u00edtimas, a crian\u00e7a de quatro anos de idade apresenta quadro de infec\u00e7\u00e3o por Doen\u00e7a Sexualmente Transmiss\u00edvel \u2013 DST, denominada Condiloma Acuminado, uma das esp\u00e9cies de HPV, que somente se transmite por contato sexual, sendo que a crian\u00e7a encontra-se em intenso sofrimento f\u00edsico devido \u00e0 doen\u00e7a e est\u00e1 sendo submetida a tratamento m\u00e9dico-hospitalar.<\/span><\/p>\n<p><span style=\"font-family: Verdana, Geneva, sans-serif; font-size: 14pt; color: #000000;\">A outra v\u00edtima, de tr\u00eas anos de idade, possui pequenas les\u00f5es na regi\u00e3o genital, caracterizada por les\u00e3o produzida por toque manual. Ap\u00f3s ser preso, Paulo C\u00e9sar da Cunha foi recolhido na Unidade Prisional de Caldas Novas, e se encontra \u00e0 disposi\u00e7\u00e3o do Minist\u00e9rio P\u00fablico e do Poder Judici\u00e1rio, j\u00e1 que ao final das investiga\u00e7\u00f5es, a Pol\u00edcia Civil representar\u00e1 pela Pris\u00e3o Preventiva do mesmo, a fim de que\u00a0ele aguarde seu julgamento preso.<\/span><\/p>\n<p><span style=\"font-family: Verdana, Geneva, sans-serif; font-size: 14pt; color: #000000;\">Sabrina Leles informou que as crian\u00e7as encontram-se em atendimento m\u00e9dico e psicol\u00f3gico, visando que consigam apoio para superar o trauma dos abusos sexuais sofridos. (Fonte: Pol\u00edcia Civil, via e-mail, encaminhado \u00e0 nossa reda\u00e7\u00e3o por Ricardo Torres Chueire e Sabrina Leles)<\/span><\/p>\n<p><a href=\"https:\/\/correiosulgoiano.com.br\/wp-content\/uploads\/2015\/04\/Panela-de-Barro-Site-Novo-01.jpg\"><img loading=\"lazy\" class=\"alignnone  wp-image-1259\" src=\"https:\/\/correiosulgoiano.com.br\/wp-content\/uploads\/2015\/04\/Panela-de-Barro-Site-Novo-01.jpg\" alt=\"Panela de Barro Site Novo - 01\" width=\"619\" height=\"207\" srcset=\"https:\/\/correiosulgoiano.com.br\/wp-content\/uploads\/2015\/04\/Panela-de-Barro-Site-Novo-01.jpg 789w, https:\/\/correiosulgoiano.com.br\/wp-content\/uploads\/2015\/04\/Panela-de-Barro-Site-Novo-01-300x100.jpg 300w\" sizes=\"(max-width: 619px) 100vw, 619px\" \/><\/a><\/p>\n<p>&nbsp;<\/p>\n<p><a href=\"https:\/\/correiosulgoiano.com.br\/wp-content\/uploads\/2015\/04\/Mercotintas-Banner-Site-01.jpg\"><img loading=\"lazy\" class=\"alignnone  wp-image-1257\" src=\"https:\/\/correiosulgoiano.com.br\/wp-content\/uploads\/2015\/04\/Mercotintas-Banner-Site-01.jpg\" alt=\"Mercotintas Banner Site - 01\" width=\"971\" height=\"121\" srcset=\"https:\/\/correiosulgoiano.com.br\/wp-content\/uploads\/2015\/04\/Mercotintas-Banner-Site-01.jpg 1172w, https:\/\/correiosulgoiano.com.br\/wp-content\/uploads\/2015\/04\/Mercotintas-Banner-Site-01-300x37.jpg 300w, https:\/\/correiosulgoiano.com.br\/wp-content\/uploads\/2015\/04\/Mercotintas-Banner-Site-01-1024x128.jpg 1024w\" sizes=\"(max-width: 971px) 100vw, 971px\" \/><\/a><\/p>\n","protected":false},"excerpt":{"rendered":"<p>Na manh\u00e3 de quarta-feira, 15\/04, a equipe da Policial Civil da Delegacia de Prote\u00e7\u00e3o \u00e0 Crian\u00e7a e ao Adolescente de Caldas Novas, sob o comando da Delegada, Dra. Sabrina Leles de Lima Miranda, deu cumprimento ao Mandado de Pris\u00e3o Tempor\u00e1ria expedido pelo Poder Judici\u00e1rio de Caldas Novas, em desfavor de Paulo C\u00e9sar da Cunha, de &#8230;<\/p>\n","protected":false},"author":1,"featured_media":1427,"comment_status":"open","ping_status":"open","sticky":false,"template":"","format":"standard","meta":{"spay_email":"","jetpack_publicize_message":""},"categories":[46],"tags":[371,55,368,370,369,224,372],"jetpack_featured_media_url":"https:\/\/correiosulgoiano.com.br\/wp-content\/uploads\/2015\/04\/violencia.jpg","jetpack_publicize_connections":[],"_links":{"self":[{"href":"https:\/\/correiosulgoiano.com.br\/index.php?rest_route=\/wp\/v2\/posts\/1426"}],"collection":[{"href":"https:\/\/correiosulgoiano.com.br\/index.php?rest_route=\/wp\/v2\/posts"}],"about":[{"href":"https:\/\/correiosulgoiano.com.br\/index.php?rest_route=\/wp\/v2\/types\/post"}],"author":[{"embeddable":true,"href":"https:\/\/correiosulgoiano.com.br\/index.php?rest_route=\/wp\/v2\/users\/1"}],"replies":[{"embeddable":true,"href":"https:\/\/correiosulgoiano.com.br\/index.php?rest_route=%2Fwp%2Fv2%2Fcomments&post=1426"}],"version-history":[{"count":1,"href":"https:\/\/correiosulgoiano.com.br\/index.php?rest_route=\/wp\/v2\/posts\/1426\/revisions"}],"predecessor-version":[{"id":1429,"href":"https:\/\/correiosulgoiano.com.br\/index.php?rest_route=\/wp\/v2\/posts\/1426\/revisions\/1429"}],"wp:featuredmedia":[{"embeddable":true,"href":"https:\/\/correiosulgoiano.com.br\/index.php?rest_route=\/wp\/v2\/media\/1427"}],"wp:attachment":[{"href":"https:\/\/correiosulgoiano.com.br\/index.php?rest_route=%2Fwp%2Fv2%2Fmedia&parent=1426"}],"wp:term":[{"taxonomy":"category","embeddable":true,"href":"https:\/\/correiosulgoiano.com.br\/index.php?rest_route=%2Fwp%2Fv2%2Fcategories&post=1426"},{"taxonomy":"post_tag","embeddable":true,"href":"https:\/\/correiosulgoiano.com.br\/index.php?rest_route=%2Fwp%2Fv2%2Ftags&post=1426"}],"curies":[{"name":"wp","href":"https:\/\/api.w.org\/{rel}","templated":true}]}}