{"id":1450,"date":"2015-04-16T18:40:10","date_gmt":"2015-04-16T18:40:10","guid":{"rendered":"https:\/\/correiosulgoiano.com.br\/?p=1450"},"modified":"2015-04-17T00:19:05","modified_gmt":"2015-04-17T00:19:05","slug":"igreja-batista-ide-abre-suas-porstas-em-novo-endereco-em-caldas-novas","status":"publish","type":"post","link":"https:\/\/correiosulgoiano.com.br\/?p=1450","title":{"rendered":"Igreja Batista Ide abre suas portas em novo endere\u00e7o em Caldas Novas"},"content":{"rendered":"<p><span style=\"font-family: Verdana, Geneva, sans-serif; font-size: 14pt; color: #000000;\">Ser\u00e1 na sexta-feira, 24\/04, \u00e0s 19 horas e 30 minutos o culto de inaugura\u00e7\u00e3o da Igreja Batista Ide, em novo endere\u00e7o na cidade de Caldas Novas.<\/span><\/p>\n<p><a href=\"https:\/\/correiosulgoiano.com.br\/wp-content\/uploads\/2015\/04\/Igreja-Inaugura\u00e7\u00e3o.jpg\"><img loading=\"lazy\" class=\"alignnone  wp-image-1451\" src=\"https:\/\/correiosulgoiano.com.br\/wp-content\/uploads\/2015\/04\/Igreja-Inaugura\u00e7\u00e3o.jpg\" alt=\"Igreja Inaugura\u00e7\u00e3o\" width=\"470\" height=\"371\" srcset=\"https:\/\/correiosulgoiano.com.br\/wp-content\/uploads\/2015\/04\/Igreja-Inaugura\u00e7\u00e3o.jpg 1056w, https:\/\/correiosulgoiano.com.br\/wp-content\/uploads\/2015\/04\/Igreja-Inaugura\u00e7\u00e3o-300x237.jpg 300w, https:\/\/correiosulgoiano.com.br\/wp-content\/uploads\/2015\/04\/Igreja-Inaugura\u00e7\u00e3o-1024x808.jpg 1024w\" sizes=\"(max-width: 470px) 100vw, 470px\" \/><\/a><\/p>\n<p><span style=\"font-family: Verdana, Geneva, sans-serif; font-size: 14pt; color: #000000;\">O Pastor Jamil Vieira e sua esposa, Pastora Rosimeire ser\u00e3o os pastores dirigentes na nova Igreja, que funcionar\u00e1 \u00e0 Rua 7, Quadra 31, Lote 22, no setor Itaic\u00ed II.<\/span><\/p>\n<p><span style=\"font-family: Verdana, Geneva, sans-serif; font-size: 14pt; color: #000000;\">O Pastor presidente da IBI, Andr\u00e9 Rocha disse que trata-se de um momento especial para a igreja, que amplia seu alcance levando a mensagem do Evangelho a mais pessoas.<\/span><\/p>\n<p><span style=\"font-family: Verdana, Geneva, sans-serif; font-size: 14pt; color: #000000;\">A Pastora El\u00ea Lobo disse que a palavra de Deus precisa ser pregada com amor e dedica\u00e7\u00e3o e \u00e9 isso que os pastores Jamil e Rosimeire far\u00e3o em Caldas Novas.<\/span><\/p>\n<p><span style=\"font-family: Verdana, Geneva, sans-serif; font-size: 14pt; color: #000000;\">Pastor Jamil sempre foi um homem dedicado e com especial chamado ao pastorado, e sua esposa Rosimeire sempre foi muito apaixonada e dedicada \u00e0 obra de Deus.<\/span><\/p>\n<p><span style=\"font-family: Verdana, Geneva, sans-serif; font-size: 14pt; color: #000000;\">Os dois est\u00e3o muito felizes com esse novo desafio e convidam as pessoas a comparecerem ao Culto de inaugura\u00e7\u00e3o do dia 24\/04.<\/span><\/p>\n<p><span style=\"font-family: Verdana, Geneva, sans-serif; font-size: 14pt; color: #000000;\">Que Deus os aben\u00e7oe, sempre, cada vez mais e mais. (Da reda\u00e7\u00e3o, por Leonardo Costa)<\/span><\/p>\n<p><a href=\"https:\/\/correiosulgoiano.com.br\/wp-content\/uploads\/2015\/04\/Panela-de-Barro-Site-Novo-01.jpg\"><img loading=\"lazy\" class=\"alignnone  wp-image-1259\" src=\"https:\/\/correiosulgoiano.com.br\/wp-content\/uploads\/2015\/04\/Panela-de-Barro-Site-Novo-01.jpg\" alt=\"Panela de Barro Site Novo - 01\" width=\"643\" height=\"215\" srcset=\"https:\/\/correiosulgoiano.com.br\/wp-content\/uploads\/2015\/04\/Panela-de-Barro-Site-Novo-01.jpg 789w, https:\/\/correiosulgoiano.com.br\/wp-content\/uploads\/2015\/04\/Panela-de-Barro-Site-Novo-01-300x100.jpg 300w\" sizes=\"(max-width: 643px) 100vw, 643px\" \/><\/a><\/p>\n<p><a href=\"https:\/\/correiosulgoiano.com.br\/wp-content\/uploads\/2015\/04\/Mercotintas-Banner-Site-01.jpg\"><img loading=\"lazy\" class=\"alignnone  wp-image-1257\" src=\"https:\/\/correiosulgoiano.com.br\/wp-content\/uploads\/2015\/04\/Mercotintas-Banner-Site-01.jpg\" alt=\"Mercotintas Banner Site - 01\" width=\"995\" height=\"124\" srcset=\"https:\/\/correiosulgoiano.com.br\/wp-content\/uploads\/2015\/04\/Mercotintas-Banner-Site-01.jpg 1172w, https:\/\/correiosulgoiano.com.br\/wp-content\/uploads\/2015\/04\/Mercotintas-Banner-Site-01-300x37.jpg 300w, https:\/\/correiosulgoiano.com.br\/wp-content\/uploads\/2015\/04\/Mercotintas-Banner-Site-01-1024x128.jpg 1024w\" sizes=\"(max-width: 995px) 100vw, 995px\" \/><\/a><\/p>\n","protected":false},"excerpt":{"rendered":"<p>Ser\u00e1 na sexta-feira, 24\/04, \u00e0s 19 horas e 30 minutos o culto de inaugura\u00e7\u00e3o da Igreja Batista Ide, em novo endere\u00e7o na cidade de Caldas Novas. O Pastor Jamil Vieira e sua esposa, Pastora Rosimeire ser\u00e3o os pastores dirigentes na nova Igreja, que funcionar\u00e1 \u00e0 Rua 7, Quadra 31, Lote 22, no setor Itaic\u00ed II. &#8230;<\/p>\n","protected":false},"author":1,"featured_media":1452,"comment_status":"open","ping_status":"open","sticky":false,"template":"","format":"standard","meta":{"spay_email":"","jetpack_publicize_message":""},"categories":[46],"tags":[371,55,383,385,384,54,224,386],"jetpack_featured_media_url":"https:\/\/correiosulgoiano.com.br\/wp-content\/uploads\/2015\/04\/Igreja-Inaugura\u00e7\u00e3o2.jpg","jetpack_publicize_connections":[],"_links":{"self":[{"href":"https:\/\/correiosulgoiano.com.br\/index.php?rest_route=\/wp\/v2\/posts\/1450"}],"collection":[{"href":"https:\/\/correiosulgoiano.com.br\/index.php?rest_route=\/wp\/v2\/posts"}],"about":[{"href":"https:\/\/correiosulgoiano.com.br\/index.php?rest_route=\/wp\/v2\/types\/post"}],"author":[{"embeddable":true,"href":"https:\/\/correiosulgoiano.com.br\/index.php?rest_route=\/wp\/v2\/users\/1"}],"replies":[{"embeddable":true,"href":"https:\/\/correiosulgoiano.com.br\/index.php?rest_route=%2Fwp%2Fv2%2Fcomments&post=1450"}],"version-history":[{"count":4,"href":"https:\/\/correiosulgoiano.com.br\/index.php?rest_route=\/wp\/v2\/posts\/1450\/revisions"}],"predecessor-version":[{"id":1456,"href":"https:\/\/correiosulgoiano.com.br\/index.php?rest_route=\/wp\/v2\/posts\/1450\/revisions\/1456"}],"wp:featuredmedia":[{"embeddable":true,"href":"https:\/\/correiosulgoiano.com.br\/index.php?rest_route=\/wp\/v2\/media\/1452"}],"wp:attachment":[{"href":"https:\/\/correiosulgoiano.com.br\/index.php?rest_route=%2Fwp%2Fv2%2Fmedia&parent=1450"}],"wp:term":[{"taxonomy":"category","embeddable":true,"href":"https:\/\/correiosulgoiano.com.br\/index.php?rest_route=%2Fwp%2Fv2%2Fcategories&post=1450"},{"taxonomy":"post_tag","embeddable":true,"href":"https:\/\/correiosulgoiano.com.br\/index.php?rest_route=%2Fwp%2Fv2%2Ftags&post=1450"}],"curies":[{"name":"wp","href":"https:\/\/api.w.org\/{rel}","templated":true}]}}