{"id":14633,"date":"2019-04-25T01:49:27","date_gmt":"2019-04-25T04:49:27","guid":{"rendered":"https:\/\/correiosulgoiano.com.br\/?p=14633"},"modified":"2019-04-25T01:50:17","modified_gmt":"2019-04-25T04:50:17","slug":"suspeito-de-assassinar-o-professor-sebastiao-foi-preso-pela-policia-civil-em-goiatuba","status":"publish","type":"post","link":"https:\/\/correiosulgoiano.com.br\/?p=14633","title":{"rendered":"SUSPEITO DE ASSASSINAR O PROFESSOR SEBASTI\u00c3O FOI PRESO PELA POL\u00cdCIA CIVIL EM GOIATUBA"},"content":{"rendered":"<p><span style=\"font-size: 12pt; font-family: Verdana, Geneva, sans-serif; color: #000000;\">A crueldade, a sordidez e a desnecess\u00e1ria viol\u00eancia contra o professor Sebasti\u00e3o ainda chocam a comunidade de Goiatuba.<\/span><\/p>\n<p><span style=\"font-size: 12pt; font-family: Verdana, Geneva, sans-serif; color: #000000;\">O Correio Sul Goiano apurou que no terceiro dia ap\u00f3s a descoberta do assassinato, o delegado Patrick Carniel e seus comandados da Delegacia de Pol\u00edcia Civil de Goiatuba, prenderam o suspeito de ser o autor do latroc\u00ednio ocorrido no domingo de p\u00e1scoa, 21\/04\/19.<\/span><\/p>\n<p>OBS: Para compartilhar esta not\u00edcia clique em CURTIR ao fim desta p\u00e1gina<\/p>\n<p><a href=\"https:\/\/correiosulgoiano.com.br\/wp-content\/uploads\/2019\/01\/LUMI-MILU-26.jpg\"><img loading=\"lazy\" class=\" wp-image-14077 aligncenter\" src=\"https:\/\/correiosulgoiano.com.br\/wp-content\/uploads\/2019\/01\/LUMI-MILU-26.jpg\" alt=\"\" width=\"411\" height=\"311\" srcset=\"https:\/\/correiosulgoiano.com.br\/wp-content\/uploads\/2019\/01\/LUMI-MILU-26.jpg 1284w, https:\/\/correiosulgoiano.com.br\/wp-content\/uploads\/2019\/01\/LUMI-MILU-26-300x227.jpg 300w, https:\/\/correiosulgoiano.com.br\/wp-content\/uploads\/2019\/01\/LUMI-MILU-26-768x581.jpg 768w, https:\/\/correiosulgoiano.com.br\/wp-content\/uploads\/2019\/01\/LUMI-MILU-26-1024x774.jpg 1024w\" sizes=\"(max-width: 411px) 100vw, 411px\" \/><\/a><\/p>\n<p><span style=\"font-size: 12pt; font-family: Verdana, Geneva, sans-serif; color: #000000;\">Nosso rep\u00f3rter, Leonardo Costa foi informado que durante a investiga\u00e7\u00e3o os policiais conseguiram desvendar que alguns dias antes do latroc\u00ednio, um homem por nome Walisson Moura Silva, de 24 anos, que conhecia o Professor Sebasti\u00e3o esbo\u00e7ou interesse em matar o professor para rouba-lo.<\/span><\/p>\n<p><span style=\"font-size: 12pt; font-family: Verdana, Geneva, sans-serif; color: #000000;\">O delegado descobriu que Walisson planejou roubar o ve\u00edculo do professor, e em seguida, para n\u00e3o ser reconhecido, mat\u00e1-lo. Para isso, ele teria convidado um menor para acompanh\u00e1-lo na a\u00e7\u00e3o criminosa.<\/span><\/p>\n<p><span style=\"font-size: 12pt; font-family: Verdana, Geneva, sans-serif; color: #000000;\">Mas, o menor recusou-se a participar do latroc\u00ednio \u2013 fato que n\u00e3o impediu que Walisson seguisse com seu plano mesmo sozinho.<\/span><\/p>\n<p><a href=\"https:\/\/correiosulgoiano.com.br\/wp-content\/uploads\/2019\/04\/Sebastiao-sUSPEITO2.jpg\"><img loading=\"lazy\" class=\" wp-image-14634 aligncenter\" src=\"https:\/\/correiosulgoiano.com.br\/wp-content\/uploads\/2019\/04\/Sebastiao-sUSPEITO2.jpg\" alt=\"\" width=\"293\" height=\"197\" srcset=\"https:\/\/correiosulgoiano.com.br\/wp-content\/uploads\/2019\/04\/Sebastiao-sUSPEITO2.jpg 1279w, https:\/\/correiosulgoiano.com.br\/wp-content\/uploads\/2019\/04\/Sebastiao-sUSPEITO2-300x202.jpg 300w, https:\/\/correiosulgoiano.com.br\/wp-content\/uploads\/2019\/04\/Sebastiao-sUSPEITO2-768x517.jpg 768w, https:\/\/correiosulgoiano.com.br\/wp-content\/uploads\/2019\/04\/Sebastiao-sUSPEITO2-1024x689.jpg 1024w, https:\/\/correiosulgoiano.com.br\/wp-content\/uploads\/2019\/04\/Sebastiao-sUSPEITO2-290x195.jpg 290w\" sizes=\"(max-width: 293px) 100vw, 293px\" \/><\/a><\/p>\n<p><span style=\"font-size: 12pt; font-family: Verdana, Geneva, sans-serif; color: #000000;\">O Correio Sul Goiano foi informado que Walisson combinou com o professor Sebasti\u00e3o de os dois assistirem um filme na resid\u00eancia da v\u00edtima.<\/span><\/p>\n<p><span style=\"font-size: 12pt; font-family: Verdana, Geneva, sans-serif; color: #000000;\">No dia combinado, o professor buscou Walisson em seu carro, tendo ambos se dirigido para a casa de Sebasti\u00e3o \u2013 onde o crime aconteceu.<\/span><\/p>\n<p><a href=\"https:\/\/correiosulgoiano.com.br\/wp-content\/uploads\/2019\/04\/astec.jpg\"><img loading=\"lazy\" class=\" wp-image-14635 aligncenter\" src=\"https:\/\/correiosulgoiano.com.br\/wp-content\/uploads\/2019\/04\/astec.jpg\" alt=\"\" width=\"282\" height=\"282\" srcset=\"https:\/\/correiosulgoiano.com.br\/wp-content\/uploads\/2019\/04\/astec.jpg 960w, https:\/\/correiosulgoiano.com.br\/wp-content\/uploads\/2019\/04\/astec-150x150.jpg 150w, https:\/\/correiosulgoiano.com.br\/wp-content\/uploads\/2019\/04\/astec-300x300.jpg 300w, https:\/\/correiosulgoiano.com.br\/wp-content\/uploads\/2019\/04\/astec-768x768.jpg 768w, https:\/\/correiosulgoiano.com.br\/wp-content\/uploads\/2019\/04\/astec-55x55.jpg 55w\" sizes=\"(max-width: 282px) 100vw, 282px\" \/><\/a><\/p>\n<p><span style=\"font-size: 12pt; font-family: Verdana, Geneva, sans-serif; color: #000000;\">O delegado Patrick Carniel contou que, em determinado momento, aproveitando-se da distra\u00e7\u00e3o do professor, enquanto este colocava o disco no aparelho de DVD, Walisson pegou o fio, que tinha levado consigo, e passou no pesco\u00e7o de Sebasti\u00e3o asfixiando-o at\u00e9 a morte.<\/span><\/p>\n<p><span style=\"font-size: 12pt; font-family: Verdana, Geneva, sans-serif; color: #000000;\">Com o professor morto, Walisson seguiu com seu plano. Ele planejou dissimular o local do crime. Para tanto, amarrou as m\u00e3os e as pernas do professor.<\/span><\/p>\n<p><a href=\"https:\/\/correiosulgoiano.com.br\/wp-content\/uploads\/2017\/10\/New-01.jpg\"><img loading=\"lazy\" class=\" wp-image-14486 aligncenter\" src=\"https:\/\/correiosulgoiano.com.br\/wp-content\/uploads\/2017\/10\/New-01.jpg\" alt=\"\" width=\"292\" height=\"292\" srcset=\"https:\/\/correiosulgoiano.com.br\/wp-content\/uploads\/2017\/10\/New-01.jpg 960w, https:\/\/correiosulgoiano.com.br\/wp-content\/uploads\/2017\/10\/New-01-150x150.jpg 150w, https:\/\/correiosulgoiano.com.br\/wp-content\/uploads\/2017\/10\/New-01-300x300.jpg 300w, https:\/\/correiosulgoiano.com.br\/wp-content\/uploads\/2017\/10\/New-01-768x768.jpg 768w, https:\/\/correiosulgoiano.com.br\/wp-content\/uploads\/2017\/10\/New-01-55x55.jpg 55w\" sizes=\"(max-width: 292px) 100vw, 292px\" \/><\/a><\/p>\n<p><span style=\"font-size: 12pt; font-family: Verdana, Geneva, sans-serif; color: #000000;\">Em seguida, com Sebasti\u00e3o morto na sala da casa, Walisson ficou \u00e0 vontade para subtrair algumas joias, entre elas o rel\u00f3gio e tr\u00eas pulseiras, todos de ouro. N\u00e3o satisfeito, ele roubou tamb\u00e9m o carro do professor \u2013 um GM Prisma de cor prata, com placa ONU 5102.<\/span><\/p>\n<p><span style=\"font-size: 12pt; font-family: Verdana, Geneva, sans-serif; color: #000000;\">Walisson saiu com o carro roubado em dire\u00e7\u00e3o \u00e0 Aparecida de Goi\u00e2nia, onde pretendia vender o ve\u00edculo. Sua ousadia foi tanta que ele parou em um posto de combust\u00edveis da cidade e abasteceu o carro.<\/span><\/p>\n<p><a href=\"https:\/\/correiosulgoiano.com.br\/wp-content\/uploads\/2016\/11\/Mercotintas-Banner-Site-01.jpg\"><img loading=\"lazy\" class=\" wp-image-8826 aligncenter\" src=\"https:\/\/correiosulgoiano.com.br\/wp-content\/uploads\/2016\/11\/Mercotintas-Banner-Site-01.jpg\" alt=\"\" width=\"689\" height=\"86\" srcset=\"https:\/\/correiosulgoiano.com.br\/wp-content\/uploads\/2016\/11\/Mercotintas-Banner-Site-01.jpg 1172w, https:\/\/correiosulgoiano.com.br\/wp-content\/uploads\/2016\/11\/Mercotintas-Banner-Site-01-300x37.jpg 300w, https:\/\/correiosulgoiano.com.br\/wp-content\/uploads\/2016\/11\/Mercotintas-Banner-Site-01-1024x128.jpg 1024w\" sizes=\"(max-width: 689px) 100vw, 689px\" \/><\/a><\/p>\n<p><span style=\"font-size: 12pt; font-family: Verdana, Geneva, sans-serif; color: #000000;\">Mas, enquanto trafegava pela rodovia GO-213, o ladr\u00e3o suspeito acabou colidindo com outro carro, o que ocasionou o capotamento do ve\u00edculo roubado e, por conseguinte, o abandono do mesmo.<\/span><\/p>\n<p><span style=\"font-size: 12pt; font-family: Verdana, Geneva, sans-serif; color: #000000;\">Patrick Carniel informou que Walison foi preso na casa onde mora e confessou o crime, informando todos esses detalhes de como teria praticado o crime.<\/span><\/p>\n<p><span style=\"font-size: 12pt; font-family: Verdana, Geneva, sans-serif; color: #000000;\">Foi decretada sua pris\u00e3o tempor\u00e1ria, pelo prazo de 30 dias.<\/span><\/p>\n<p>OBS: Para compartilhar esta not\u00edcia clique em CURTIR no fim da p\u00e1gina<\/p>\n<p><a href=\"https:\/\/correiosulgoiano.com.br\/wp-content\/uploads\/2019\/04\/PELICANO-21.jpg\"><img loading=\"lazy\" class=\"wp-image-14537 aligncenter\" src=\"https:\/\/correiosulgoiano.com.br\/wp-content\/uploads\/2019\/04\/PELICANO-21.jpg\" alt=\"\" width=\"395\" height=\"296\" srcset=\"https:\/\/correiosulgoiano.com.br\/wp-content\/uploads\/2019\/04\/PELICANO-21.jpg 782w, https:\/\/correiosulgoiano.com.br\/wp-content\/uploads\/2019\/04\/PELICANO-21-300x225.jpg 300w, https:\/\/correiosulgoiano.com.br\/wp-content\/uploads\/2019\/04\/PELICANO-21-768x576.jpg 768w\" sizes=\"(max-width: 395px) 100vw, 395px\" \/><\/a><\/p>\n<p><span style=\"font-size: 12pt; font-family: Verdana, Geneva, sans-serif; color: #000000;\">O Correio Sul Goiano apurou tamb\u00e9m que as joias subtra\u00eddas da v\u00edtima foram localizadas pela Pol\u00edcia Civil na posse de um comerciante, Osmar Batista Dias, que teria comprado todas elas de Walisson.<\/span><\/p>\n<p><span style=\"font-size: 12pt; font-family: Verdana, Geneva, sans-serif; color: #000000;\">O delegado disse que Osmar foi detido suspeito do crime de recepta\u00e7\u00e3o qualificada.<\/span><\/p>\n<p><span style=\"font-size: 12pt; font-family: Verdana, Geneva, sans-serif; color: #000000;\">Walisson foi levado \u00e0 Unidade Prisional de Goiatuba, onde se encontra \u00e0 disposi\u00e7\u00e3o do Poder Judici\u00e1rio.<\/span><\/p>\n<p>FONTE: Pol\u00edcia Civil, delegados Ricardo Torres Chueire e Patrick Carniel<\/p>\n<p>#correiosulgoiano #goiatuba #homic\u00eddio #dpgoiatuba #policiacivilgoias #pccontraocrime #6DRP<\/p>\n<p><a href=\"https:\/\/correiosulgoiano.com.br\/wp-content\/uploads\/2019\/04\/Professor-02.jpg\"><img loading=\"lazy\" class=\" wp-image-14636 aligncenter\" src=\"https:\/\/correiosulgoiano.com.br\/wp-content\/uploads\/2019\/04\/Professor-02.jpg\" alt=\"\" width=\"271\" height=\"361\" srcset=\"https:\/\/correiosulgoiano.com.br\/wp-content\/uploads\/2019\/04\/Professor-02.jpg 720w, https:\/\/correiosulgoiano.com.br\/wp-content\/uploads\/2019\/04\/Professor-02-225x300.jpg 225w\" sizes=\"(max-width: 271px) 100vw, 271px\" \/><\/a><\/p>\n<p style=\"text-align: center;\"><span style=\"color: #ff0000;\"><strong>SUSPEITO TERIA CONFESSADO O CRIME<\/strong><\/span><\/p>\n<p><a href=\"https:\/\/correiosulgoiano.com.br\/wp-content\/uploads\/2018\/03\/A-Mix-Banner-Sit-Visual.jpg\"><img loading=\"lazy\" class=\" wp-image-13254 aligncenter\" src=\"https:\/\/correiosulgoiano.com.br\/wp-content\/uploads\/2018\/03\/A-Mix-Banner-Sit-Visual.jpg\" alt=\"\" width=\"293\" height=\"156\" srcset=\"https:\/\/correiosulgoiano.com.br\/wp-content\/uploads\/2018\/03\/A-Mix-Banner-Sit-Visual.jpg 620w, https:\/\/correiosulgoiano.com.br\/wp-content\/uploads\/2018\/03\/A-Mix-Banner-Sit-Visual-300x160.jpg 300w\" sizes=\"(max-width: 293px) 100vw, 293px\" \/><\/a><\/p>\n<p style=\"text-align: center;\"><span style=\"color: #ff0000;\"><strong>SUSPEITO TERIA CONFESSADO O CRIME<\/strong><\/span><\/p>\n<p><a href=\"https:\/\/correiosulgoiano.com.br\/wp-content\/uploads\/2019\/04\/Professor-03.jpg\"><img loading=\"lazy\" class=\" wp-image-14637 aligncenter\" src=\"https:\/\/correiosulgoiano.com.br\/wp-content\/uploads\/2019\/04\/Professor-03.jpg\" alt=\"\" width=\"226\" height=\"321\" srcset=\"https:\/\/correiosulgoiano.com.br\/wp-content\/uploads\/2019\/04\/Professor-03.jpg 437w, https:\/\/correiosulgoiano.com.br\/wp-content\/uploads\/2019\/04\/Professor-03-211x300.jpg 211w\" sizes=\"(max-width: 226px) 100vw, 226px\" \/><\/a><\/p>\n<p style=\"text-align: center;\"><span style=\"color: #ff0000;\"><strong>SUSPEITO TERIA CONFESSADO O CRIME<\/strong><\/span><\/p>\n<p><a href=\"https:\/\/correiosulgoiano.com.br\/wp-content\/uploads\/2019\/02\/PAGAMENTO.jpg\"><img loading=\"lazy\" class=\" wp-image-14304 aligncenter\" src=\"https:\/\/correiosulgoiano.com.br\/wp-content\/uploads\/2019\/02\/PAGAMENTO.jpg\" alt=\"\" width=\"317\" height=\"388\" srcset=\"https:\/\/correiosulgoiano.com.br\/wp-content\/uploads\/2019\/02\/PAGAMENTO.jpg 800w, https:\/\/correiosulgoiano.com.br\/wp-content\/uploads\/2019\/02\/PAGAMENTO-245x300.jpg 245w, https:\/\/correiosulgoiano.com.br\/wp-content\/uploads\/2019\/02\/PAGAMENTO-768x941.jpg 768w\" sizes=\"(max-width: 317px) 100vw, 317px\" \/><\/a><\/p>\n<p style=\"text-align: center;\"><span style=\"color: #ff0000;\"><strong>SUSPEITO TERIA CONFESSADO O CRIME<\/strong><\/span><\/p>\n<p><a href=\"https:\/\/correiosulgoiano.com.br\/wp-content\/uploads\/2017\/08\/Retifica-Uni\u00e3o-de-Motores-Fera.jpg\"><img loading=\"lazy\" class=\" wp-image-11979 aligncenter\" src=\"https:\/\/correiosulgoiano.com.br\/wp-content\/uploads\/2017\/08\/Retifica-Uni\u00e3o-de-Motores-Fera.jpg\" alt=\"\" width=\"629\" height=\"299\" srcset=\"https:\/\/correiosulgoiano.com.br\/wp-content\/uploads\/2017\/08\/Retifica-Uni\u00e3o-de-Motores-Fera.jpg 3191w, https:\/\/correiosulgoiano.com.br\/wp-content\/uploads\/2017\/08\/Retifica-Uni\u00e3o-de-Motores-Fera-300x143.jpg 300w, https:\/\/correiosulgoiano.com.br\/wp-content\/uploads\/2017\/08\/Retifica-Uni\u00e3o-de-Motores-Fera-1024x487.jpg 1024w\" sizes=\"(max-width: 629px) 100vw, 629px\" \/><\/a><\/p>\n<p style=\"text-align: center;\"><span style=\"color: #ff0000;\"><strong>SUSPEITO TERIA CONFESSADO O CRIME<\/strong><\/span><\/p>\n","protected":false},"excerpt":{"rendered":"<p>A crueldade, a sordidez e a desnecess\u00e1ria viol\u00eancia contra o professor Sebasti\u00e3o ainda chocam a comunidade de Goiatuba. O Correio Sul Goiano apurou que no terceiro dia ap\u00f3s a descoberta do assassinato, o delegado Patrick Carniel e seus comandados da Delegacia de Pol\u00edcia Civil de Goiatuba, prenderam o suspeito de ser o autor do latroc\u00ednio &#8230;<\/p>\n","protected":false},"author":1,"featured_media":14634,"comment_status":"open","ping_status":"open","sticky":false,"template":"","format":"standard","meta":{"spay_email":"","jetpack_publicize_message":""},"categories":[45],"tags":[],"jetpack_featured_media_url":"https:\/\/correiosulgoiano.com.br\/wp-content\/uploads\/2019\/04\/Sebastiao-sUSPEITO2.jpg","jetpack_publicize_connections":[],"_links":{"self":[{"href":"https:\/\/correiosulgoiano.com.br\/index.php?rest_route=\/wp\/v2\/posts\/14633"}],"collection":[{"href":"https:\/\/correiosulgoiano.com.br\/index.php?rest_route=\/wp\/v2\/posts"}],"about":[{"href":"https:\/\/correiosulgoiano.com.br\/index.php?rest_route=\/wp\/v2\/types\/post"}],"author":[{"embeddable":true,"href":"https:\/\/correiosulgoiano.com.br\/index.php?rest_route=\/wp\/v2\/users\/1"}],"replies":[{"embeddable":true,"href":"https:\/\/correiosulgoiano.com.br\/index.php?rest_route=%2Fwp%2Fv2%2Fcomments&post=14633"}],"version-history":[{"count":2,"href":"https:\/\/correiosulgoiano.com.br\/index.php?rest_route=\/wp\/v2\/posts\/14633\/revisions"}],"predecessor-version":[{"id":14639,"href":"https:\/\/correiosulgoiano.com.br\/index.php?rest_route=\/wp\/v2\/posts\/14633\/revisions\/14639"}],"wp:featuredmedia":[{"embeddable":true,"href":"https:\/\/correiosulgoiano.com.br\/index.php?rest_route=\/wp\/v2\/media\/14634"}],"wp:attachment":[{"href":"https:\/\/correiosulgoiano.com.br\/index.php?rest_route=%2Fwp%2Fv2%2Fmedia&parent=14633"}],"wp:term":[{"taxonomy":"category","embeddable":true,"href":"https:\/\/correiosulgoiano.com.br\/index.php?rest_route=%2Fwp%2Fv2%2Fcategories&post=14633"},{"taxonomy":"post_tag","embeddable":true,"href":"https:\/\/correiosulgoiano.com.br\/index.php?rest_route=%2Fwp%2Fv2%2Ftags&post=14633"}],"curies":[{"name":"wp","href":"https:\/\/api.w.org\/{rel}","templated":true}]}}