{"id":15497,"date":"2020-11-04T07:22:11","date_gmt":"2020-11-04T10:22:11","guid":{"rendered":"https:\/\/correiosulgoiano.com.br\/?p=15497"},"modified":"2020-11-04T07:22:11","modified_gmt":"2020-11-04T10:22:11","slug":"visitas-serao-retomadas-em-presidios-goianos-veja-aqui-quais-as-regras-e-como-sera-a-visitacao","status":"publish","type":"post","link":"https:\/\/correiosulgoiano.com.br\/?p=15497","title":{"rendered":"VISITAS SER\u00c3O RETOMADAS EM PRES\u00cdDIOS GOIANOS&#8230;  VEJA AQUI QUAIS AS REGRAS E COMO SER\u00c1 A VISITA\u00c7\u00c3O"},"content":{"rendered":"<p><span style=\"font-size: 12pt; font-family: Verdana, Geneva, sans-serif;\">DGAP anuncia retomada gradual das visitas nas Unidades Prisionais a partir desta quarta-feira, 04\/11.\u00a0<\/span><span style=\"font-size: 12pt; font-family: Verdana, Geneva, sans-serif;\">O Correio Sul Goiano apurou que ser\u00e1 liberado um visitante, por m\u00eas, para cada preso e todos seguir\u00e3o um protocolo rigoroso para garantir o controle e preven\u00e7\u00e3o da Covid-19 nos pres\u00eddios.<\/span><\/p>\n<p><span style=\"font-size: 12pt; font-family: Verdana, Geneva, sans-serif;\">Na noite de ter\u00e7a-feira, 03\/11, a Diretoria-Geral de Administra\u00e7\u00e3o Penitenci\u00e1ria \u2013 DGAP \u2013 anunciou a retomada gradual das visitas presenciais e tamb\u00e9m as atividades externas nas Unidades Prisionais do Estado de Goi\u00e1s, j\u00e1 a partir desta quarta-feira, dia 04\/11.<\/span><\/p>\n<p><a href=\"https:\/\/correiosulgoiano.com.br\/wp-content\/uploads\/2020\/07\/Astec-Irriga\u00e7\u00e3o-PIVOT-e1473457332356.png\"><img loading=\"lazy\" class=\" wp-image-15361 aligncenter\" src=\"https:\/\/correiosulgoiano.com.br\/wp-content\/uploads\/2020\/07\/Astec-Irriga\u00e7\u00e3o-PIVOT-e1473457332356.png\" alt=\"\" width=\"608\" height=\"163\" srcset=\"https:\/\/correiosulgoiano.com.br\/wp-content\/uploads\/2020\/07\/Astec-Irriga\u00e7\u00e3o-PIVOT-e1473457332356.png 1280w, https:\/\/correiosulgoiano.com.br\/wp-content\/uploads\/2020\/07\/Astec-Irriga\u00e7\u00e3o-PIVOT-e1473457332356-300x80.png 300w, https:\/\/correiosulgoiano.com.br\/wp-content\/uploads\/2020\/07\/Astec-Irriga\u00e7\u00e3o-PIVOT-e1473457332356-768x206.png 768w, https:\/\/correiosulgoiano.com.br\/wp-content\/uploads\/2020\/07\/Astec-Irriga\u00e7\u00e3o-PIVOT-e1473457332356-1024x274.png 1024w\" sizes=\"(max-width: 608px) 100vw, 608px\" \/><\/a><\/p>\n<p><span style=\"font-size: 12pt; font-family: Verdana, Geneva, sans-serif;\">O an\u00fancio foi feito durante uma entrevista coletiva para a imprensa, na sede da DGAP, quando foi apresentada a portaria 243\/2020.<\/span><\/p>\n<p><span style=\"font-size: 12pt; font-family: Verdana, Geneva, sans-serif;\">O diretor-Geral de Administra\u00e7\u00e3o Penitenci\u00e1ria, coronel Agnaldo Augusto da Cruz, fez um balan\u00e7o das a\u00e7\u00f5es realizadas pela institui\u00e7\u00e3o nos \u00faltimos meses para resguardar a sa\u00fade dos servidores e custodiados e explicou que o \u00edndice epidemiol\u00f3gico das unidades prisionais foi e, segundo ele, continuar\u00e1 sendo utilizado para monitorar, controlar e prevenir o avan\u00e7o do COVID-19 no sistema prisional do Estado.<\/span><\/p>\n<p><span style=\"font-size: 12pt; font-family: Verdana, Geneva, sans-serif;\">O diretor apresentou o boletim epidemiol\u00f3gico da DGAP. Foram cinco \u00f3bitos, e o diretor explicou que nenhum deles contraiu a doen\u00e7a dentro das unidades prisionais e tinham comorbidades.<\/span><\/p>\n<p><a href=\"https:\/\/correiosulgoiano.com.br\/wp-content\/uploads\/2020\/07\/Celeiro-Site-Novo-01.jpg\"><img loading=\"lazy\" class=\" wp-image-15360 aligncenter\" src=\"https:\/\/correiosulgoiano.com.br\/wp-content\/uploads\/2020\/07\/Celeiro-Site-Novo-01.jpg\" alt=\"\" width=\"366\" height=\"124\" srcset=\"https:\/\/correiosulgoiano.com.br\/wp-content\/uploads\/2020\/07\/Celeiro-Site-Novo-01.jpg 792w, https:\/\/correiosulgoiano.com.br\/wp-content\/uploads\/2020\/07\/Celeiro-Site-Novo-01-300x102.jpg 300w, https:\/\/correiosulgoiano.com.br\/wp-content\/uploads\/2020\/07\/Celeiro-Site-Novo-01-768x260.jpg 768w\" sizes=\"(max-width: 366px) 100vw, 366px\" \/><\/a><\/p>\n<p><span style=\"font-size: 12pt; font-family: Verdana, Geneva, sans-serif;\">\u201cEstes dados marcam o escore transparente do sistema prisional. Hoje dos mais de 22 mil presos, n\u00f3s temos apenas um internado. Isto viabiliza esta discuss\u00e3o que estamos tendo de reabertura porque realmente o \u00edndice de contamina\u00e7\u00e3o e sobretudo de preso que precisa de tratamento ambulatorial est\u00e1 baixo\u201d, disse o coronel Agnaldo Augusto da Cruz.\u00a0<\/span><\/p>\n<p><span style=\"font-size: 12pt; font-family: Verdana, Geneva, sans-serif;\">Ele ainda ressaltou que para viabilizar as visitas, a DGAP elaborou um protocolo, ap\u00f3s an\u00e1lises e estudos minuciosos, o qual foi pactuado no Comit\u00ea de Opera\u00e7\u00f5es de Emerg\u00eancias \u2013 COE \u2013 e, posteriormente, aprovado na Comiss\u00e3o Intergestores Bipartits \u2013 CIB.<\/span><\/p>\n<p><span style=\"font-size: 12pt; font-family: Verdana, Geneva, sans-serif;\">Institui\u00e7\u00f5es como o Minist\u00e9rio P\u00fablico, Poder Judici\u00e1rio, Defensoria P\u00fablica e integrantes do COE tamb\u00e9m consignaram apoio \u00e0s regras determinadas para a reabertura aos visitantes.<\/span><\/p>\n<p><a href=\"https:\/\/correiosulgoiano.com.br\/wp-content\/uploads\/2020\/11\/000010.jpg\"><img loading=\"lazy\" class=\" wp-image-15499 aligncenter\" src=\"https:\/\/correiosulgoiano.com.br\/wp-content\/uploads\/2020\/11\/000010.jpg\" alt=\"\" width=\"454\" height=\"341\" srcset=\"https:\/\/correiosulgoiano.com.br\/wp-content\/uploads\/2020\/11\/000010.jpg 960w, https:\/\/correiosulgoiano.com.br\/wp-content\/uploads\/2020\/11\/000010-300x225.jpg 300w, https:\/\/correiosulgoiano.com.br\/wp-content\/uploads\/2020\/11\/000010-768x576.jpg 768w\" sizes=\"(max-width: 454px) 100vw, 454px\" \/><\/a><\/p>\n<p><span style=\"font-size: 12pt; font-family: Verdana, Geneva, sans-serif;\">Ap\u00f3s as an\u00e1lises do COE e CIB, a autoriza\u00e7\u00e3o para a retomada gradual das visitas foi comunicada \u00e0 DGAP pelo secret\u00e1rio de Estado da Sa\u00fade, Ismael Alexandrino, via of\u00edcio, no qual informou a nota t\u00e9cnica com as regras que devem ser obedecidas.<\/span><\/p>\n<p><span style=\"font-size: 12pt; font-family: Verdana, Geneva, sans-serif;\">O Correio Sul Goiano observou que, pelo que consta na nota t\u00e9cnica, entre as regras, ser\u00e1 liberada a entrada de um visitante credenciado por m\u00eas para cada custodiado, sendo permitido somente a visita de esposa, c\u00f4njuge, companheiro, companheira, pais, filhos ou irm\u00e3os. Os presos continuam tendo acesso \u00e0s visitas virtuais.<\/span><\/p>\n<p><span style=\"font-size: 12pt; font-family: Verdana, Geneva, sans-serif;\">As visitas presenciais ser\u00e3o agendadas nas ag\u00eancias do Vapt Vupt ou diretamente nas unidades prisionais e podem ocorrer qualquer dia do m\u00eas, no per\u00edodo da manh\u00e3 ou da tarde.<\/span><\/p>\n<p><span style=\"font-size: 12pt; font-family: Verdana, Geneva, sans-serif;\">O visitante n\u00e3o pode pertencer ao grupo de risco e nem apresentar qualquer sintoma sugestivo para Covid-19.<\/span><\/p>\n<p><span style=\"font-size: 12pt; font-family: Verdana, Geneva, sans-serif;\">As visitas religiosas dever\u00e3o ser definidas pela DGAP e as visitas de advogado tamb\u00e9m est\u00e3o liberadas, uma vez por m\u00eas, para cada preso.<\/span><\/p>\n<p><span style=\"font-size: 12pt; font-family: Verdana, Geneva, sans-serif;\">As visitas \u00edntimas continuam suspensas.<\/span><\/p>\n<p><a href=\"https:\/\/correiosulgoiano.com.br\/wp-content\/uploads\/2020\/11\/dgap-1.jpg\"><img loading=\"lazy\" class=\" wp-image-15500 aligncenter\" src=\"https:\/\/correiosulgoiano.com.br\/wp-content\/uploads\/2020\/11\/dgap-1.jpg\" alt=\"\" width=\"309\" height=\"206\" srcset=\"https:\/\/correiosulgoiano.com.br\/wp-content\/uploads\/2020\/11\/dgap-1.jpg 1280w, https:\/\/correiosulgoiano.com.br\/wp-content\/uploads\/2020\/11\/dgap-1-300x200.jpg 300w, https:\/\/correiosulgoiano.com.br\/wp-content\/uploads\/2020\/11\/dgap-1-768x512.jpg 768w, https:\/\/correiosulgoiano.com.br\/wp-content\/uploads\/2020\/11\/dgap-1-1024x682.jpg 1024w\" sizes=\"(max-width: 309px) 100vw, 309px\" \/><\/a><\/p>\n<p><span style=\"font-size: 12pt; font-family: Verdana, Geneva, sans-serif;\">O uso de m\u00e1scara facial \u00e9 obrigat\u00f3rio para todos os visitantes, reeducandos e servidores.<\/span><\/p>\n<p><span style=\"font-size: 12pt; font-family: Verdana, Geneva, sans-serif;\">A DGAP fornecer\u00e1 \u00e1lcool em gel 70% e Equipamentos de Prote\u00e7\u00e3o Individual.<\/span><\/p>\n<p><span style=\"font-size: 12pt; font-family: Verdana, Geneva, sans-serif;\">Antes do visitante credenciado ingressar na unidade prisional, ser\u00e1 verificada a temperatura corporal e a oxigena\u00e7\u00e3o.<\/span><\/p>\n<p><span style=\"font-size: 12pt; font-family: Verdana, Geneva, sans-serif;\">Caso apresente sinal de febre ou sintoma sugestivo para Covid-19, n\u00e3o ser\u00e1 permitida a entrada do visitante.\u00a0\u00a0<\/span><\/p>\n<p><span style=\"font-size: 12pt; font-family: Verdana, Geneva, sans-serif;\">As visitas sociais ter\u00e3o dura\u00e7\u00e3o m\u00e1xima de uma hora, n\u00e3o podendo ser dividida com mais de uma pessoa da fam\u00edlia, e ocorrer\u00e3o em parlat\u00f3rio ou no p\u00e1tio de banho de sol nas unidades prisionais onde n\u00e3o existem parlat\u00f3rio, refor\u00e7ando-se a necessidade de manter o distanciamento social de dois metros entre o custodiado e o visitante.\u00a0\u00a0\u00a0<\/span><\/p>\n<p><span style=\"font-size: 12pt; font-family: Verdana, Geneva, sans-serif;\">As atividades podem ser suspensas a qualquer momento se os casos suspeitos de Covid-19 somados aos confirmados for igual ou superior a 10% da popula\u00e7\u00e3o carcer\u00e1ria da unidade prisional ou da situa\u00e7\u00e3o pand\u00eamica no munic\u00edpio.<\/span><\/p>\n<p><a href=\"https:\/\/correiosulgoiano.com.br\/wp-content\/uploads\/2020\/02\/New-10.jpg\"><img loading=\"lazy\" class=\" wp-image-15165 aligncenter\" src=\"https:\/\/correiosulgoiano.com.br\/wp-content\/uploads\/2020\/02\/New-10.jpg\" alt=\"\" width=\"371\" height=\"311\" srcset=\"https:\/\/correiosulgoiano.com.br\/wp-content\/uploads\/2020\/02\/New-10.jpg 940w, https:\/\/correiosulgoiano.com.br\/wp-content\/uploads\/2020\/02\/New-10-300x251.jpg 300w, https:\/\/correiosulgoiano.com.br\/wp-content\/uploads\/2020\/02\/New-10-768x644.jpg 768w\" sizes=\"(max-width: 371px) 100vw, 371px\" \/><\/a><\/p>\n<p><span style=\"font-size: 12pt; font-family: Verdana, Geneva, sans-serif;\">\u201cSe n\u00f3s tivermos uma segunda onda como est\u00e1 acontecendo na Europa agora, n\u00f3s vamos rever o protocolo. Mas se continuar nessa descente, se todos colaborarem, com certeza n\u00f3s vamos ter condi\u00e7\u00e3o de manter e at\u00e9 ampliar a reabertura, mas sempre avaliando os \u00edndices de contamina\u00e7\u00e3o dentro da unidade e do munic\u00edpio\u201d, explica o diretor-geral da DGAP.\u00a0<\/span><\/p>\n<p><span style=\"font-size: 12pt; font-family: Verdana, Geneva, sans-serif;\">A DGAP e os representantes da Sa\u00fade do Estado que estavam na coletiva \u00e0 imprensa chamaram a aten\u00e7\u00e3o para a obedi\u00eancia rigorosa ao protocolo de retomada gradual de visitas.<\/span><\/p>\n<p><span style=\"font-size: 12pt; font-family: Verdana, Geneva, sans-serif;\">Os presos que desobedecerem ser\u00e3o penalizados com suspens\u00e3o da visita.<\/span><\/p>\n<p>Fonte e Fotos: Diretoria-Geral de Administra\u00e7\u00e3o Penitenci\u00e1ria \u2013 DGAP \u2013 via Comunica\u00e7\u00e3o Setorial<\/p>\n<p>Leonardo Costa, da reda\u00e7\u00e3o do Correio Sul Goiano<\/p>\n<p>@correiosulgoiano &#8211; Instagram<\/p>\n<p>\/correiosulgoianooficial &#8211; Facebook<\/p>\n","protected":false},"excerpt":{"rendered":"<p>DGAP anuncia retomada gradual das visitas nas Unidades Prisionais a partir desta quarta-feira, 04\/11.\u00a0O Correio Sul Goiano apurou que ser\u00e1 liberado um visitante, por m\u00eas, para cada preso e todos seguir\u00e3o um protocolo rigoroso para garantir o controle e preven\u00e7\u00e3o da Covid-19 nos pres\u00eddios. Na noite de ter\u00e7a-feira, 03\/11, a Diretoria-Geral de Administra\u00e7\u00e3o Penitenci\u00e1ria \u2013 &#8230;<\/p>\n","protected":false},"author":1,"featured_media":15498,"comment_status":"open","ping_status":"open","sticky":false,"template":"","format":"standard","meta":{"spay_email":"","jetpack_publicize_message":""},"categories":[53],"tags":[],"jetpack_featured_media_url":"https:\/\/correiosulgoiano.com.br\/wp-content\/uploads\/2020\/11\/dgap-3.jpg","jetpack_publicize_connections":[],"_links":{"self":[{"href":"https:\/\/correiosulgoiano.com.br\/index.php?rest_route=\/wp\/v2\/posts\/15497"}],"collection":[{"href":"https:\/\/correiosulgoiano.com.br\/index.php?rest_route=\/wp\/v2\/posts"}],"about":[{"href":"https:\/\/correiosulgoiano.com.br\/index.php?rest_route=\/wp\/v2\/types\/post"}],"author":[{"embeddable":true,"href":"https:\/\/correiosulgoiano.com.br\/index.php?rest_route=\/wp\/v2\/users\/1"}],"replies":[{"embeddable":true,"href":"https:\/\/correiosulgoiano.com.br\/index.php?rest_route=%2Fwp%2Fv2%2Fcomments&post=15497"}],"version-history":[{"count":1,"href":"https:\/\/correiosulgoiano.com.br\/index.php?rest_route=\/wp\/v2\/posts\/15497\/revisions"}],"predecessor-version":[{"id":15501,"href":"https:\/\/correiosulgoiano.com.br\/index.php?rest_route=\/wp\/v2\/posts\/15497\/revisions\/15501"}],"wp:featuredmedia":[{"embeddable":true,"href":"https:\/\/correiosulgoiano.com.br\/index.php?rest_route=\/wp\/v2\/media\/15498"}],"wp:attachment":[{"href":"https:\/\/correiosulgoiano.com.br\/index.php?rest_route=%2Fwp%2Fv2%2Fmedia&parent=15497"}],"wp:term":[{"taxonomy":"category","embeddable":true,"href":"https:\/\/correiosulgoiano.com.br\/index.php?rest_route=%2Fwp%2Fv2%2Fcategories&post=15497"},{"taxonomy":"post_tag","embeddable":true,"href":"https:\/\/correiosulgoiano.com.br\/index.php?rest_route=%2Fwp%2Fv2%2Ftags&post=15497"}],"curies":[{"name":"wp","href":"https:\/\/api.w.org\/{rel}","templated":true}]}}