{"id":15614,"date":"2021-03-14T18:56:07","date_gmt":"2021-03-14T21:56:07","guid":{"rendered":"https:\/\/correiosulgoiano.com.br\/?p=15614"},"modified":"2021-03-14T18:56:07","modified_gmt":"2021-03-14T21:56:07","slug":"morreu-o-cantor-morrinhense-dian-balai-dion-com-complicacoes-da-covid-19-apos-17-dias-internado","status":"publish","type":"post","link":"https:\/\/correiosulgoiano.com.br\/?p=15614","title":{"rendered":"Morreu o cantor morrinhense Dian Balai Dion com complica\u00e7\u00f5es da Covid-19 ap\u00f3s 17 dias internado"},"content":{"rendered":"<p><a href=\"https:\/\/correiosulgoiano.com.br\/wp-content\/uploads\/2021\/03\/Dian-Balai-13-03-21-B.jpg\"><img loading=\"lazy\" class=\"alignnone size-full wp-image-15615\" src=\"https:\/\/correiosulgoiano.com.br\/wp-content\/uploads\/2021\/03\/Dian-Balai-13-03-21-B.jpg\" alt=\"\" width=\"7222\" height=\"6012\" srcset=\"https:\/\/correiosulgoiano.com.br\/wp-content\/uploads\/2021\/03\/Dian-Balai-13-03-21-B.jpg 7222w, https:\/\/correiosulgoiano.com.br\/wp-content\/uploads\/2021\/03\/Dian-Balai-13-03-21-B-300x250.jpg 300w, https:\/\/correiosulgoiano.com.br\/wp-content\/uploads\/2021\/03\/Dian-Balai-13-03-21-B-768x639.jpg 768w, https:\/\/correiosulgoiano.com.br\/wp-content\/uploads\/2021\/03\/Dian-Balai-13-03-21-B-1024x852.jpg 1024w\" sizes=\"(max-width: 7222px) 100vw, 7222px\" \/><\/a><\/p>\n","protected":false},"excerpt":{"rendered":"","protected":false},"author":1,"featured_media":15616,"comment_status":"open","ping_status":"open","sticky":false,"template":"","format":"standard","meta":{"spay_email":"","jetpack_publicize_message":""},"categories":[46],"tags":[],"jetpack_featured_media_url":"https:\/\/correiosulgoiano.com.br\/wp-content\/uploads\/2021\/03\/dian1.jpg","jetpack_publicize_connections":[],"_links":{"self":[{"href":"https:\/\/correiosulgoiano.com.br\/index.php?rest_route=\/wp\/v2\/posts\/15614"}],"collection":[{"href":"https:\/\/correiosulgoiano.com.br\/index.php?rest_route=\/wp\/v2\/posts"}],"about":[{"href":"https:\/\/correiosulgoiano.com.br\/index.php?rest_route=\/wp\/v2\/types\/post"}],"author":[{"embeddable":true,"href":"https:\/\/correiosulgoiano.com.br\/index.php?rest_route=\/wp\/v2\/users\/1"}],"replies":[{"embeddable":true,"href":"https:\/\/correiosulgoiano.com.br\/index.php?rest_route=%2Fwp%2Fv2%2Fcomments&post=15614"}],"version-history":[{"count":1,"href":"https:\/\/correiosulgoiano.com.br\/index.php?rest_route=\/wp\/v2\/posts\/15614\/revisions"}],"predecessor-version":[{"id":15617,"href":"https:\/\/correiosulgoiano.com.br\/index.php?rest_route=\/wp\/v2\/posts\/15614\/revisions\/15617"}],"wp:featuredmedia":[{"embeddable":true,"href":"https:\/\/correiosulgoiano.com.br\/index.php?rest_route=\/wp\/v2\/media\/15616"}],"wp:attachment":[{"href":"https:\/\/correiosulgoiano.com.br\/index.php?rest_route=%2Fwp%2Fv2%2Fmedia&parent=15614"}],"wp:term":[{"taxonomy":"category","embeddable":true,"href":"https:\/\/correiosulgoiano.com.br\/index.php?rest_route=%2Fwp%2Fv2%2Fcategories&post=15614"},{"taxonomy":"post_tag","embeddable":true,"href":"https:\/\/correiosulgoiano.com.br\/index.php?rest_route=%2Fwp%2Fv2%2Ftags&post=15614"}],"curies":[{"name":"wp","href":"https:\/\/api.w.org\/{rel}","templated":true}]}}