{"id":1570,"date":"2015-04-25T04:20:39","date_gmt":"2015-04-25T04:20:39","guid":{"rendered":"https:\/\/correiosulgoiano.com.br\/?p=1570"},"modified":"2015-04-25T16:51:56","modified_gmt":"2015-04-25T16:51:56","slug":"seguranca-publica-em-goias-merece-mais-atencao-das-autoridades","status":"publish","type":"post","link":"https:\/\/correiosulgoiano.com.br\/?p=1570","title":{"rendered":"Seguran\u00e7a P\u00fablica em Goi\u00e1s merece mais aten\u00e7\u00e3o das autoridades"},"content":{"rendered":"<p><span style=\"font-family: Verdana, Geneva, sans-serif; font-size: 14pt; color: #000000;\">A Seguran\u00e7a P\u00fablica em Goi\u00e1s passa por um per\u00edodo entristecedor em sua hist\u00f3ria, e n\u00f3s, a sociedade, n\u00e3o nos posicionamos de maneira firme para cobrar isso dos governantes goianos.\u00a0<\/span>&#8211; Da reda\u00e7\u00e3o, por Leonardo Costa com trechos de Reprodu\u00e7\u00e3o de algumas mat\u00e9rias publicadas em O Popular on line, por Cristiane Lima.<\/p>\n<p><span style=\"font-family: Verdana, Geneva, sans-serif; font-size: 14pt; color: #000000;\">N\u00f3s que trabalhamos com comunica\u00e7\u00e3o tamb\u00e9m n\u00e3o. Parece que a maioria dos \u00f3rg\u00e3os de comunica\u00e7\u00e3o sente-se \u201camarrada\u201d por falar deste assunto.<\/span><\/p>\n<p><span style=\"font-family: Verdana, Geneva, sans-serif; font-size: 14pt; color: #000000;\">Ve\u00edculos da Organiza\u00e7\u00e3o Jaime C\u00e2mara parecem ser as exce\u00e7\u00f5es e come\u00e7am a mostrar ao menos as consequ\u00eancias da m\u00e1 gest\u00e3o, em boas mat\u00e9rias publicadas na TV Anhanguera e no Jornal O Popular.<\/span><\/p>\n<p><span style=\"font-family: Verdana, Geneva, sans-serif; font-size: 14pt; color: #000000;\">Mas, confesso que ainda n\u00e3o vi nenhuma mat\u00e9ria que fale sobre a raiz do problema. Sobre os \u201cequ\u00edvocos\u201d administrativos cometidos pelo governo e que deixaram o Estado chegar a um d\u00e9ficit t\u00e3o grande de policiais, tanto civis quanto militares.<\/span><\/p>\n<p><span style=\"font-family: Verdana, Geneva, sans-serif; font-size: 14pt; color: #000000;\"><strong>LADR\u00d5ES INVADEM CASA DE JUIZ E ROUBAM CAMINHONETE<\/strong><\/span><\/p>\n<p><span style=\"font-family: Verdana, Geneva, sans-serif; font-size: 14pt; color: #000000;\">Em Itumbiara, na quinta-feira, 23\/04, at\u00e9 um Juiz foi roubado. Ladr\u00f5es entraram na casa dele, o fizeram ref\u00e9m por alguns minutos, ao lado de familiares e levaram a caminhonete do magistrado, entre outros bens de valor, celulares, TV de LCD e computadores port\u00e1teis.<\/span><\/p>\n<p><span style=\"font-family: Verdana, Geneva, sans-serif; font-size: 14pt; color: #000000;\"><strong>FALTAM MUITOS POLICIAIS MILITARES EM GOI\u00c1S\u00a0<\/strong><\/span><\/p>\n<p><span style=\"font-family: Verdana, Geneva, sans-serif; font-size: 14pt; color: #000000;\">Falta Pol\u00edcia nas ruas de Goi\u00e1s \u2013 em Goi\u00e2nia e no interior. Se voc\u00ea conversar com o Comandante da Pol\u00edcia Militar em sua cidade ele muito provavelmente vai dizer para voc\u00ea que \u201cest\u00e1 tudo bem\u201d. A maioria dos comandantes dir\u00e1 que o n\u00famero de policiais \u00e9 bom e o de viaturas tamb\u00e9m.<\/span><\/p>\n<p><span style=\"font-family: Verdana, Geneva, sans-serif; font-size: 14pt; color: #000000;\">Mas, na pr\u00e1tica, de verdade, de fato, o que se v\u00ea n\u00e3o \u00e9 isso. Pelo contr\u00e1rio! \u00c9 f\u00e1cil perceber que a cada ano parece ter muito menos pol\u00edciais nas ruas.<\/span><\/p>\n<p><span style=\"font-family: Verdana, Geneva, sans-serif; font-size: 14pt; color: #000000;\"><strong>FALTAM DELEGADOS, AGENTES DE POL\u00cdCIA E AGENTES PENITENCI\u00c1RIOS TAMB\u00c9M<\/strong><\/span><\/p>\n<p><span style=\"font-family: Verdana, Geneva, sans-serif; font-size: 14pt; color: #000000;\">Na Pol\u00edcia Civil a hist\u00f3ria se repete. Faltam delegados. Faltam delegacias. Faltam agentes. Faltam viaturas. E n\u00e3o quero nem abordar o sistema carcer\u00e1rio. Nem quero falar aqui sobre o quanto \u00e9 dif\u00edcil para os agentes penitenci\u00e1rios cuidarem daqueles que j\u00e1 est\u00e3o presos.<\/span><\/p>\n<p><span style=\"font-family: Verdana, Geneva, sans-serif; font-size: 14pt; color: #000000;\">A situa\u00e7\u00e3o dos pres\u00eddios em Goi\u00e1s, tamb\u00e9m \u00e9 lament\u00e1vel. A Associa\u00e7\u00e3o dos Servidores do Sistema Prisional de Goi\u00e1s informou que h\u00e1 uma m\u00e9dia de um agente para cada grupo de 182 presos. Absurdo ainda n\u00e3o \u00e9 a palavra certa para isso. Lament\u00e1vel, e deveria causar maior indigna\u00e7\u00e3o da sociedade organizada.<\/span><\/p>\n<p><span style=\"font-family: Verdana, Geneva, sans-serif; font-size: 14pt; color: #000000;\">N\u00e3o vejo os defensores dos direitos humanos atuando para melhorar esta situa\u00e7\u00e3o. Penso que eles seriam muito \u00fateis nesta luta por mais policiais militares nas ruas, mais delegados, mais agentes, mesmo porque, esse pessoal dos direitos humanos \u00e9 muito bom em tudo o que faz. \u00a0<\/span><\/p>\n<p><span style=\"font-family: Verdana, Geneva, sans-serif; font-size: 14pt; color: #000000;\"><strong>ESTADO CRESCE E SEGURAN\u00c7A ENCOLHE<\/strong><\/span><\/p>\n<p><span style=\"font-family: Verdana, Geneva, sans-serif; font-size: 14pt; color: #000000;\">As cidades goianas est\u00e3o crescendo e as popula\u00e7\u00f5es tamb\u00e9m. Mas, na contra m\u00e3o disso, os efetivos est\u00e3o encolhendo. E esse n\u00e3o \u00e9 um problema que pegou o governo de surpresa. H\u00e1 anos, todos sabem que a situa\u00e7\u00e3o n\u00e3o \u00e9 boa. Viol\u00eancia e mortes come\u00e7am a tomar conta das cidades do interior de Goi\u00e1s.<\/span><\/p>\n<p><span style=\"font-family: Verdana, Geneva, sans-serif; font-size: 14pt; color: #000000;\">De Rio Verde e Jata\u00ed at\u00e1 Catal\u00e3o, de Luzi\u00e2nia e Goian\u00e9sia at\u00e9 Itumbiara, passando por Inhumas, Aparecida, Trindade e muitas outras, o crescimento dos atos de viol\u00eancia \u00e9 flagrante.<\/span><\/p>\n<p><span style=\"font-family: Verdana, Geneva, sans-serif; font-size: 14pt; color: #000000;\">Homic\u00eddios, roubos, sequestros rel\u00e2mpagos, ref\u00e9ns, tr\u00e1fico de drogas \u2013 tudo isso acontece em escala crescente. Sem contar as in\u00fameras explos\u00f5es de caixas eletr\u00f4nicos em ag\u00eancias banc\u00e1rias e os incont\u00e1veis casos de estupros que v\u00e3o se avolumando nas mesas dos poucos delegados que o Estado tem.<\/span><\/p>\n<p><span style=\"font-family: Verdana, Geneva, sans-serif; font-size: 14pt; color: #000000;\">\u00c9 bem verdade que h\u00e1 poucos anos houve um concurso e a efetiva\u00e7\u00e3o de alguns delegados, mas, em um n\u00famero muito distante da grande demanda que ainda existe em Goi\u00e1s. No interior tem delegado respondendo por 2 ou 3 munic\u00edpios.<\/span><\/p>\n<p><span style=\"font-family: Verdana, Geneva, sans-serif; font-size: 14pt; color: #000000;\">\u00c9 uma situa\u00e7\u00e3o onde n\u00e3o h\u00e1 condi\u00e7\u00f5es para o desenvolvimento de um trabalho eficiente. Por melhor que seja o delegado. Se ele responde por 3 munic\u00edpios, e a semana s\u00f3 tem 5 dias de trabalho, como ele vai dedicar-se aos inqu\u00e9ritos e investiga\u00e7\u00f5es desses munic\u00edpios?<\/span><\/p>\n<p><span style=\"font-family: Verdana, Geneva, sans-serif; font-size: 14pt; color: #000000;\">Lamentavelmente esta situa\u00e7\u00e3o \u00e9 muito comum, nos dias de hoje. Uma pena!<\/span><\/p>\n<p><span style=\"font-family: Verdana, Geneva, sans-serif; font-size: 14pt; color: #000000;\"><strong>FALTA RESPEITO COM O TEMA: SEGURAN\u00c7A P\u00daBLICA<\/strong><\/span><\/p>\n<p><span style=\"font-family: Verdana, Geneva, sans-serif; font-size: 14pt; color: #000000;\">A Seguran\u00e7a P\u00fablica \u00e9 um assunto que deveria ser tratado com mais aten\u00e7\u00e3o e respeito. A sobrecarga de trabalho dos policiais militares goianos \u00e9 um absurdo antigo e agora foi ampliada ap\u00f3s a suspens\u00e3o do Servi\u00e7o de Interesse Militar Volunt\u00e1rio de Goi\u00e1s, o SIMVE \u2013 uma vergonha que Goi\u00e1s criou para o Brasil assistir.<\/span><\/p>\n<p><span style=\"font-family: Verdana, Geneva, sans-serif; font-size: 14pt; color: #000000;\">E ainda tem um deputado federal por Goi\u00e1s que quer apresentar o SIMVE como modelo para o resto do pa\u00eds. Ah, n\u00e3o, me ajuda a\u00ed oh! Parafraseando Jos\u00e9 Luiz Datena.<\/span><\/p>\n<p><span style=\"font-family: Verdana, Geneva, sans-serif; font-size: 14pt; color: #000000;\"><strong>POLICIAIS MILITARES SOBRECARREGADOS<\/strong><\/span><\/p>\n<p><span style=\"font-family: Verdana, Geneva, sans-serif; font-size: 14pt; color: #000000;\">Al\u00e9m do d\u00e9ficit de pessoal efetivo, a sa\u00edda inesperada dos 2.400 tempor\u00e1rios do SIMVE afetou diretamente nas cargas hor\u00e1rias de policiais de Goi\u00e2nia e do interior. Situa\u00e7\u00e3o que poderia ter sido evitada se os concursados tivessem sido efetivados h\u00e1 dois anos, ao inv\u00e9s dessa bobagem intitulada de SIMVE.<\/span><\/p>\n<p><span style=\"font-family: Verdana, Geneva, sans-serif; font-size: 14pt; color: #000000;\">A sobrecarga de trabalho dos PM\u2019s foi motivo de reclama\u00e7\u00e3o protocolada no Minist\u00e9rio P\u00fablico do Estado de Goi\u00e1s, que est\u00e1 acompanhando o caso.<\/span><\/p>\n<p><span style=\"font-family: Verdana, Geneva, sans-serif; font-size: 14pt; color: #000000;\">A Pol\u00edcia Militar confirma que houve altera\u00e7\u00f5es de hor\u00e1rios de trabalho, mas explica que essas mudan\u00e7as est\u00e3o previstas em lei. Que s\u00e3o previstas em lei eu sei, e todos n\u00f3s sabemos.<\/span><\/p>\n<p><span style=\"font-family: Verdana, Geneva, sans-serif; font-size: 14pt; color: #000000;\">Por\u00e9m, trata-se de uma situa\u00e7\u00e3o equivocada, que n\u00e3o permite a qualidade necess\u00e1ria nos servi\u00e7os prestados pelos policiais, e ainda ajuda a destruir a sa\u00fade f\u00edsica e mental dos PM&#8217;s.<\/span><\/p>\n<p><span style=\"font-family: Verdana, Geneva, sans-serif; font-size: 14pt; color: #000000;\">Muitos j\u00e1 est\u00e3o se licenciado por stress e depress\u00e3o. N\u00e3o podemos fazer isso com nosso policiais, que j\u00e1 s\u00e3o t\u00e3o mal remunerados, em minha humilde opini\u00e3o.<\/span><\/p>\n<p><span style=\"font-family: Verdana, Geneva, sans-serif; font-size: 14pt; color: #000000;\">E dizer que isso \u00e9 legal s\u00f3 refor\u00e7a minha opini\u00e3o de que as leis elaboradas pelos deputados goianos s\u00e3o equivocadas neste sentido.<\/span><\/p>\n<p><span style=\"font-family: Verdana, Geneva, sans-serif; font-size: 14pt; color: #000000;\">O trabalho de policial \u00e9 diferenciado, portanto, merece uma aten\u00e7\u00e3o diferenciada, um per\u00edodo de descanso diferenciado. Pol\u00edcia tem que ter uma defer\u00eancia especial dos legisladores.<\/span><\/p>\n<p><span style=\"font-family: Verdana, Geneva, sans-serif; font-size: 14pt;\"><strong>RECLAMA\u00c7\u00d5ES AUMENTAM, E MINIST\u00c9RIO P\u00daBLICO EST\u00c1 DE OLHO<\/strong><\/span><\/p>\n<p><span style=\"font-family: Verdana, Geneva, sans-serif; font-size: 14pt; color: #000000;\">Nos centros de opera\u00e7\u00f5es de Goi\u00e2nia e do interior, as reclama\u00e7\u00f5es s\u00e3o sobre a falta do cumprimento do per\u00edodo de descanso. \u201cNosso trabalho prev\u00ea 12 horas ativos e 24 horas de descanso. Ou 12 horas no trabalho e 72 horas de folga. Na pr\u00e1tica, estamos trabalhando 48 horas semanais, sendo que o normal seriam 36 horas semanais\u201d, diz um militar ouvido pela reportagem de O Popular.<\/span><\/p>\n<p><span style=\"font-family: Verdana, Geneva, sans-serif; font-size: 14pt; color: #000000;\">Apesar de a hora extra trabalhada ser remunerada, muitos reclamam. Outro militar revela que os atestados por problemas de sa\u00fade j\u00e1 come\u00e7am a ser apresentados.<\/span><\/p>\n<p><span style=\"font-family: Verdana, Geneva, sans-serif; font-size: 14pt; color: #000000;\">\u201cOnde eu trabalho j\u00e1 tem policial saindo por estresse, depress\u00e3o. Aos poucos, esse excesso poder\u00e1 ser ainda mais prejudicial para a corpora\u00e7\u00e3o.\u201d \u2013 disse o policial.<\/span><\/p>\n<p><strong><span style=\"font-family: Verdana, Geneva, sans-serif; font-size: 14pt; color: #000000;\">SECRET\u00c1RIO DE SEGURAN\u00c7A SE EXPLICA<\/span><\/strong><\/p>\n<p><span style=\"font-family: Verdana, Geneva, sans-serif; font-size: 14pt; color: #000000;\">O secret\u00e1rio de Seguran\u00e7a P\u00fablica, Joaquim Mesquita, disse ao POPULAR que por determina\u00e7\u00e3o do comando geral da Pol\u00edcia Militar de Goi\u00e1s, somente militares que se apresentem voluntariamente realizam o servi\u00e7o extraordin\u00e1rio remunerado, regulamentado pela Lei 15.949.<\/span><\/p>\n<p><span style=\"font-family: Verdana, Geneva, sans-serif; font-size: 14pt; color: #000000;\">Segundo ele, por este crit\u00e9rio, 3,5 mil policiais, em m\u00e9dia, \u201cconcorreram voluntariamente\u201d para fazer hora extra no primeiro trimestre deste ano, o que representa 25% do efetivo total da PM.<\/span><\/p>\n<p><span style=\"font-family: Verdana, Geneva, sans-serif; font-size: 14pt; color: #000000;\">O Minist\u00e9rio P\u00fabico recebeu reclama\u00e7\u00e3o de policiais de que estariam com sobrecarga de trabalho ap\u00f3s t\u00e9rmino.<\/span><\/p>\n<p><span style=\"font-family: Verdana, Geneva, sans-serif; font-size: 14pt; color: #000000;\">O secret\u00e1rio informa que assim que for consumada a sa\u00edda dos soldados volunt\u00e1rios, ele aumentar\u00e1 a oferta de horas extras para quem quiser concorrer.<\/span><\/p>\n<p><span style=\"font-family: Verdana, Geneva, sans-serif; font-size: 14pt; color: #000000;\"><strong>FALTAM AGENTES PRISIONAIS<\/strong><\/span><\/p>\n<p><span style=\"font-family: Verdana, Geneva, sans-serif; font-size: 14pt; color: #000000;\">O Secret\u00e1rio Joaquim Mesquita n\u00e3o quis fazer coment\u00e1rio sobre a informa\u00e7\u00e3o revelada pela Associa\u00e7\u00e3o dos Servidores do Sistema Prisional de Goi\u00e1s de que h\u00e1 uma m\u00e9dia de um agente para cada grupo de 182 presos. \u201cPosso afirmar que o efetivo do sistema prisional atualmente \u00e9 o mesmo que era h\u00e1 um ano. Se antes n\u00e3o havia fuga e hoje h\u00e1 n\u00e3o \u00e9 por falta de agentes\u201d, disse.<\/span><\/p>\n<p><span style=\"font-family: Verdana, Geneva, sans-serif; font-size: 14pt; color: #000000;\">O secret\u00e1rio acha que as fugas est\u00e3o ocorrendo por insatisfa\u00e7\u00e3o dos presos com medidas mais r\u00edgidas adotadas nos pres\u00eddios em Goi\u00e1s, conforme declara\u00e7\u00e3o do titular da Superintend\u00eancia de Administra\u00e7\u00e3o Penitenci\u00e1ria, coronel Edson Costa.<\/span><\/p>\n<p><span style=\"font-family: Verdana, Geneva, sans-serif; font-size: 14pt; color: #000000;\">\u201cS\u00f3 posso dizer que quem vai dizer a causa das fugas \u00e9 a investiga\u00e7\u00e3o realizada pela Delegacia de Repress\u00e3o \u00e0s A\u00e7\u00f5es Criminosas Organizadas (Draco)\u201d, disse.<\/span><\/p>\n<p><span style=\"font-family: Verdana, Geneva, sans-serif; font-size: 14pt; color: #000000;\"><strong>CONCURSO PARA A PM<\/strong><\/span><\/p>\n<p><span style=\"font-family: Verdana, Geneva, sans-serif; font-size: 14pt; color: #000000;\">O edital para a sele\u00e7\u00e3o de 1.500 soldados da Pol\u00edcia Militar deve ser lan\u00e7ado na segunda quinzena de maio. Prioridade dentro da Escola de Governo Henrique Santillo, da Secretaria de Gest\u00e3o e Planejamento, o processo est\u00e1 em fase de elabora\u00e7\u00e3o e aguarda aprova\u00e7\u00e3o da lei que criar\u00e1 as vagas para ter andamento.<\/span><\/p>\n<p><span style=\"font-family: Verdana, Geneva, sans-serif; font-size: 14pt; color: #000000;\">Enquanto isso, o processo simplificado de sele\u00e7\u00e3o de 1 mil servidores para atua\u00e7\u00e3o na \u00e1rea administrativa da Secretaria de Seguran\u00e7a P\u00fablica deve ser divulgado antes, ainda na primeira semana do pr\u00f3ximo m\u00eas. Em mat\u00e9ria publicada pelo POPULAR, moradores e comerciantes reclamaram da falta de policiamento nas ruas. A SSP diz que n\u00e3o houve redu\u00e7\u00e3o.<\/span><\/p>\n<p><span style=\"font-family: Verdana, Geneva, sans-serif; font-size: 14pt; color: #000000;\">No caso do processo simplificado, o governado de Goi\u00e1s precisa apenas assinar decreto de cria\u00e7\u00e3o das vagas. A comiss\u00e3o que define os detalhes da sele\u00e7\u00e3o j\u00e1 se reuniu duas vezes desde o an\u00fancio do certame, 13 de abril. Apesar disso, ainda n\u00e3o h\u00e1 defini\u00e7\u00f5es de sal\u00e1rios e de carga hor\u00e1ria.<\/span><\/p>\n<p><span style=\"font-family: Verdana, Geneva, sans-serif; font-size: 14pt; color: #000000;\">J\u00e1 para o concurso ser\u00e1 necess\u00e1ria a aprova\u00e7\u00e3o de uma lei pela Assembleia Legislativa para a cria\u00e7\u00e3o das vagas. Mesmo sem essa parte conclu\u00edda, a superintendente da Escola de Governo, Liliane Morais Batista de S\u00e1, afirma que a parte t\u00e9cnica est\u00e1 adiantada.<\/span><\/p>\n<p><span style=\"font-family: Verdana, Geneva, sans-serif; font-size: 14pt; color: #000000;\">A comiss\u00e3o que elabora o concurso e o processo de sele\u00e7\u00e3o j\u00e1 se reuniu. Como a parte legal ainda n\u00e3o foi conclu\u00edda, o edital n\u00e3o p\u00f4de ser lan\u00e7ado, mas a inten\u00e7\u00e3o \u00e9 que o trabalho seja conclu\u00eddo o quanto antes para que as provas sejam realizadas no in\u00edcio do segundo semestre e os primeiros aprovados possam ser chamados at\u00e9 o in\u00edcio do pr\u00f3ximo ano.<\/span><\/p>\n<p><span style=\"font-family: Verdana, Geneva, sans-serif; font-size: 14pt; color: #000000;\">A SSP solicitou o preenchimento dessas vagas formalmente no dia seguinte ao an\u00fancio do concurso. Na data foi protocolada, na Escola de Governo, a solicita\u00e7\u00e3o da sele\u00e7\u00e3o. \u201cDesde ent\u00e3o estamos adiantando o poss\u00edvel\u201d, explica Liliane.<\/span><\/p>\n<p><span style=\"font-family: Verdana, Geneva, sans-serif; font-size: 14pt; color: #000000;\">A comiss\u00e3o estabelecida entre as pastas envolvidas nos processos de sele\u00e7\u00e3o ainda estuda os requisitos do concurso para a elabora\u00e7\u00e3o do Termo de Refer\u00eancia, primeiro passo para a contrata\u00e7\u00e3o da empresa executora do certame.<\/span><\/p>\n<p><span style=\"font-family: Verdana, Geneva, sans-serif; font-size: 14pt; color: #000000;\">A partir de ent\u00e3o ser\u00e1 elaborado o edital e s\u00f3 ent\u00e3o divulgado. Joaquim Mesquita disse, no dia seguinte ao an\u00fancio do concurso, que a quantidade de 1,5 mil soldados se refere ao n\u00famero m\u00e1ximo de iniciantes que a Academia da PM suporta de uma \u00fanica vez.<\/span><\/p>\n<p><span style=\"font-family: Verdana, Geneva, sans-serif; font-size: 14pt; color: #000000;\">Mesquita destacou que a expectativa \u00e9 que os militares aprovados iniciem o curso de forma\u00e7\u00e3o na Academia da PM em um ano. Com base nesse prazo, eles estariam aptos a ir \u00e0s ruas a partir de novembro de 2016, j\u00e1 que o curso de forma\u00e7\u00e3o dura cerca de oito meses. J\u00e1 os mil profissionais aptos a trabalhar no servi\u00e7o administrativo devem ser escolhidos em processo seletivo simplificado, a ser conclu\u00eddo ainda este ano.<\/span><\/p>\n<p><span style=\"font-family: Verdana, Geneva, sans-serif; font-size: 14pt; color: #000000;\">Dentre os projetos da Governadoria relativos \u00e0s quest\u00f5es da Seguran\u00e7a P\u00fablica, est\u00e1 o n\u00famero 4.324\/2012. A mat\u00e9ria j\u00e1 foi lida no Plen\u00e1rio Getulino Artiaga, durante sess\u00e3o ordin\u00e1ria.<\/span><\/p>\n<p><span style=\"font-family: Verdana, Geneva, sans-serif; font-size: 14pt; color: #000000;\">A proposta visa ampliar o efetivo da Pol\u00edcia Militar de Goi\u00e1s de 12.368 para 30.741. O aumento do quadro \u00e9 resultado de estudos profundos realizados nos \u00faltimos anos e faz parte de um pacote de processos encaminhados pelo Governo ao Legislativo.<\/span><\/p>\n<p><span style=\"font-family: Verdana, Geneva, sans-serif; font-size: 14pt; color: #000000;\">Na segunda-feira, 26, a Assembleia Legislativa realiza audi\u00eancia p\u00fablica para tratar desse e dos demais projetos de lei enviados pela Governadoria. O evento, previsto para \u00e0s 14 horas, contar\u00e1 com a presen\u00e7a de parlamentares e do titular da pasta de Seguran\u00e7a P\u00fablica, Joaquim Mesquita.<\/span><\/p>\n<p><span style=\"font-family: Verdana, Geneva, sans-serif; font-size: 14pt; color: #000000;\">Nas raz\u00f5es da mat\u00e9ria, a Governadoria argumenta que o objetivo principal \u00e9 a reorganiza\u00e7\u00e3o do pessoal da corpora\u00e7\u00e3o, tendo em vista o melhor desenvolvimento do servi\u00e7o, bem como o resgate hist\u00f3rico das carreiras da PM &#8211; em particular a dos pra\u00e7as. Para o Governo, o prazo para a recomposi\u00e7\u00e3o do efetivo \u00e9 de dez anos, contados a partir de 2012.<\/span><\/p>\n<p><span style=\"font-family: Verdana, Geneva, sans-serif; font-size: 14pt; color: #000000;\">O n\u00famero de homic\u00eddios em Goi\u00e1s no ano de 2013 registrou uma alta de 6% em rela\u00e7\u00e3o a 2012. O balan\u00e7o foi divulgado, na manh\u00e3 de quarta-feira, 08\/04, pela Ger\u00eancia de An\u00e1lise de Informa\u00e7\u00f5es da Secret\u00e1ria de Seguran\u00e7a P\u00fablica de Goi\u00e1s. Em 2012, o acr\u00e9scimo havia sido de 22% e, em 2011, de 26%. J\u00e1 em rela\u00e7\u00e3o \u00e0 taxa de homic\u00eddios por 100 mil habitante foi registrado um acr\u00e9scimo de 1,57.<\/span><\/p>\n<p><span style=\"font-family: Verdana, Geneva, sans-serif; font-size: 14pt; color: #000000;\">Os dados foram apresentados pelo secret\u00e1rio de Seguran\u00e7a P\u00fablica do Estado, Joaquim Mesquita. Enquanto 2012 fechou com 2.426 assassinatos, o ano passado bateu o recorde, com 2.576 homic\u00eddios registrado, ou seja, um acr\u00e9scimo de 150 mortes. Foram 10 mil assassinatos a mais se comparado com 2010, ou seja, h\u00e1 tr\u00eas anos, quando 1.500 pessoas foram v\u00edtimas de mortes violentas.\u00a0<\/span><\/p>\n<p><span style=\"font-family: Verdana, Geneva, sans-serif; font-size: 14pt; color: #000000;\">Mesmo assim os n\u00fameros s\u00e3o comemorados pela secretaria de Seguran\u00e7a Publica, tendo em vista que foi o menor crescimento, se comparado com os anos anteriores, que registraram aumentos de 26% e 22% no n\u00famero de assassinatos no Estado.<\/span><\/p>\n<p><span style=\"font-family: Verdana, Geneva, sans-serif; font-size: 14pt; color: #000000;\">Ao falar sobre o assunto o secret\u00e1rio Joaquim Mesquita disse que n\u00e3o se pode comparar Goi\u00e1s com pa\u00edses de primeiro mundo, e acredita que neste ano de 2014 os \u00edndices ser\u00e3o menores. Ainda durante a apresenta\u00e7\u00e3o dos dados, o secret\u00e1rio anunciou as medidas que ser\u00e3o adotadas em 2014. Confira:<\/span><\/p>\n<p><span style=\"font-family: Verdana, Geneva, sans-serif; font-size: 14pt; color: #000000;\">&#8211; Cadastro biom\u00e9trico: todos os goianos ter\u00e3o os dados digitalizados. O cadastro ser\u00e1 feito pela biometria igual ocorre no Tribunal Superior Eleitoral (TSE).<\/span><\/p>\n<p><span style=\"font-family: Verdana, Geneva, sans-serif; font-size: 14pt; color: #000000;\">&#8211; Centro de controle: todas as c\u00e2meras de v\u00eddeomonitoramento da Pol\u00edcia Militar na regi\u00e3o metropolitana e os GPSs das viaturas.<\/span><\/p>\n<p><span style=\"font-family: Verdana, Geneva, sans-serif; font-size: 14pt; color: #000000;\">&#8211; Conv\u00eanio: ser\u00e1 firmado um conv\u00eanio com a Secretaria Nacional de Seguran\u00e7a P\u00fablica (Senasp) para o investimento de aproximadamente R$ 40 milh\u00f5es no Entorno do Distrito Federal.<\/span><\/p>\n<p><span style=\"font-family: Verdana, Geneva, sans-serif; font-size: 14pt; color: #000000;\">-Reforma das delegacias: a pol\u00edcia recebeu cerca de R$ 10 milh\u00f5es para reforma completa de 100 delegacias em todo o Estado. Todas as obras ser\u00e3o executadas ao longo de 2014. (Da reda\u00e7\u00e3o, por Leonardo Costa com reprodu\u00e7\u00e3o de mat\u00e9rias de O Popular on line, por Cristiane Lima)<\/span><\/p>\n<p><a href=\"https:\/\/correiosulgoiano.com.br\/wp-content\/uploads\/2015\/04\/Mercotintas-Banner-Site-012.jpg\"><img loading=\"lazy\" class=\"alignnone  wp-image-1554\" src=\"https:\/\/correiosulgoiano.com.br\/wp-content\/uploads\/2015\/04\/Mercotintas-Banner-Site-012.jpg\" alt=\"Mercotintas Banner Site - 01\" width=\"995\" height=\"124\" srcset=\"https:\/\/correiosulgoiano.com.br\/wp-content\/uploads\/2015\/04\/Mercotintas-Banner-Site-012.jpg 1172w, https:\/\/correiosulgoiano.com.br\/wp-content\/uploads\/2015\/04\/Mercotintas-Banner-Site-012-300x37.jpg 300w, https:\/\/correiosulgoiano.com.br\/wp-content\/uploads\/2015\/04\/Mercotintas-Banner-Site-012-1024x128.jpg 1024w\" sizes=\"(max-width: 995px) 100vw, 995px\" \/><\/a><\/p>\n","protected":false},"excerpt":{"rendered":"<p>A Seguran\u00e7a P\u00fablica em Goi\u00e1s passa por um per\u00edodo entristecedor em sua hist\u00f3ria, e n\u00f3s, a sociedade, n\u00e3o nos posicionamos de maneira firme para cobrar isso dos governantes goianos.\u00a0&#8211; Da reda\u00e7\u00e3o, por Leonardo Costa com trechos de Reprodu\u00e7\u00e3o de algumas mat\u00e9rias publicadas em O Popular on line, por Cristiane Lima. N\u00f3s que trabalhamos com comunica\u00e7\u00e3o &#8230;<\/p>\n","protected":false},"author":1,"featured_media":1571,"comment_status":"open","ping_status":"open","sticky":false,"template":"","format":"standard","meta":{"spay_email":"","jetpack_publicize_message":""},"categories":[1,51],"tags":[55,436,54,224,65,67,435,437],"jetpack_featured_media_url":"https:\/\/correiosulgoiano.com.br\/wp-content\/uploads\/2015\/04\/PM-.png","jetpack_publicize_connections":[],"_links":{"self":[{"href":"https:\/\/correiosulgoiano.com.br\/index.php?rest_route=\/wp\/v2\/posts\/1570"}],"collection":[{"href":"https:\/\/correiosulgoiano.com.br\/index.php?rest_route=\/wp\/v2\/posts"}],"about":[{"href":"https:\/\/correiosulgoiano.com.br\/index.php?rest_route=\/wp\/v2\/types\/post"}],"author":[{"embeddable":true,"href":"https:\/\/correiosulgoiano.com.br\/index.php?rest_route=\/wp\/v2\/users\/1"}],"replies":[{"embeddable":true,"href":"https:\/\/correiosulgoiano.com.br\/index.php?rest_route=%2Fwp%2Fv2%2Fcomments&post=1570"}],"version-history":[{"count":3,"href":"https:\/\/correiosulgoiano.com.br\/index.php?rest_route=\/wp\/v2\/posts\/1570\/revisions"}],"predecessor-version":[{"id":1579,"href":"https:\/\/correiosulgoiano.com.br\/index.php?rest_route=\/wp\/v2\/posts\/1570\/revisions\/1579"}],"wp:featuredmedia":[{"embeddable":true,"href":"https:\/\/correiosulgoiano.com.br\/index.php?rest_route=\/wp\/v2\/media\/1571"}],"wp:attachment":[{"href":"https:\/\/correiosulgoiano.com.br\/index.php?rest_route=%2Fwp%2Fv2%2Fmedia&parent=1570"}],"wp:term":[{"taxonomy":"category","embeddable":true,"href":"https:\/\/correiosulgoiano.com.br\/index.php?rest_route=%2Fwp%2Fv2%2Fcategories&post=1570"},{"taxonomy":"post_tag","embeddable":true,"href":"https:\/\/correiosulgoiano.com.br\/index.php?rest_route=%2Fwp%2Fv2%2Ftags&post=1570"}],"curies":[{"name":"wp","href":"https:\/\/api.w.org\/{rel}","templated":true}]}}