{"id":16309,"date":"2025-05-28T17:16:38","date_gmt":"2025-05-28T20:16:38","guid":{"rendered":"https:\/\/correiosulgoiano.com.br\/?p=16309"},"modified":"2025-05-28T17:16:38","modified_gmt":"2025-05-28T20:16:38","slug":"sesc-e-governo-de-goias-tiram-duvidas-dos-artistas-sobre-o-claque-2025-em-morrinhos","status":"publish","type":"post","link":"https:\/\/correiosulgoiano.com.br\/?p=16309","title":{"rendered":"Sesc e Governo de Goi\u00e1s tiram d\u00favidas dos artistas sobre o Claque 2025 em Morrinhos"},"content":{"rendered":"<p><span style=\"font-size: 14pt; font-family: Verdana, Geneva, sans-serif;\">Na ter\u00e7a-feira, 06\/05, o Sesc e o Governo de Goi\u00e1s realizam uma sess\u00e3o de tira-d\u00favidas sobre o projeto Claque Cultura na Associa\u00e7\u00e3o Comercial, Industrial, Agropecu\u00e1ria e de Turismo de Morrinhos (ACIM). As institui\u00e7\u00f5es atenderam artistas que desejavam saber mais detalhes sobre a inscri\u00e7\u00e3o no projeto cultural Claque 2025.<\/span><\/p>\n<p><span style=\"font-size: 14pt; font-family: Verdana, Geneva, sans-serif;\">O prazo para inscri\u00e7\u00f5es de Credenciamento de Projetos Art\u00edsticos Culturais do Projeto Claque Cultural 2025\/2026 \u2013 nas linguagens de m\u00fasica, artes c\u00eanicas (teatro, dan\u00e7a e circo), audiovisual, artes visuais e\/ou artesanato e literatura \u2013 se encerrou no dia 14 de maio, com inscri\u00e7\u00e3o gratuita. O edital contempla cach\u00eas que variam de R$ 2 mil a R$ 24 mil, a depender da categoria da inscri\u00e7\u00e3o.<\/span><\/p>\n<p><span style=\"font-size: 14pt; font-family: Verdana, Geneva, sans-serif;\">Al\u00e9m de Morrinhos, em Goi\u00e1s, os polos contemplados para a execu\u00e7\u00e3o das apresenta\u00e7\u00f5es culturais ser\u00e3o An\u00e1polis, Alto Para\u00edso, Caldas Novas, Goi\u00e2nia, Jata\u00ed e Jussara. Os artistas goianos tamb\u00e9m puderam se inscrever optando pelo polo nacional, que ter\u00e1 apresenta\u00e7\u00f5es em Salvador, Porto Seguro, Santo Ant\u00f4nio de Jesus, Alagoinhas, Feira de Santana e Jacobina. A defini\u00e7\u00e3o da cidade onde o artista se apresentar\u00e1 ser\u00e1 feita pela curadoria, e os proponentes ser\u00e3o informados posteriormente.<\/span><\/p>\n<p><span style=\"font-size: 14pt; font-family: Verdana, Geneva, sans-serif;\">A avalia\u00e7\u00e3o e classifica\u00e7\u00e3o das propostas ser\u00e3o realizadas at\u00e1 15 de junho. De 16 de junho a 6 de julho ser\u00e1 feita a an\u00e1lise documental. O resultado est\u00e1 previsto para 7 de julho. J\u00e1 as apresenta\u00e7\u00f5es est\u00e3o previstas para iniciar no segundo semestre.<\/span><\/p>\n","protected":false},"excerpt":{"rendered":"<p>Na ter\u00e7a-feira, 06\/05, o Sesc e o Governo de Goi\u00e1s realizam uma sess\u00e3o de tira-d\u00favidas sobre o projeto Claque Cultura na Associa\u00e7\u00e3o Comercial, Industrial, Agropecu\u00e1ria e de Turismo de Morrinhos (ACIM). As institui\u00e7\u00f5es atenderam artistas que desejavam saber mais detalhes sobre a inscri\u00e7\u00e3o no projeto cultural Claque 2025. O prazo para inscri\u00e7\u00f5es de Credenciamento de &#8230;<\/p>\n","protected":false},"author":1,"featured_media":16310,"comment_status":"open","ping_status":"open","sticky":false,"template":"","format":"standard","meta":{"spay_email":"","jetpack_publicize_message":""},"categories":[48],"tags":[],"jetpack_featured_media_url":"https:\/\/correiosulgoiano.com.br\/wp-content\/uploads\/2025\/05\/mhos.jpg","jetpack_publicize_connections":[],"_links":{"self":[{"href":"https:\/\/correiosulgoiano.com.br\/index.php?rest_route=\/wp\/v2\/posts\/16309"}],"collection":[{"href":"https:\/\/correiosulgoiano.com.br\/index.php?rest_route=\/wp\/v2\/posts"}],"about":[{"href":"https:\/\/correiosulgoiano.com.br\/index.php?rest_route=\/wp\/v2\/types\/post"}],"author":[{"embeddable":true,"href":"https:\/\/correiosulgoiano.com.br\/index.php?rest_route=\/wp\/v2\/users\/1"}],"replies":[{"embeddable":true,"href":"https:\/\/correiosulgoiano.com.br\/index.php?rest_route=%2Fwp%2Fv2%2Fcomments&post=16309"}],"version-history":[{"count":1,"href":"https:\/\/correiosulgoiano.com.br\/index.php?rest_route=\/wp\/v2\/posts\/16309\/revisions"}],"predecessor-version":[{"id":16311,"href":"https:\/\/correiosulgoiano.com.br\/index.php?rest_route=\/wp\/v2\/posts\/16309\/revisions\/16311"}],"wp:featuredmedia":[{"embeddable":true,"href":"https:\/\/correiosulgoiano.com.br\/index.php?rest_route=\/wp\/v2\/media\/16310"}],"wp:attachment":[{"href":"https:\/\/correiosulgoiano.com.br\/index.php?rest_route=%2Fwp%2Fv2%2Fmedia&parent=16309"}],"wp:term":[{"taxonomy":"category","embeddable":true,"href":"https:\/\/correiosulgoiano.com.br\/index.php?rest_route=%2Fwp%2Fv2%2Fcategories&post=16309"},{"taxonomy":"post_tag","embeddable":true,"href":"https:\/\/correiosulgoiano.com.br\/index.php?rest_route=%2Fwp%2Fv2%2Ftags&post=16309"}],"curies":[{"name":"wp","href":"https:\/\/api.w.org\/{rel}","templated":true}]}}