{"id":16312,"date":"2025-05-28T17:20:16","date_gmt":"2025-05-28T20:20:16","guid":{"rendered":"https:\/\/correiosulgoiano.com.br\/?p=16312"},"modified":"2025-05-28T17:20:16","modified_gmt":"2025-05-28T20:20:16","slug":"papa-leao-xiv-pede-uma-paz-desarmada-e-ajuda-para-construir-pontes-com-dialogo","status":"publish","type":"post","link":"https:\/\/correiosulgoiano.com.br\/?p=16312","title":{"rendered":"Papa Le\u00e3o XIV pede uma \u2018paz desarmada\u2019 e ajuda para \u2018construir pontes, com di\u00e1logo\u2019"},"content":{"rendered":"<p><span class=\"convert-emoji text\" style=\"font-size: 14pt; font-family: Verdana, Geneva, sans-serif; color: #000000;\">Em seu primeiro discurso na Pra\u00e7a S\u00e3o Pedro, o papa Le\u00e3o XIV destacou a busca pela paz. \u201cEssa \u00e9 a paz de Cristo ressuscitado, uma paz desarmada e desarmante\u201d, disse. Em meio \u00e0s guerras na Ucr\u00e2nia e em Gaza, pediu ajuda aos fi\u00e9is. \u201cNos ajude a construir pontes, com di\u00e1logo. Um \u00fanico povo, sempre em paz.\u201d O novo papa rezou a Ave Maria e agradeceu ao papa Francisco e aos cardeais que o elegeram. Sua primeira ora\u00e7\u00e3o foi pela paz mundial.<\/span><\/p>\n<p><span style=\"font-size: 14pt; font-family: Verdana, Geneva, sans-serif; color: #000000;\">O grupo de cardeais reunidos para o conclave na Capela Sistina escolheu nesta quinta-feira o 267\u00ba papa da hist\u00f3ria, que vai suceder Francisco \u00e0 frente do Vaticano. Era necess\u00e1rio um m\u00ednimo de dois ter\u00e7os dos 133 votantes para a escolha do novo l\u00edder da Igreja Cat\u00f3lica, que tem cerca de 1,4 bilh\u00e3o de fi\u00e9is pelo mundo.<\/span><\/p>\n<p><span style=\"font-size: 14pt; font-family: Verdana, Geneva, sans-serif; color: #000000;\"><b>Le\u00e3o XIV<\/b><\/span><br \/>\n<span style=\"font-size: 14pt; font-family: Verdana, Geneva, sans-serif; color: #000000;\">O cardeal americano Robert Prevost, de 69 anos, \u00e9 o novo papa. Ele escolheu o nome Le\u00e3o XIV. Seu perfil \u00e9 visto como equilibrado, com reputa\u00e7\u00e3o por construir pontes entre conservadores e progressistas. Prevost nasceu em 1955 em Chicago, nos Estados Unidos, em uma fam\u00edlia de origens europeias. Ele tamb\u00e9m tem nacionalidade peruana por ter vivido por quase duas d\u00e9cadas no pa\u00eds andino.\u00a0<\/span><\/p>\n","protected":false},"excerpt":{"rendered":"<p>Em seu primeiro discurso na Pra\u00e7a S\u00e3o Pedro, o papa Le\u00e3o XIV destacou a busca pela paz. \u201cEssa \u00e9 a paz de Cristo ressuscitado, uma paz desarmada e desarmante\u201d, disse. Em meio \u00e0s guerras na Ucr\u00e2nia e em Gaza, pediu ajuda aos fi\u00e9is. \u201cNos ajude a construir pontes, com di\u00e1logo. Um \u00fanico povo, sempre em &#8230;<\/p>\n","protected":false},"author":1,"featured_media":16313,"comment_status":"open","ping_status":"open","sticky":false,"template":"","format":"standard","meta":{"spay_email":"","jetpack_publicize_message":""},"categories":[48],"tags":[],"jetpack_featured_media_url":"https:\/\/correiosulgoiano.com.br\/wp-content\/uploads\/2025\/05\/papa.jpg","jetpack_publicize_connections":[],"_links":{"self":[{"href":"https:\/\/correiosulgoiano.com.br\/index.php?rest_route=\/wp\/v2\/posts\/16312"}],"collection":[{"href":"https:\/\/correiosulgoiano.com.br\/index.php?rest_route=\/wp\/v2\/posts"}],"about":[{"href":"https:\/\/correiosulgoiano.com.br\/index.php?rest_route=\/wp\/v2\/types\/post"}],"author":[{"embeddable":true,"href":"https:\/\/correiosulgoiano.com.br\/index.php?rest_route=\/wp\/v2\/users\/1"}],"replies":[{"embeddable":true,"href":"https:\/\/correiosulgoiano.com.br\/index.php?rest_route=%2Fwp%2Fv2%2Fcomments&post=16312"}],"version-history":[{"count":1,"href":"https:\/\/correiosulgoiano.com.br\/index.php?rest_route=\/wp\/v2\/posts\/16312\/revisions"}],"predecessor-version":[{"id":16314,"href":"https:\/\/correiosulgoiano.com.br\/index.php?rest_route=\/wp\/v2\/posts\/16312\/revisions\/16314"}],"wp:featuredmedia":[{"embeddable":true,"href":"https:\/\/correiosulgoiano.com.br\/index.php?rest_route=\/wp\/v2\/media\/16313"}],"wp:attachment":[{"href":"https:\/\/correiosulgoiano.com.br\/index.php?rest_route=%2Fwp%2Fv2%2Fmedia&parent=16312"}],"wp:term":[{"taxonomy":"category","embeddable":true,"href":"https:\/\/correiosulgoiano.com.br\/index.php?rest_route=%2Fwp%2Fv2%2Fcategories&post=16312"},{"taxonomy":"post_tag","embeddable":true,"href":"https:\/\/correiosulgoiano.com.br\/index.php?rest_route=%2Fwp%2Fv2%2Ftags&post=16312"}],"curies":[{"name":"wp","href":"https:\/\/api.w.org\/{rel}","templated":true}]}}