{"id":16370,"date":"2025-07-08T16:23:09","date_gmt":"2025-07-08T19:23:09","guid":{"rendered":"https:\/\/correiosulgoiano.com.br\/?p=16370"},"modified":"2025-07-21T16:29:14","modified_gmt":"2025-07-21T19:29:14","slug":"gripe-aviaria-foco-em-ave-silvestre-em-sao-paulo-e-confirmado-total-sobe-para-177","status":"publish","type":"post","link":"https:\/\/correiosulgoiano.com.br\/?p=16370","title":{"rendered":"Gripe Avi\u00e1ria: Foco em ave silvestre em S\u00e3o Paulo \u00e9 confirmado; total sobe para 177"},"content":{"rendered":"<p><span class=\"convert-emoji text\" style=\"font-size: 14pt; font-family: Verdana, Geneva, sans-serif;\">Um novo caso de gripe avi\u00e1ria (influenza avi\u00e1ria em alta patogenicidade) em aves silvestres em S\u00e3o Paulo foi confirmado pelo Minist\u00e9rio da Agricultura. O foco ocorre em aves da esp\u00e9cie irer\u00ea (<em>Dendrocygna viduata<\/em>) e foi detectado na sexta-feira passada (4).\u00a0<\/span><\/p>\n<div><span style=\"font-size: 14pt; font-family: Verdana, Geneva, sans-serif;\">As notifica\u00e7\u00f5es da doen\u00e7a viral em aves e\/ou de subsist\u00eancia n\u00e3o trazem restri\u00e7\u00f5es ao com\u00e9rcio internacional de produtos av\u00edcolas brasileiros e n\u00e3o afetam o status do Pa\u00eds de livre de gripe avi\u00e1ria, conforme prev\u00ea a Organiza\u00e7\u00e3o Mundial de Sa\u00fade Animal (OMSA).<\/span><\/div>\n<div><\/div>\n<div><span style=\"font-size: 14pt; font-family: Verdana, Geneva, sans-serif;\">Em nota, a Defesa Agropecu\u00e1ria da Secretaria de Agricultura e Abastecimento informou que os casos envolvem tr\u00eas irer\u00eas encontrados no Parque do Ibirapuera, mas que n\u00e3o se tratam de aves residentes do local.<\/span><\/div>\n<div><\/div>\n<div><span style=\"font-size: 14pt; font-family: Verdana, Geneva, sans-serif;\">A\u00e7\u00f5es para evitar a propaga\u00e7\u00e3o da doen\u00e7a foram adotadas no local, segundo a Defesa Agropecu\u00e1ria paulista. \u201cO Programa Estadual de Sanidade Av\u00edcola (Pesa) por meio de suas equipes e tamb\u00e9m da equipe da Divis\u00e3o de Fauna Silvestre da Prefeitura Municipal, j\u00e1 atuam no local realizando diariamente vistorias cl\u00ednicas e at\u00e9 o presente momento, n\u00e3o h\u00e1 sinais de sintomatologia compat\u00edvel com IAAP. N\u00e3o haver\u00e1 sacrif\u00edcio sanit\u00e1rio no local devido \u00e0 aus\u00eancia de sinais cl\u00ednicos nos animais existentes no local\u201d, esclareceu em nota.<\/span><\/div>\n<div><\/div>\n<div><span style=\"font-size: 14pt; font-family: Verdana, Geneva, sans-serif;\">No total, o Pa\u00eds j\u00e1 registrou 171 casos da doen\u00e7a em animais silvestres no Pa\u00eds (sendo 167 em aves silvestres e 4 em le\u00f5es-marinhos), cinco focos em produ\u00e7\u00e3o de subsist\u00eancia, de cria\u00e7\u00e3o dom\u00e9stica, e um em produ\u00e7\u00e3o comercial, somando 177 ao todo no Pa\u00eds.<\/span><\/div>\n<div><\/div>\n<div><span style=\"font-size: 14pt; font-family: Verdana, Geneva, sans-serif;\">At\u00e9 o momento, apenas um caso de gripe avi\u00e1ria (influenza avi\u00e1ria de alta patogenicidade, H5N1) foi confirmado em granja comercial no Pa\u00eds, em Montenegro, em um matrizeiro de aves na Regi\u00e3o Metropolitana de Porto Alegre, no Rio Grande do Sul \u2013 foco j\u00e1 encerrado. Os dados constam na plataforma de acompanhamento de S\u00edndrome Respirat\u00f3ria e Nervosa das Aves do Minist\u00e9rio da Agricultura.<\/span><\/div>\n","protected":false},"excerpt":{"rendered":"<p>Um novo caso de gripe avi\u00e1ria (influenza avi\u00e1ria em alta patogenicidade) em aves silvestres em S\u00e3o Paulo foi confirmado pelo Minist\u00e9rio da Agricultura. O foco ocorre em aves da esp\u00e9cie irer\u00ea (Dendrocygna viduata) e foi detectado na sexta-feira passada (4).\u00a0 As notifica\u00e7\u00f5es da doen\u00e7a viral em aves e\/ou de subsist\u00eancia n\u00e3o trazem restri\u00e7\u00f5es ao com\u00e9rcio &#8230;<\/p>\n","protected":false},"author":1,"featured_media":16371,"comment_status":"open","ping_status":"open","sticky":false,"template":"","format":"standard","meta":{"spay_email":"","jetpack_publicize_message":""},"categories":[46],"tags":[],"jetpack_featured_media_url":"https:\/\/correiosulgoiano.com.br\/wp-content\/uploads\/2025\/07\/a-gripe.jpg","jetpack_publicize_connections":[],"_links":{"self":[{"href":"https:\/\/correiosulgoiano.com.br\/index.php?rest_route=\/wp\/v2\/posts\/16370"}],"collection":[{"href":"https:\/\/correiosulgoiano.com.br\/index.php?rest_route=\/wp\/v2\/posts"}],"about":[{"href":"https:\/\/correiosulgoiano.com.br\/index.php?rest_route=\/wp\/v2\/types\/post"}],"author":[{"embeddable":true,"href":"https:\/\/correiosulgoiano.com.br\/index.php?rest_route=\/wp\/v2\/users\/1"}],"replies":[{"embeddable":true,"href":"https:\/\/correiosulgoiano.com.br\/index.php?rest_route=%2Fwp%2Fv2%2Fcomments&post=16370"}],"version-history":[{"count":1,"href":"https:\/\/correiosulgoiano.com.br\/index.php?rest_route=\/wp\/v2\/posts\/16370\/revisions"}],"predecessor-version":[{"id":16372,"href":"https:\/\/correiosulgoiano.com.br\/index.php?rest_route=\/wp\/v2\/posts\/16370\/revisions\/16372"}],"wp:featuredmedia":[{"embeddable":true,"href":"https:\/\/correiosulgoiano.com.br\/index.php?rest_route=\/wp\/v2\/media\/16371"}],"wp:attachment":[{"href":"https:\/\/correiosulgoiano.com.br\/index.php?rest_route=%2Fwp%2Fv2%2Fmedia&parent=16370"}],"wp:term":[{"taxonomy":"category","embeddable":true,"href":"https:\/\/correiosulgoiano.com.br\/index.php?rest_route=%2Fwp%2Fv2%2Fcategories&post=16370"},{"taxonomy":"post_tag","embeddable":true,"href":"https:\/\/correiosulgoiano.com.br\/index.php?rest_route=%2Fwp%2Fv2%2Ftags&post=16370"}],"curies":[{"name":"wp","href":"https:\/\/api.w.org\/{rel}","templated":true}]}}