{"id":16373,"date":"2025-07-08T16:29:19","date_gmt":"2025-07-08T19:29:19","guid":{"rendered":"https:\/\/correiosulgoiano.com.br\/?p=16373"},"modified":"2025-07-21T16:30:42","modified_gmt":"2025-07-21T19:30:42","slug":"caiado-reforca-criticas-a-pec-da-seguranca-texto-extremamente-perigoso","status":"publish","type":"post","link":"https:\/\/correiosulgoiano.com.br\/?p=16373","title":{"rendered":"Caiado refor\u00e7a cr\u00edticas \u00e0 PEC da Seguran\u00e7a: \u201cTexto extremamente perigoso\u201d"},"content":{"rendered":"<p><span style=\"font-size: 14pt; font-family: Verdana, Geneva, sans-serif; color: #000000;\">O governador de Goi\u00e1s, Ronaldo Caiado (Uni\u00e3o), fez duras cr\u00edticas \u00e0 Proposta de Emenda \u00e0 Constitui\u00e7\u00e3o (PEC) da Seguran\u00e7a P\u00fablica, que deve ser analisada nesta quarta-feira (9\/7) pela Comiss\u00e3o de Constitui\u00e7\u00e3o e Justi\u00e7a (CCJ) da C\u00e2mara dos Deputados. Alinhado \u00e0 oposi\u00e7\u00e3o ao governo federal, Caiado classificou o novo modelo como \u201cextremamente perigoso\u201d e refor\u00e7ou o posicionamento de governadores contr\u00e1rios \u00e0 medida. A expectativa \u00e9 de que um pedido de vista adie a vota\u00e7\u00e3o por pelo menos mais uma sess\u00e3o.<\/span><\/p>\n<div><span style=\"font-size: 14pt; font-family: Verdana, Geneva, sans-serif; color: #000000;\">O relator da mat\u00e9ria, deputado Mendon\u00e7a Filho (Uni\u00e3o-PE), ainda n\u00e3o protocolou seu parecer, mas j\u00e1 indicou a colegas que deve se posicionar pela constitucionalidade da maior parte do texto. Ele deve se reunir nesta ter\u00e7a-feira (8) com o presidente da C\u00e2mara, Hugo Motta (Republicanos-PB), para acertar os detalhes finais do relat\u00f3rio.<\/span><\/div>\n<div><\/div>\n<div><span style=\"font-size: 14pt; font-family: Verdana, Geneva, sans-serif; color: #000000;\">Caiado, que se apresentou contr\u00e1rio \u00e0 nova PEC desde o in\u00edcio, disse, em entrevista \u00e0 reportagem do\u00a0<strong>A Reda\u00e7\u00e3o<\/strong>\u00a0nesta ter\u00e7a (8), que mant\u00e9m sua posi\u00e7\u00e3o. \u201cMantenho meu posicionamento e posso dizer, com experi\u00eancia, que essa proposta n\u00e3o tem como avan\u00e7ar, principalmente diante desse processo cada vez mais agressivo das fac\u00e7\u00f5es criminosas\u201d, enfatizou o governador.<\/span><\/div>\n<div><\/div>\n<div><span style=\"font-size: 14pt; font-family: Verdana, Geneva, sans-serif; color: #000000;\">O chefe do Executivo goiano tamb\u00e9m definiu o texto como \u201ccada vez mais complacente com a criminalidade\u201d. \u201cDeste modo, tenta cercear as prerrogativas dos policiais nos Estados Federados. Tirar esse poder dos Estados \u00e9 extremamente perigoso\u201d, afirmou.<\/span><\/div>\n<div><\/div>\n<div><span style=\"font-size: 14pt; font-family: Verdana, Geneva, sans-serif; color: #000000;\"><strong>PEC da Seguran\u00e7a<\/strong><\/span><\/div>\n<div>\n<div><span style=\"font-size: 14pt; font-family: Verdana, Geneva, sans-serif; color: #000000;\">A proposta atribui \u00e0 Uni\u00e3o a responsabilidade de formular a pol\u00edtica nacional de seguran\u00e7a p\u00fablica, coordenar o sistema penitenci\u00e1rio e elaborar um plano nacional para a \u00e1rea. Governadores t\u00eam demonstrado preocupa\u00e7\u00e3o com poss\u00edvel perda de autonomia, principalmente no comando das pol\u00edcias.<\/span><\/div>\n<div><\/div>\n<div><span style=\"font-size: 14pt; font-family: Verdana, Geneva, sans-serif; color: #000000;\">Ap\u00f3s as cr\u00edticas, o governo de Luiz In\u00e1cio Lula da Silva (PT) incluiu no texto que a compet\u00eancia da Uni\u00e3o \u201cn\u00e3o exclui as compet\u00eancias comuns e concorrentes dos demais entes federativos\u201d e que a subordina\u00e7\u00e3o das pol\u00edcias aos governadores est\u00e1 preservada.<\/span><\/div>\n<div><\/div>\n<div><span style=\"font-size: 14pt; font-family: Verdana, Geneva, sans-serif; color: #000000;\">A PEC \u00e9 considerada uma das principais apostas do governo federal para enfrentar as cr\u00edticas na \u00e1rea da seguran\u00e7a, tema que figura entre os mais sens\u00edveis para a popula\u00e7\u00e3o brasileira.<\/span><\/div>\n<div><\/div>\n<div><span style=\"font-size: 14pt; font-family: Verdana, Geneva, sans-serif; color: #000000;\">O presidente Lula entregou o texto ao Congresso em abril, durante cerim\u00f4nia no Pal\u00e1cio do Planalto. Na ocasi\u00e3o, Lula classificou o ato como \u201chist\u00f3rico\u201d e afirmou que o governo pretende se empenhar com \u201cintelig\u00eancia, dinheiro, recursos e vontade pol\u00edtica\u201d para enfrentar a viol\u00eancia no pa\u00eds.<\/span><\/div>\n<\/div>\n","protected":false},"excerpt":{"rendered":"<p>O governador de Goi\u00e1s, Ronaldo Caiado (Uni\u00e3o), fez duras cr\u00edticas \u00e0 Proposta de Emenda \u00e0 Constitui\u00e7\u00e3o (PEC) da Seguran\u00e7a P\u00fablica, que deve ser analisada nesta quarta-feira (9\/7) pela Comiss\u00e3o de Constitui\u00e7\u00e3o e Justi\u00e7a (CCJ) da C\u00e2mara dos Deputados. Alinhado \u00e0 oposi\u00e7\u00e3o ao governo federal, Caiado classificou o novo modelo como \u201cextremamente perigoso\u201d e refor\u00e7ou o &#8230;<\/p>\n","protected":false},"author":1,"featured_media":16374,"comment_status":"open","ping_status":"open","sticky":false,"template":"","format":"standard","meta":{"spay_email":"","jetpack_publicize_message":""},"categories":[52],"tags":[],"jetpack_featured_media_url":"https:\/\/correiosulgoiano.com.br\/wp-content\/uploads\/2025\/07\/a-caiado.jpg","jetpack_publicize_connections":[],"_links":{"self":[{"href":"https:\/\/correiosulgoiano.com.br\/index.php?rest_route=\/wp\/v2\/posts\/16373"}],"collection":[{"href":"https:\/\/correiosulgoiano.com.br\/index.php?rest_route=\/wp\/v2\/posts"}],"about":[{"href":"https:\/\/correiosulgoiano.com.br\/index.php?rest_route=\/wp\/v2\/types\/post"}],"author":[{"embeddable":true,"href":"https:\/\/correiosulgoiano.com.br\/index.php?rest_route=\/wp\/v2\/users\/1"}],"replies":[{"embeddable":true,"href":"https:\/\/correiosulgoiano.com.br\/index.php?rest_route=%2Fwp%2Fv2%2Fcomments&post=16373"}],"version-history":[{"count":1,"href":"https:\/\/correiosulgoiano.com.br\/index.php?rest_route=\/wp\/v2\/posts\/16373\/revisions"}],"predecessor-version":[{"id":16375,"href":"https:\/\/correiosulgoiano.com.br\/index.php?rest_route=\/wp\/v2\/posts\/16373\/revisions\/16375"}],"wp:featuredmedia":[{"embeddable":true,"href":"https:\/\/correiosulgoiano.com.br\/index.php?rest_route=\/wp\/v2\/media\/16374"}],"wp:attachment":[{"href":"https:\/\/correiosulgoiano.com.br\/index.php?rest_route=%2Fwp%2Fv2%2Fmedia&parent=16373"}],"wp:term":[{"taxonomy":"category","embeddable":true,"href":"https:\/\/correiosulgoiano.com.br\/index.php?rest_route=%2Fwp%2Fv2%2Fcategories&post=16373"},{"taxonomy":"post_tag","embeddable":true,"href":"https:\/\/correiosulgoiano.com.br\/index.php?rest_route=%2Fwp%2Fv2%2Ftags&post=16373"}],"curies":[{"name":"wp","href":"https:\/\/api.w.org\/{rel}","templated":true}]}}