{"id":16379,"date":"2025-07-15T16:48:04","date_gmt":"2025-07-15T19:48:04","guid":{"rendered":"https:\/\/correiosulgoiano.com.br\/?p=16379"},"modified":"2025-07-21T16:52:43","modified_gmt":"2025-07-21T19:52:43","slug":"concurso-publico-prefeitura-de-morrinhos-convoca-novos-aprovados-no-concurso-publico","status":"publish","type":"post","link":"https:\/\/correiosulgoiano.com.br\/?p=16379","title":{"rendered":"Concurso P\u00fablico: Prefeitura de Morrinhos convoca novos aprovados no concurso p\u00fablico"},"content":{"rendered":"<p><span style=\"font-size: 14pt; font-family: Verdana, Geneva, sans-serif; color: #000000;\">A Prefeitura de Morrinhos segue investindo no fortalecimento da gest\u00e3o p\u00fablica e na valoriza\u00e7\u00e3o do servidor efetivo. Nesta ter\u00e7a-feira, 15 de julho, foi realizada a convoca\u00e7\u00e3o de 19 novos aprovados no Concurso P\u00fablico Municipal referente ao Edital 01\/2023.<\/span><\/p>\n<p><span style=\"font-size: 14pt; font-family: Verdana, Geneva, sans-serif; color: #000000;\">O decreto de convoca\u00e7\u00e3o foi assinado pelo prefeito Maycllyn Carreiro, em ato oficial que contou com a presen\u00e7a do secret\u00e1rio de Administra\u00e7\u00e3o, Marcelo Megaton, da gerente de Recursos Humanos, Franciele, e do procurador jur\u00eddico do munic\u00edpio, Vin\u00edcius Nunes.<\/span><\/p>\n<p><a href=\"https:\/\/correiosulgoiano.com.br\/wp-content\/uploads\/2025\/07\/a-may.jpeg\"><img loading=\"lazy\" class=\"alignnone  wp-image-16381\" src=\"https:\/\/correiosulgoiano.com.br\/wp-content\/uploads\/2025\/07\/a-may.jpeg\" alt=\"\" width=\"213\" height=\"322\" srcset=\"https:\/\/correiosulgoiano.com.br\/wp-content\/uploads\/2025\/07\/a-may.jpeg 1058w, https:\/\/correiosulgoiano.com.br\/wp-content\/uploads\/2025\/07\/a-may-198x300.jpeg 198w, https:\/\/correiosulgoiano.com.br\/wp-content\/uploads\/2025\/07\/a-may-677x1024.jpeg 677w, https:\/\/correiosulgoiano.com.br\/wp-content\/uploads\/2025\/07\/a-may-768x1161.jpeg 768w, https:\/\/correiosulgoiano.com.br\/wp-content\/uploads\/2025\/07\/a-may-1016x1536.jpeg 1016w\" sizes=\"(max-width: 213px) 100vw, 213px\" \/><\/a><\/p>\n<p><span style=\"font-size: 14pt; font-family: Verdana, Geneva, sans-serif; color: #000000;\">A nova convoca\u00e7\u00e3o contempla cargos estrat\u00e9gicos e essenciais ao funcionamento da administra\u00e7\u00e3o municipal e amplia a capacidade de resposta da Prefeitura em diversas \u00e1reas.<\/span><\/p>\n<p><span style=\"font-size: 14pt; font-family: Verdana, Geneva, sans-serif; color: #000000;\">Foram convocados candidatos para os seguintes cargos: Analista Ambiental, Agente de Tr\u00e2nsito, Assistente Social, Fisioterapeuta, Monitor Educacional, Professor de Pedagogia, Professor de Educa\u00e7\u00e3o F\u00edsica, Psic\u00f3logo, Farmac\u00eautico e Motorista de Ve\u00edculos Pesados.<\/span><\/p>\n<p><span style=\"font-size: 14pt; font-family: Verdana, Geneva, sans-serif; color: #000000;\">A partir da publica\u00e7\u00e3o do decreto, os candidatos devem comparecer ao setor de Recursos Humanos da Prefeitura para apresentar a documenta\u00e7\u00e3o exigida, conforme os prazos estabelecidos no edital.<\/span><\/p>\n","protected":false},"excerpt":{"rendered":"<p>A Prefeitura de Morrinhos segue investindo no fortalecimento da gest\u00e3o p\u00fablica e na valoriza\u00e7\u00e3o do servidor efetivo. Nesta ter\u00e7a-feira, 15 de julho, foi realizada a convoca\u00e7\u00e3o de 19 novos aprovados no Concurso P\u00fablico Municipal referente ao Edital 01\/2023. O decreto de convoca\u00e7\u00e3o foi assinado pelo prefeito Maycllyn Carreiro, em ato oficial que contou com a &#8230;<\/p>\n","protected":false},"author":1,"featured_media":16380,"comment_status":"open","ping_status":"open","sticky":false,"template":"","format":"standard","meta":{"spay_email":"","jetpack_publicize_message":""},"categories":[58],"tags":[],"jetpack_featured_media_url":"https:\/\/correiosulgoiano.com.br\/wp-content\/uploads\/2025\/07\/a-pref.jpg","jetpack_publicize_connections":[],"_links":{"self":[{"href":"https:\/\/correiosulgoiano.com.br\/index.php?rest_route=\/wp\/v2\/posts\/16379"}],"collection":[{"href":"https:\/\/correiosulgoiano.com.br\/index.php?rest_route=\/wp\/v2\/posts"}],"about":[{"href":"https:\/\/correiosulgoiano.com.br\/index.php?rest_route=\/wp\/v2\/types\/post"}],"author":[{"embeddable":true,"href":"https:\/\/correiosulgoiano.com.br\/index.php?rest_route=\/wp\/v2\/users\/1"}],"replies":[{"embeddable":true,"href":"https:\/\/correiosulgoiano.com.br\/index.php?rest_route=%2Fwp%2Fv2%2Fcomments&post=16379"}],"version-history":[{"count":1,"href":"https:\/\/correiosulgoiano.com.br\/index.php?rest_route=\/wp\/v2\/posts\/16379\/revisions"}],"predecessor-version":[{"id":16382,"href":"https:\/\/correiosulgoiano.com.br\/index.php?rest_route=\/wp\/v2\/posts\/16379\/revisions\/16382"}],"wp:featuredmedia":[{"embeddable":true,"href":"https:\/\/correiosulgoiano.com.br\/index.php?rest_route=\/wp\/v2\/media\/16380"}],"wp:attachment":[{"href":"https:\/\/correiosulgoiano.com.br\/index.php?rest_route=%2Fwp%2Fv2%2Fmedia&parent=16379"}],"wp:term":[{"taxonomy":"category","embeddable":true,"href":"https:\/\/correiosulgoiano.com.br\/index.php?rest_route=%2Fwp%2Fv2%2Fcategories&post=16379"},{"taxonomy":"post_tag","embeddable":true,"href":"https:\/\/correiosulgoiano.com.br\/index.php?rest_route=%2Fwp%2Fv2%2Ftags&post=16379"}],"curies":[{"name":"wp","href":"https:\/\/api.w.org\/{rel}","templated":true}]}}