{"id":16392,"date":"2025-07-21T20:03:59","date_gmt":"2025-07-21T23:03:59","guid":{"rendered":"https:\/\/correiosulgoiano.com.br\/?p=16392"},"modified":"2025-07-21T20:03:59","modified_gmt":"2025-07-21T23:03:59","slug":"ministerio-publico-recomenda-ao-municipio-de-morrinhos-nao-conceder-alvara-para-evento-universitario-junto-ao-lago-municipal","status":"publish","type":"post","link":"https:\/\/correiosulgoiano.com.br\/?p=16392","title":{"rendered":"Minist\u00e9rio P\u00fablico recomenda ao munic\u00edpio de Morrinhos n\u00e3o conceder alvar\u00e1 para evento universit\u00e1rio junto ao Lago Municipal"},"content":{"rendered":"<p><span style=\"font-size: 14pt; font-family: Verdana, Geneva, sans-serif; color: #000000;\">O Minist\u00e9rio P\u00fablico de Goi\u00e1s \u2013 MPGO \u2013 expediu recomenda\u00e7\u00e3o ao munic\u00edpio de Morrinhos para que se abstenha de conceder alvar\u00e1 de funcionamento, licen\u00e7a ou autoriza\u00e7\u00e3o para a realiza\u00e7\u00e3o dos Jogos Universit\u00e1rios de Morrinhos \u2013 Jumo 2025.<\/span><\/p>\n<p><span style=\"font-size: 14pt; font-family: Verdana, Geneva, sans-serif; color: #000000;\">O evento est\u00e1 previsto para ser realizado entre os dias 31 de julho a 2 de agosto, no Lago Municipal Recanto das Araras.<\/span><\/p>\n<p><span style=\"font-size: 14pt; font-family: Verdana, Geneva, sans-serif; color: #000000;\">A recomenda\u00e7\u00e3o foi feita pelo promotor de Justi\u00e7a Guilherme Vicente de Oliveira, titular da 2\u00aa Promotoria de Justi\u00e7a de Morrinhos, ap\u00f3s not\u00edcia de fato an\u00f4nima informando sobre a realiza\u00e7\u00e3o do evento. De acordo com a den\u00fancia, haver\u00e1 shows musicais noturnos, palco de grandes propor\u00e7\u00f5es e participa\u00e7\u00e3o confirmada de uma produtora de eventos especializada em som automotivo de alta pot\u00eancia.<\/span><\/p>\n<p><a href=\"https:\/\/correiosulgoiano.com.br\/wp-content\/uploads\/2025\/07\/a-lago-1.jpg\"><img loading=\"lazy\" class=\"alignnone  wp-image-16395\" src=\"https:\/\/correiosulgoiano.com.br\/wp-content\/uploads\/2025\/07\/a-lago-1.jpg\" alt=\"\" width=\"295\" height=\"166\" srcset=\"https:\/\/correiosulgoiano.com.br\/wp-content\/uploads\/2025\/07\/a-lago-1.jpg 1920w, https:\/\/correiosulgoiano.com.br\/wp-content\/uploads\/2025\/07\/a-lago-1-300x169.jpg 300w, https:\/\/correiosulgoiano.com.br\/wp-content\/uploads\/2025\/07\/a-lago-1-1024x576.jpg 1024w, https:\/\/correiosulgoiano.com.br\/wp-content\/uploads\/2025\/07\/a-lago-1-768x432.jpg 768w, https:\/\/correiosulgoiano.com.br\/wp-content\/uploads\/2025\/07\/a-lago-1-1536x864.jpg 1536w\" sizes=\"(max-width: 295px) 100vw, 295px\" \/><\/a><\/p>\n<p><span style=\"font-size: 14pt; font-family: Verdana, Geneva, sans-serif; color: #000000;\">O MPGO aponta que eventos dessa natureza envolvem a concentra\u00e7\u00e3o de dezenas de ve\u00edculos com aparelhagem sonora voltados ao entretenimento em alto volume, gerando elevada polui\u00e7\u00e3o sonora e exigindo controle t\u00e9cnico, tratamento ac\u00fastico e licenciamento ambiental espec\u00edfico. O promotor sustenta que tais atividades s\u00e3o incompat\u00edveis com a realiza\u00e7\u00e3o em \u00e1reas urbanas residenciais ou de uso recreativo e paisag\u00edstico, como \u00e9 o caso do Lago Municipal.<\/span><\/p>\n<p><span style=\"font-size: 14pt; font-family: Verdana, Geneva, sans-serif; color: #000000;\">Na recomenda\u00e7\u00e3o, o promotor Guilherme Vicente registra que a Lei de Crimes Ambientais (Lei n.\u00ba 9.605\/1998) tipifica como crime a polui\u00e7\u00e3o sonora, mesmo que n\u00e3o intencional, quando torna a \u00e1rea urbana impr\u00f3pria para a ocupa\u00e7\u00e3o humana ou afeta a sa\u00fade e o bem-estar da popula\u00e7\u00e3o.<\/span><\/p>\n<p><span style=\"font-size: 14pt; font-family: Verdana, Geneva, sans-serif; color: #000000;\">O documento observa ainda que o C\u00f3digo de Posturas do Munic\u00edpio de Morrinhos (Lei Complementar n\u00ba 83\/2018) pro\u00edbe a emiss\u00e3o de ru\u00eddos excessivos, exige isolamento ac\u00fastico para ambientes que promovam som elevado \u00e0 noite e veda a utiliza\u00e7\u00e3o de equipamentos sonoros em locais p\u00fablicos sem licen\u00e7a espec\u00edfica.<\/span><\/p>\n<p><a href=\"https:\/\/correiosulgoiano.com.br\/wp-content\/uploads\/2025\/07\/a-lago-2.jpg\"><img loading=\"lazy\" class=\"alignnone  wp-image-16394\" src=\"https:\/\/correiosulgoiano.com.br\/wp-content\/uploads\/2025\/07\/a-lago-2.jpg\" alt=\"\" width=\"295\" height=\"166\" srcset=\"https:\/\/correiosulgoiano.com.br\/wp-content\/uploads\/2025\/07\/a-lago-2.jpg 1280w, https:\/\/correiosulgoiano.com.br\/wp-content\/uploads\/2025\/07\/a-lago-2-300x169.jpg 300w, https:\/\/correiosulgoiano.com.br\/wp-content\/uploads\/2025\/07\/a-lago-2-1024x576.jpg 1024w, https:\/\/correiosulgoiano.com.br\/wp-content\/uploads\/2025\/07\/a-lago-2-768x432.jpg 768w\" sizes=\"(max-width: 295px) 100vw, 295px\" \/><\/a><\/p>\n<p><span style=\"font-size: 14pt; font-family: Verdana, Geneva, sans-serif; color: #000000;\">PROMOTOR ORIENTA ADO\u00c7\u00c3O DE MEDIDAS PREVENTIVAS<\/span><\/p>\n<p><span style=\"font-size: 14pt; font-family: Verdana, Geneva, sans-serif; color: #000000;\">A recomenda\u00e7\u00e3o estabelece que o munic\u00edpio deve se abster de conceder qualquer autoriza\u00e7\u00e3o enquanto n\u00e3o forem integralmente atendidas as seguintes exig\u00eancias legais: apresenta\u00e7\u00e3o de projeto de isolamento ac\u00fastico e conten\u00e7\u00e3o sonora com valida\u00e7\u00e3o t\u00e9cnica; licen\u00e7a ambiental espec\u00edfica para atividade sonora em \u00e1rea urbana com parecer t\u00e9cnico; e an\u00e1lise da compatibilidade urban\u00edstica e ambiental com a \u00e1rea p\u00fablica em quest\u00e3o.<\/span><\/p>\n<p><span style=\"font-size: 14pt; font-family: Verdana, Geneva, sans-serif; color: #000000;\">Caso j\u00e1 tenha sido expedido alvar\u00e1 ou autoriza\u00e7\u00e3o em desconformidade com a legisla\u00e7\u00e3o vigente, o MPGO recomenda que o munic\u00edpio promova imediatamente a sua revoga\u00e7\u00e3o, com ci\u00eancia formal \u00e0s organizadoras e organizadores do evento, sob pena de responsabilidade solid\u00e1ria por eventuais danos e infra\u00e7\u00f5es.<\/span><\/p>\n<p><span style=\"font-size: 14pt; font-family: Verdana, Geneva, sans-serif; color: #000000;\">O promotor solicita ainda que sejam adotadas medidas preventivas para garantir que eventos com som automotivo e shows musicais de grande porte ocorram exclusivamente em locais adequados, afastados de \u00e1reas urbanas sens\u00edveis, e com todos os controles t\u00e9cnicos exigidos.<\/span><\/p>\n<p><span style=\"font-size: 14pt; font-family: Verdana, Geneva, sans-serif; color: #000000;\">O munic\u00edpio tem prazo de cinco dias \u00fateis para informar sobre o acatamento da recomenda\u00e7\u00e3o e as provid\u00eancias adotadas.<\/span><\/p>\n<p><span style=\"font-size: 14pt; font-family: Verdana, Geneva, sans-serif; color: #000000;\">(Texto: Cristina Rosa\/ Assessoria de Comunica\u00e7\u00e3o Social do MPGO)<\/span><\/p>\n<p><a href=\"https:\/\/correiosulgoiano.com.br\/wp-content\/uploads\/2025\/07\/AAA-MP.jpg\"><img loading=\"lazy\" class=\"alignnone  wp-image-16393\" src=\"https:\/\/correiosulgoiano.com.br\/wp-content\/uploads\/2025\/07\/AAA-MP.jpg\" alt=\"\" width=\"335\" height=\"268\" srcset=\"https:\/\/correiosulgoiano.com.br\/wp-content\/uploads\/2025\/07\/AAA-MP.jpg 1600w, https:\/\/correiosulgoiano.com.br\/wp-content\/uploads\/2025\/07\/AAA-MP-300x240.jpg 300w, https:\/\/correiosulgoiano.com.br\/wp-content\/uploads\/2025\/07\/AAA-MP-1024x819.jpg 1024w, https:\/\/correiosulgoiano.com.br\/wp-content\/uploads\/2025\/07\/AAA-MP-768x614.jpg 768w, https:\/\/correiosulgoiano.com.br\/wp-content\/uploads\/2025\/07\/AAA-MP-1536x1229.jpg 1536w\" sizes=\"(max-width: 335px) 100vw, 335px\" \/><\/a><\/p>\n","protected":false},"excerpt":{"rendered":"<p>O Minist\u00e9rio P\u00fablico de Goi\u00e1s \u2013 MPGO \u2013 expediu recomenda\u00e7\u00e3o ao munic\u00edpio de Morrinhos para que se abstenha de conceder alvar\u00e1 de funcionamento, licen\u00e7a ou autoriza\u00e7\u00e3o para a realiza\u00e7\u00e3o dos Jogos Universit\u00e1rios de Morrinhos \u2013 Jumo 2025. O evento est\u00e1 previsto para ser realizado entre os dias 31 de julho a 2 de agosto, no &#8230;<\/p>\n","protected":false},"author":1,"featured_media":16393,"comment_status":"open","ping_status":"open","sticky":false,"template":"","format":"standard","meta":{"spay_email":"","jetpack_publicize_message":""},"categories":[52],"tags":[],"jetpack_featured_media_url":"https:\/\/correiosulgoiano.com.br\/wp-content\/uploads\/2025\/07\/AAA-MP.jpg","jetpack_publicize_connections":[],"_links":{"self":[{"href":"https:\/\/correiosulgoiano.com.br\/index.php?rest_route=\/wp\/v2\/posts\/16392"}],"collection":[{"href":"https:\/\/correiosulgoiano.com.br\/index.php?rest_route=\/wp\/v2\/posts"}],"about":[{"href":"https:\/\/correiosulgoiano.com.br\/index.php?rest_route=\/wp\/v2\/types\/post"}],"author":[{"embeddable":true,"href":"https:\/\/correiosulgoiano.com.br\/index.php?rest_route=\/wp\/v2\/users\/1"}],"replies":[{"embeddable":true,"href":"https:\/\/correiosulgoiano.com.br\/index.php?rest_route=%2Fwp%2Fv2%2Fcomments&post=16392"}],"version-history":[{"count":1,"href":"https:\/\/correiosulgoiano.com.br\/index.php?rest_route=\/wp\/v2\/posts\/16392\/revisions"}],"predecessor-version":[{"id":16396,"href":"https:\/\/correiosulgoiano.com.br\/index.php?rest_route=\/wp\/v2\/posts\/16392\/revisions\/16396"}],"wp:featuredmedia":[{"embeddable":true,"href":"https:\/\/correiosulgoiano.com.br\/index.php?rest_route=\/wp\/v2\/media\/16393"}],"wp:attachment":[{"href":"https:\/\/correiosulgoiano.com.br\/index.php?rest_route=%2Fwp%2Fv2%2Fmedia&parent=16392"}],"wp:term":[{"taxonomy":"category","embeddable":true,"href":"https:\/\/correiosulgoiano.com.br\/index.php?rest_route=%2Fwp%2Fv2%2Fcategories&post=16392"},{"taxonomy":"post_tag","embeddable":true,"href":"https:\/\/correiosulgoiano.com.br\/index.php?rest_route=%2Fwp%2Fv2%2Ftags&post=16392"}],"curies":[{"name":"wp","href":"https:\/\/api.w.org\/{rel}","templated":true}]}}