{"id":16405,"date":"2025-07-23T20:06:21","date_gmt":"2025-07-23T23:06:21","guid":{"rendered":"https:\/\/correiosulgoiano.com.br\/?p=16405"},"modified":"2025-10-29T09:38:41","modified_gmt":"2025-10-29T11:38:41","slug":"educacao-prefeitura-de-morrinhos-realiza-curso-de-capacitacao-em-educacao-inclusiva-para-profissionais-da-rede-municipal","status":"publish","type":"post","link":"https:\/\/correiosulgoiano.com.br\/?p=16405","title":{"rendered":"EDUCA\u00c7\u00c3O: Prefeitura de Morrinhos realiza Curso de Capacita\u00e7\u00e3o em Educa\u00e7\u00e3o Inclusiva para profissionais da rede municipal"},"content":{"rendered":"<p><span style=\"font-size: 14pt; font-family: Verdana, Geneva, sans-serif; color: #000000;\">A Prefeitura de Morrinhos, por meio da Secretaria Municipal de Educa\u00e7\u00e3o, realizou com sucesso o curso <span style=\"color: #0000ff;\">\u201cEduca\u00e7\u00e3o Inclusiva na Pr\u00e1tica: caminhos acess\u00edveis e eficazes para a sala de aula\u201d<\/span>, no Centro de Eventos Adilson Alves de Amorim.<\/span><\/p>\n<p><a href=\"https:\/\/correiosulgoiano.com.br\/wp-content\/uploads\/2025\/07\/curso-educacao-inclusiva.png\"><img loading=\"lazy\" class=\"alignnone wp-image-16406\" src=\"https:\/\/correiosulgoiano.com.br\/wp-content\/uploads\/2025\/07\/curso-educacao-inclusiva.png\" alt=\"\" width=\"261\" height=\"326\" srcset=\"https:\/\/correiosulgoiano.com.br\/wp-content\/uploads\/2025\/07\/curso-educacao-inclusiva.png 1080w, https:\/\/correiosulgoiano.com.br\/wp-content\/uploads\/2025\/07\/curso-educacao-inclusiva-240x300.png 240w, https:\/\/correiosulgoiano.com.br\/wp-content\/uploads\/2025\/07\/curso-educacao-inclusiva-819x1024.png 819w, https:\/\/correiosulgoiano.com.br\/wp-content\/uploads\/2025\/07\/curso-educacao-inclusiva-768x960.png 768w\" sizes=\"(max-width: 261px) 100vw, 261px\" \/><\/a><\/p>\n<p><span style=\"font-size: 14pt; font-family: Verdana, Geneva, sans-serif; color: #000000;\">A forma\u00e7\u00e3o \u00e9 voltada para professores regentes, profissionais de apoio, coordenadores pedag\u00f3gicos, coordenadores disciplinares e monitores da rede municipal de ensino, com foco em qualificar os educadores para os desafios da inclus\u00e3o escolar.<\/span><\/p>\n<p><span style=\"font-size: 14pt; font-family: Verdana, Geneva, sans-serif; color: #000000;\">A secret\u00e1ria de Educa\u00e7\u00e3o, Inessa Apolin\u00e1rio, destaca a import\u00e2ncia da a\u00e7\u00e3o: <span style=\"color: #ff0000;\"><em>\u201cA inclus\u00e3o precisa ser pr\u00e1tica, vivida no dia a dia da escola. Esse curso oferece caminhos reais para que nossos profissionais estejam cada vez mais preparados para acolher todos os alunos com respeito, empatia e qualidade pedag\u00f3gica.\u201d<\/em><\/span><\/span><\/p>\n<p><span style=\"font-size: 14pt; font-family: Verdana, Geneva, sans-serif; color: #000000;\">A capacita\u00e7\u00e3o busca promover estrat\u00e9gias acess\u00edveis e eficazes para garantir que o processo de ensino-aprendizagem seja efetivo e igualit\u00e1rio para todos, fortalecendo o compromisso da gest\u00e3o municipal com uma educa\u00e7\u00e3o p\u00fablica humanizada, inclusiva e transformadora.<\/span><\/p>\n","protected":false},"excerpt":{"rendered":"<p>A Prefeitura de Morrinhos, por meio da Secretaria Municipal de Educa\u00e7\u00e3o, realizou com sucesso o curso \u201cEduca\u00e7\u00e3o Inclusiva na Pr\u00e1tica: caminhos acess\u00edveis e eficazes para a sala de aula\u201d, no Centro de Eventos Adilson Alves de Amorim. A forma\u00e7\u00e3o \u00e9 voltada para professores regentes, profissionais de apoio, coordenadores pedag\u00f3gicos, coordenadores disciplinares e monitores da rede &#8230;<\/p>\n","protected":false},"author":1,"featured_media":16406,"comment_status":"open","ping_status":"open","sticky":false,"template":"","format":"standard","meta":{"spay_email":"","jetpack_publicize_message":""},"categories":[46],"tags":[],"jetpack_featured_media_url":"https:\/\/correiosulgoiano.com.br\/wp-content\/uploads\/2025\/07\/curso-educacao-inclusiva.png","jetpack_publicize_connections":[],"_links":{"self":[{"href":"https:\/\/correiosulgoiano.com.br\/index.php?rest_route=\/wp\/v2\/posts\/16405"}],"collection":[{"href":"https:\/\/correiosulgoiano.com.br\/index.php?rest_route=\/wp\/v2\/posts"}],"about":[{"href":"https:\/\/correiosulgoiano.com.br\/index.php?rest_route=\/wp\/v2\/types\/post"}],"author":[{"embeddable":true,"href":"https:\/\/correiosulgoiano.com.br\/index.php?rest_route=\/wp\/v2\/users\/1"}],"replies":[{"embeddable":true,"href":"https:\/\/correiosulgoiano.com.br\/index.php?rest_route=%2Fwp%2Fv2%2Fcomments&post=16405"}],"version-history":[{"count":2,"href":"https:\/\/correiosulgoiano.com.br\/index.php?rest_route=\/wp\/v2\/posts\/16405\/revisions"}],"predecessor-version":[{"id":16442,"href":"https:\/\/correiosulgoiano.com.br\/index.php?rest_route=\/wp\/v2\/posts\/16405\/revisions\/16442"}],"wp:featuredmedia":[{"embeddable":true,"href":"https:\/\/correiosulgoiano.com.br\/index.php?rest_route=\/wp\/v2\/media\/16406"}],"wp:attachment":[{"href":"https:\/\/correiosulgoiano.com.br\/index.php?rest_route=%2Fwp%2Fv2%2Fmedia&parent=16405"}],"wp:term":[{"taxonomy":"category","embeddable":true,"href":"https:\/\/correiosulgoiano.com.br\/index.php?rest_route=%2Fwp%2Fv2%2Fcategories&post=16405"},{"taxonomy":"post_tag","embeddable":true,"href":"https:\/\/correiosulgoiano.com.br\/index.php?rest_route=%2Fwp%2Fv2%2Ftags&post=16405"}],"curies":[{"name":"wp","href":"https:\/\/api.w.org\/{rel}","templated":true}]}}