{"id":16414,"date":"2025-09-02T11:36:52","date_gmt":"2025-09-02T14:36:52","guid":{"rendered":"https:\/\/correiosulgoiano.com.br\/?p=16414"},"modified":"2025-10-29T10:04:42","modified_gmt":"2025-10-29T12:04:42","slug":"morrinhos-celebra-143-anos-de-emancipacao-com-programacao-de-cultura-entrega-de-obras-e-valorizacao-da-comunidade","status":"publish","type":"post","link":"https:\/\/correiosulgoiano.com.br\/?p=16414","title":{"rendered":"Morrinhos celebrou 143 anos de emancipa\u00e7\u00e3o com programa\u00e7\u00e3o de cultura, entrega de obras e valoriza\u00e7\u00e3o da comunidade"},"content":{"rendered":"<p><span style=\"font-family: Verdana, Geneva, sans-serif; color: #000000; font-size: 14pt;\">A Prefeitura de Morrinhos realizou uma grande festa com programa\u00e7\u00e3o especial para comemorar os 143 anos de emancipa\u00e7\u00e3o pol\u00edtica, combinando cultura, lazer, entregas e valoriza\u00e7\u00e3o da comunidade. Ser\u00e3o dez dias de celebra\u00e7\u00e3o, com shows, inaugura\u00e7\u00f5es e atividades em mais de oito locais da cidade.<\/span><\/p>\n<p><span style=\"font-family: Verdana, Geneva, sans-serif; color: #000000; font-size: 14pt;\"><strong>Confira o cronograma completo:<\/strong><\/span><\/p>\n<ul>\n<li><span style=\"font-family: Verdana, Geneva, sans-serif; color: #000000; font-size: 14pt;\">22 de agosto \u2013 Abertura das festividades com atividades culturais no Polo Mutir\u00e3o.<\/span><\/li>\n<li><span style=\"font-family: Verdana, Geneva, sans-serif; color: #000000; font-size: 14pt;\">26 de agosto \u2013 Entrega de revitaliza\u00e7\u00e3o de pra\u00e7as e instala\u00e7\u00e3o de ilumina\u00e7\u00e3o LED no Morro da Catraca.<\/span><\/li>\n<li><span style=\"font-family: Verdana, Geneva, sans-serif; color: #000000; font-size: 14pt;\">27 de agosto \u2013 Inaugura\u00e7\u00e3o de melhorias no Hospital Municipal e reformas nas UBSs Noroeste, Morro da Saudade e Jardim Goi\u00e1s.<\/span><\/li>\n<li><span style=\"font-family: Verdana, Geneva, sans-serif; color: #000000; font-size: 14pt;\">28 de agosto \u2013 Entrega do novo Ecoponto, inaugura\u00e7\u00e3o do CEPAM e lan\u00e7amento do programa Bolsa Atleta \u2013 Gera\u00e7\u00e3o de Campe\u00f5es, al\u00e9m da ordem de servi\u00e7o para duas novas creches e uma escola.<\/span><\/li>\n<li><span style=\"font-family: Verdana, Geneva, sans-serif; color: #000000; font-size: 14pt;\">30 de agosto \u2013 Entrega de 11 novos ve\u00edculos para refor\u00e7ar a frota da Prefeitura.<\/span><\/li>\n<li><span style=\"font-family: Verdana, Geneva, sans-serif; color: #000000; font-size: 14pt;\">28 a 31 de agosto \u2013 Festa do N\u00e9, no Lago Recanto das Araras, com grande programa\u00e7\u00e3o musical e a tradicional matin\u00ea de domingo (31):<\/span><\/li>\n<li><span style=\"font-family: Verdana, Geneva, sans-serif; color: #000000; font-size: 14pt;\">28\/08 \u2013 Danilo &amp; Davi<\/span><\/li>\n<li><span style=\"font-family: Verdana, Geneva, sans-serif; color: #000000; font-size: 14pt;\">29\/08 \u2013 Amado Batista<\/span><\/li>\n<li><span style=\"font-family: Verdana, Geneva, sans-serif; color: #000000; font-size: 14pt;\">30\/08 \u2013 Racyne &amp; Rafael<\/span><\/li>\n<li><span style=\"font-family: Verdana, Geneva, sans-serif; color: #000000; font-size: 14pt;\">31\/08 \u2013 Matin\u00ea para toda a fam\u00edlia<\/span><\/li>\n<\/ul>\n<p><span style=\"font-family: Verdana, Geneva, sans-serif; color: #000000; font-size: 14pt;\">O prefeito Maycllyn Carreiro destacou o significado deste momento para a cidade:<\/span><\/p>\n<p><span style=\"font-family: Verdana, Geneva, sans-serif; color: #000000; font-size: 14pt;\">\u201cEssa celebra\u00e7\u00e3o dos 143 anos mostra o quanto Morrinhos cresceu e continua crescendo. Alinhamos entregas estruturais com momentos de cultura e integra\u00e7\u00e3o. \u00c9 o reconhecimento do que somos como comunidade \u2014 acolhedora, ativa e cheia de orgulho de ser morrinhense.\u201d<\/span><\/p>\n<p><span style=\"font-family: Verdana, Geneva, sans-serif; color: #000000; font-size: 14pt;\">A agenda foi planejada com o objetivo de unir a\u00e7\u00f5es que refor\u00e7am o bem-estar coletivo \u00e0 valoriza\u00e7\u00e3o dos valores culturais e da hist\u00f3ria local. As celebra\u00e7\u00f5es prometem envolver toda a cidade, consolidando este anivers\u00e1rio como um marco de desenvolvimento e uni\u00e3o.<\/span><\/p>\n<p>&nbsp;<\/p>\n<p><a href=\"https:\/\/correiosulgoiano.com.br\/wp-content\/uploads\/2025\/09\/NE-02.jpg\"><img loading=\"lazy\" class=\"alignnone wp-image-16415\" src=\"https:\/\/correiosulgoiano.com.br\/wp-content\/uploads\/2025\/09\/NE-02.jpg\" alt=\"\" width=\"396\" height=\"495\" srcset=\"https:\/\/correiosulgoiano.com.br\/wp-content\/uploads\/2025\/09\/NE-02.jpg 1024w, https:\/\/correiosulgoiano.com.br\/wp-content\/uploads\/2025\/09\/NE-02-240x300.jpg 240w, https:\/\/correiosulgoiano.com.br\/wp-content\/uploads\/2025\/09\/NE-02-819x1024.jpg 819w, https:\/\/correiosulgoiano.com.br\/wp-content\/uploads\/2025\/09\/NE-02-768x960.jpg 768w\" sizes=\"(max-width: 396px) 100vw, 396px\" \/><\/a><\/p>\n","protected":false},"excerpt":{"rendered":"<p>A Prefeitura de Morrinhos realizou uma grande festa com programa\u00e7\u00e3o especial para comemorar os 143 anos de emancipa\u00e7\u00e3o pol\u00edtica, combinando cultura, lazer, entregas e valoriza\u00e7\u00e3o da comunidade. Ser\u00e3o dez dias de celebra\u00e7\u00e3o, com shows, inaugura\u00e7\u00f5es e atividades em mais de oito locais da cidade. Confira o cronograma completo: 22 de agosto \u2013 Abertura das festividades &#8230;<\/p>\n","protected":false},"author":1,"featured_media":16416,"comment_status":"open","ping_status":"open","sticky":false,"template":"","format":"standard","meta":{"spay_email":"","jetpack_publicize_message":""},"categories":[58],"tags":[],"jetpack_featured_media_url":"https:\/\/correiosulgoiano.com.br\/wp-content\/uploads\/2025\/09\/NE-01.jpg","jetpack_publicize_connections":[],"_links":{"self":[{"href":"https:\/\/correiosulgoiano.com.br\/index.php?rest_route=\/wp\/v2\/posts\/16414"}],"collection":[{"href":"https:\/\/correiosulgoiano.com.br\/index.php?rest_route=\/wp\/v2\/posts"}],"about":[{"href":"https:\/\/correiosulgoiano.com.br\/index.php?rest_route=\/wp\/v2\/types\/post"}],"author":[{"embeddable":true,"href":"https:\/\/correiosulgoiano.com.br\/index.php?rest_route=\/wp\/v2\/users\/1"}],"replies":[{"embeddable":true,"href":"https:\/\/correiosulgoiano.com.br\/index.php?rest_route=%2Fwp%2Fv2%2Fcomments&post=16414"}],"version-history":[{"count":3,"href":"https:\/\/correiosulgoiano.com.br\/index.php?rest_route=\/wp\/v2\/posts\/16414\/revisions"}],"predecessor-version":[{"id":16446,"href":"https:\/\/correiosulgoiano.com.br\/index.php?rest_route=\/wp\/v2\/posts\/16414\/revisions\/16446"}],"wp:featuredmedia":[{"embeddable":true,"href":"https:\/\/correiosulgoiano.com.br\/index.php?rest_route=\/wp\/v2\/media\/16416"}],"wp:attachment":[{"href":"https:\/\/correiosulgoiano.com.br\/index.php?rest_route=%2Fwp%2Fv2%2Fmedia&parent=16414"}],"wp:term":[{"taxonomy":"category","embeddable":true,"href":"https:\/\/correiosulgoiano.com.br\/index.php?rest_route=%2Fwp%2Fv2%2Fcategories&post=16414"},{"taxonomy":"post_tag","embeddable":true,"href":"https:\/\/correiosulgoiano.com.br\/index.php?rest_route=%2Fwp%2Fv2%2Ftags&post=16414"}],"curies":[{"name":"wp","href":"https:\/\/api.w.org\/{rel}","templated":true}]}}