{"id":16418,"date":"2025-09-01T16:27:05","date_gmt":"2025-09-01T19:27:05","guid":{"rendered":"https:\/\/correiosulgoiano.com.br\/?p=16418"},"modified":"2025-09-08T15:59:25","modified_gmt":"2025-09-08T18:59:25","slug":"festa-do-ne-2025-sucesso-de-publico-organizacao-e-shows-que-encantaram-o-publico-durante-4-dias-de-evento","status":"publish","type":"post","link":"https:\/\/correiosulgoiano.com.br\/?p=16418","title":{"rendered":"Festa do N\u00e9 2025: sucesso de p\u00fablico, organiza\u00e7\u00e3o e shows que encantaram o p\u00fablico durante 4 dias de evento"},"content":{"rendered":"<p><span style=\"font-size: 14pt; font-family: Verdana, Geneva, sans-serif; color: #000000;\">Foi um sucesso a Festa do N\u00e9, edi\u00e7\u00e3o 2025. Atra\u00e7\u00f5es que agradaram ao p\u00fablico, grande presen\u00e7a das pessoas, estrutura de primeiro mundo e seguran\u00e7a para os que compareceram. Esses foram alguns dos pontos que mais chamaram a aten\u00e7\u00e3o.<\/span><\/p>\n<p><span style=\"font-size: 14pt; font-family: Verdana, Geneva, sans-serif; color: #000000;\">RELEMBRE<\/span><\/p>\n<p><span style=\"font-size: 14pt; font-family: Verdana, Geneva, sans-serif; color: #000000;\">Logo no primeiro dia uma atra\u00e7\u00e3o de destaque: show da dupla Danilo e Davi, conquistando o p\u00fablico com muita energia, alto astral e boa m\u00fasica.<\/span><\/p>\n<p><span style=\"font-size: 14pt; font-family: Verdana, Geneva, sans-serif; color: #000000;\">No segundo dia, a apresenta\u00e7\u00e3o mais aguardada: Amado Batista, \u00edcone da m\u00fasica popular e da cultura brasileira. Com seu carisma e sua voz marcante, ele fez milhares de pessoas se emocionarem, cantando junto as mais tradicionais can\u00e7\u00f5es de sua carreira, em uma noite com muita divers\u00e3o.<\/span><\/p>\n<p><span style=\"font-size: 14pt; font-family: Verdana, Geneva, sans-serif; color: #000000;\">No terceiro dia a bel\u00edssima apresenta\u00e7\u00e3o da dupla Racyne e Rafael, mantendo o clima de alegria e integra\u00e7\u00e3o entre os participantes.<\/span><\/p>\n<p><span style=\"font-size: 14pt; font-family: Verdana, Geneva, sans-serif; color: #000000;\">No quarto dia, a festa foi dedicada \u00e0s crian\u00e7as, com o Mundo Recr\u00ea Show, oferecendo brincadeiras, atividades l\u00fadicas e muita divers\u00e3o para os pequenos.<\/span><\/p>\n<p><span style=\"font-size: 14pt; font-family: Verdana, Geneva, sans-serif; color: #000000;\">Al\u00e9m dos shows, a festa contou com diversas apresenta\u00e7\u00f5es culturais, a Esta\u00e7\u00e3o do Forr\u00f3 e barracas de alimenta\u00e7\u00e3o administradas por institui\u00e7\u00f5es sociais e filantr\u00f3picas, valorizando a comunidade e fortalecendo a solidariedade local.<\/span><\/p>\n<p><span style=\"font-size: 14pt; font-family: Verdana, Geneva, sans-serif; color: #000000;\">BALAN\u00c7O<\/span><\/p>\n<p><span style=\"font-size: 14pt; font-family: Verdana, Geneva, sans-serif; color: #000000;\">Foi com muita anima\u00e7\u00e3o, alegria e sem incidentes a tradicional Festa do N\u00c9, edi\u00e7\u00e3o 2025, promovida pela Prefeitura Municipal de Morrinhos. Milhares de pessoas se reuniram para celebrar os 143 anos de emancipa\u00e7\u00e3o pol\u00edtica do munic\u00edpio, em 4 dias memor\u00e1veis. Ficou evidente o sentimento de alegria e amor pela cidade. O evento foi marcado pela seguran\u00e7a e organiza\u00e7\u00e3o, sem nenhum incidente que pudesse atrapalhar o brilho da festa.\u00a0<\/span><\/p>\n<p><span style=\"font-size: 14pt; font-family: Verdana, Geneva, sans-serif; color: #000000;\">O Tenente-Coronel Weslei Ferreira, comandante do 36\u00ba Batalh\u00e3o da Pol\u00edcia Militar, informou ao Correio Sul Goiano que o planejamento de seguran\u00e7a foi feito com muito zelo e aten\u00e7\u00e3o, sendo refor\u00e7ado para todos os dias da festa:<\/span><\/p>\n<p><span style=\"font-size: 14pt; font-family: Verdana, Geneva, sans-serif; color: #000000;\">\u201c<em><strong>Estivemos h\u00e1 dias empenhados no planejamento e depois na execu\u00e7\u00e3o dos trabalhos. Tudo foi feito para garantiu um evento seguro e com muita tranquilidade para os que compareceram ao local da festa. Al\u00e9m do nosso efetivo, contamos tamb\u00e9m com a colabora\u00e7\u00e3o de outros batalh\u00f5es que tamb\u00e9m estar\u00e3o em Morrinhos nos dias do evento, a exemplo do CPE, ALI, Rural, Rodovi\u00e1rio, entre outros. Um ponto importante foi que nossa popula\u00e7\u00e3o novamente se manteve ordeira, em uma festa que se prop\u00f4s a ser um evento familiar. Nenhuma ocorr\u00eancia que pudesse tirar o brilho da festa<\/strong><\/em>\u201d.<\/span><\/p>\n<p><span style=\"font-size: 14pt; font-family: Verdana, Geneva, sans-serif; color: #000000;\">A estrutura do evento se destacou, com uma organiza\u00e7\u00e3o impec\u00e1vel e um clima de muita tranquilidade.<\/span><\/p>\n<p><a href=\"https:\/\/correiosulgoiano.com.br\/wp-content\/uploads\/2025\/09\/NE-03.jpg\"><img loading=\"lazy\" class=\"alignnone size-full wp-image-16420\" src=\"https:\/\/correiosulgoiano.com.br\/wp-content\/uploads\/2025\/09\/NE-03.jpg\" alt=\"\" width=\"300\" height=\"210\" \/><\/a><\/p>\n<p><span style=\"font-size: 14pt; font-family: Verdana, Geneva, sans-serif; color: #000000;\">O presidente da ALEGO, Bruno Peixoto, compareceu no primeiro dia e elogiou o evento, destacando a import\u00e2ncia da comemora\u00e7\u00e3o:<\/span><br \/>\n<span style=\"font-size: 14pt; font-family: Verdana, Geneva, sans-serif; color: #000000;\">\u201c<em><strong>Morrinhos mostra mais uma vez que sabe fazer uma festa organizada e segura, que valoriza a cultura e a fam\u00edlia. \u00c9 um exemplo para todo o estado<\/strong><\/em>\u201d, disse Bruno Peixoto.<\/span><\/p>\n<p><span style=\"font-size: 14pt; font-family: Verdana, Geneva, sans-serif; color: #000000;\">O prefeito Maycllyn Carreiro comemorou o sucesso:<\/span><br \/>\n<span style=\"font-size: 14pt; font-family: Verdana, Geneva, sans-serif; color: #000000;\">\u201c<em><strong>Preparamos uma festa para toda a fam\u00edlia morrinhense, com estrutura, seguran\u00e7a e organiza\u00e7\u00e3o. \u00c9 uma alegria ver nosso povo celebrando com tranquilidade e orgulho os 143 anos da nossa cidade<\/strong><\/em>\u201d, disse Maycllyn Carreiro.<\/span><\/p>\n<p><a href=\"https:\/\/correiosulgoiano.com.br\/wp-content\/uploads\/2025\/09\/NE-04.jpg\"><img loading=\"lazy\" class=\"alignnone size-full wp-image-16421\" src=\"https:\/\/correiosulgoiano.com.br\/wp-content\/uploads\/2025\/09\/NE-04.jpg\" alt=\"\" width=\"300\" height=\"206\" \/><\/a><\/p>\n","protected":false},"excerpt":{"rendered":"<p>Foi um sucesso a Festa do N\u00e9, edi\u00e7\u00e3o 2025. Atra\u00e7\u00f5es que agradaram ao p\u00fablico, grande presen\u00e7a das pessoas, estrutura de primeiro mundo e seguran\u00e7a para os que compareceram. Esses foram alguns dos pontos que mais chamaram a aten\u00e7\u00e3o. RELEMBRE Logo no primeiro dia uma atra\u00e7\u00e3o de destaque: show da dupla Danilo e Davi, conquistando o &#8230;<\/p>\n","protected":false},"author":1,"featured_media":16419,"comment_status":"open","ping_status":"open","sticky":false,"template":"","format":"standard","meta":{"spay_email":"","jetpack_publicize_message":""},"categories":[1],"tags":[],"jetpack_featured_media_url":"https:\/\/correiosulgoiano.com.br\/wp-content\/uploads\/2025\/09\/NE-05.jpg","jetpack_publicize_connections":[],"_links":{"self":[{"href":"https:\/\/correiosulgoiano.com.br\/index.php?rest_route=\/wp\/v2\/posts\/16418"}],"collection":[{"href":"https:\/\/correiosulgoiano.com.br\/index.php?rest_route=\/wp\/v2\/posts"}],"about":[{"href":"https:\/\/correiosulgoiano.com.br\/index.php?rest_route=\/wp\/v2\/types\/post"}],"author":[{"embeddable":true,"href":"https:\/\/correiosulgoiano.com.br\/index.php?rest_route=\/wp\/v2\/users\/1"}],"replies":[{"embeddable":true,"href":"https:\/\/correiosulgoiano.com.br\/index.php?rest_route=%2Fwp%2Fv2%2Fcomments&post=16418"}],"version-history":[{"count":1,"href":"https:\/\/correiosulgoiano.com.br\/index.php?rest_route=\/wp\/v2\/posts\/16418\/revisions"}],"predecessor-version":[{"id":16422,"href":"https:\/\/correiosulgoiano.com.br\/index.php?rest_route=\/wp\/v2\/posts\/16418\/revisions\/16422"}],"wp:featuredmedia":[{"embeddable":true,"href":"https:\/\/correiosulgoiano.com.br\/index.php?rest_route=\/wp\/v2\/media\/16419"}],"wp:attachment":[{"href":"https:\/\/correiosulgoiano.com.br\/index.php?rest_route=%2Fwp%2Fv2%2Fmedia&parent=16418"}],"wp:term":[{"taxonomy":"category","embeddable":true,"href":"https:\/\/correiosulgoiano.com.br\/index.php?rest_route=%2Fwp%2Fv2%2Fcategories&post=16418"},{"taxonomy":"post_tag","embeddable":true,"href":"https:\/\/correiosulgoiano.com.br\/index.php?rest_route=%2Fwp%2Fv2%2Ftags&post=16418"}],"curies":[{"name":"wp","href":"https:\/\/api.w.org\/{rel}","templated":true}]}}