{"id":16469,"date":"2025-12-03T18:29:50","date_gmt":"2025-12-03T20:29:50","guid":{"rendered":"https:\/\/correiosulgoiano.com.br\/?p=16469"},"modified":"2025-12-10T08:41:32","modified_gmt":"2025-12-10T10:41:32","slug":"prefeitura-de-morrinhos-lanca-circuito-de-natal-e-leva-magia-luzes-e-encanto-a-todos-os-cantos-da-cidade","status":"publish","type":"post","link":"https:\/\/correiosulgoiano.com.br\/?p=16469","title":{"rendered":"Prefeitura de Morrinhos lan\u00e7a Circuito de Natal e leva magia, luzes e encanto a todos os cantos da cidade"},"content":{"rendered":"<p><span style=\"font-size: 14pt; font-family: Verdana, Geneva, sans-serif; color: #000000;\">Morrinhos vai viver um dos Natais mais grandiosos de sua hist\u00f3ria. A Prefeitura est\u00e1 lan\u00e7ando o Circuito de Natal \u2014 A Magia do Natal em Todos os Cantos, um projeto in\u00e9dito que vai transformar a cidade em um grande cen\u00e1rio iluminado, repleto de emo\u00e7\u00e3o, cultura e momentos inesquec\u00edveis para toda a fam\u00edlia.<\/span><\/p>\n<p><a href=\"https:\/\/correiosulgoiano.com.br\/wp-content\/uploads\/2025\/12\/CIRCUITO-02.jpeg\"><img loading=\"lazy\" class=\"alignnone  wp-image-16471\" src=\"https:\/\/correiosulgoiano.com.br\/wp-content\/uploads\/2025\/12\/CIRCUITO-02.jpeg\" alt=\"\" width=\"220\" height=\"275\" srcset=\"https:\/\/correiosulgoiano.com.br\/wp-content\/uploads\/2025\/12\/CIRCUITO-02.jpeg 1280w, https:\/\/correiosulgoiano.com.br\/wp-content\/uploads\/2025\/12\/CIRCUITO-02-240x300.jpeg 240w, https:\/\/correiosulgoiano.com.br\/wp-content\/uploads\/2025\/12\/CIRCUITO-02-819x1024.jpeg 819w, https:\/\/correiosulgoiano.com.br\/wp-content\/uploads\/2025\/12\/CIRCUITO-02-768x960.jpeg 768w, https:\/\/correiosulgoiano.com.br\/wp-content\/uploads\/2025\/12\/CIRCUITO-02-1229x1536.jpeg 1229w\" sizes=\"(max-width: 220px) 100vw, 220px\" \/><\/a><\/p>\n<p><span style=\"font-size: 14pt; font-family: Verdana, Geneva, sans-serif; color: #000000;\">Este ano, o Natal n\u00e3o ficar\u00e1 concentrado apenas no centro. Pela primeira vez, a Prefeitura est\u00e1 levando decora\u00e7\u00e3o, luzes e ambienta\u00e7\u00f5es tem\u00e1ticas para diversos bairros, garantindo que o clima natalino chegue perto de cada morador, independentemente da regi\u00e3o em que vive. O Circuito vai iluminar setores como Morro da Saudade 1 e 2, Sol Nascente, Vila Nova, Jardim Romano, Pra\u00e7a do Vera Cruz, Entrada da cidade (sa\u00edda para Caldas) e o acesso pela BR-153, criando um percurso visual encantador para quem chega ou transita pelo munic\u00edpio.<\/span><\/p>\n<p><a href=\"https:\/\/correiosulgoiano.com.br\/wp-content\/uploads\/2025\/12\/03-12.jpeg\"><img loading=\"lazy\" class=\"alignnone  wp-image-16472\" src=\"https:\/\/correiosulgoiano.com.br\/wp-content\/uploads\/2025\/12\/03-12.jpeg\" alt=\"\" width=\"220\" height=\"275\" srcset=\"https:\/\/correiosulgoiano.com.br\/wp-content\/uploads\/2025\/12\/03-12.jpeg 1280w, https:\/\/correiosulgoiano.com.br\/wp-content\/uploads\/2025\/12\/03-12-240x300.jpeg 240w, https:\/\/correiosulgoiano.com.br\/wp-content\/uploads\/2025\/12\/03-12-819x1024.jpeg 819w, https:\/\/correiosulgoiano.com.br\/wp-content\/uploads\/2025\/12\/03-12-768x960.jpeg 768w, https:\/\/correiosulgoiano.com.br\/wp-content\/uploads\/2025\/12\/03-12-1229x1536.jpeg 1229w\" sizes=\"(max-width: 220px) 100vw, 220px\" \/><\/a><\/p>\n<p><span style=\"font-size: 14pt; font-family: Verdana, Geneva, sans-serif; color: #000000;\">Os pontos tradicionais tamb\u00e9m receber\u00e3o aten\u00e7\u00e3o especial, com mais brilho, elementos cenogr\u00e1ficos e novidades que prometem surpreender o p\u00fablico. Estar\u00e3o totalmente decorados a Pra\u00e7a do Mercado, a Pra\u00e7a do Cristo Redentor, a Avenida Senador Hermenegildo de Morais, al\u00e9m do cart\u00e3o-postal da cidade, o Lago Recanto das Araras.<\/span><\/p>\n<p><a href=\"https:\/\/correiosulgoiano.com.br\/wp-content\/uploads\/2025\/12\/04-12.jpeg\"><img loading=\"lazy\" class=\"alignnone  wp-image-16473\" src=\"https:\/\/correiosulgoiano.com.br\/wp-content\/uploads\/2025\/12\/04-12.jpeg\" alt=\"\" width=\"220\" height=\"275\" srcset=\"https:\/\/correiosulgoiano.com.br\/wp-content\/uploads\/2025\/12\/04-12.jpeg 1280w, https:\/\/correiosulgoiano.com.br\/wp-content\/uploads\/2025\/12\/04-12-240x300.jpeg 240w, https:\/\/correiosulgoiano.com.br\/wp-content\/uploads\/2025\/12\/04-12-819x1024.jpeg 819w, https:\/\/correiosulgoiano.com.br\/wp-content\/uploads\/2025\/12\/04-12-768x960.jpeg 768w, https:\/\/correiosulgoiano.com.br\/wp-content\/uploads\/2025\/12\/04-12-1229x1536.jpeg 1229w\" sizes=\"(max-width: 220px) 100vw, 220px\" \/><\/a><\/p>\n<p><span style=\"font-size: 14pt; font-family: Verdana, Geneva, sans-serif; color: #000000;\">Al\u00e9m da decora\u00e7\u00e3o, a Prefeitura est\u00e1 preparando uma programa\u00e7\u00e3o completa de eventos, pensada para reunir as fam\u00edlias e fortalecer os la\u00e7os comunit\u00e1rios. Entre as atra\u00e7\u00f5es confirmadas est\u00e3o Cantatas de Natal, feira gastron\u00f4mica, apresenta\u00e7\u00f5es culturais e teatrais, orquestra, bal\u00e9, coral infantil e a tradicional distribui\u00e7\u00e3o de brinquedos, que emociona crian\u00e7as e adultos todos os anos.<\/span><\/p>\n<p><a href=\"https:\/\/correiosulgoiano.com.br\/wp-content\/uploads\/2025\/12\/05-12.jpeg\"><img loading=\"lazy\" class=\"alignnone  wp-image-16474\" src=\"https:\/\/correiosulgoiano.com.br\/wp-content\/uploads\/2025\/12\/05-12.jpeg\" alt=\"\" width=\"220\" height=\"275\" srcset=\"https:\/\/correiosulgoiano.com.br\/wp-content\/uploads\/2025\/12\/05-12.jpeg 1280w, https:\/\/correiosulgoiano.com.br\/wp-content\/uploads\/2025\/12\/05-12-240x300.jpeg 240w, https:\/\/correiosulgoiano.com.br\/wp-content\/uploads\/2025\/12\/05-12-819x1024.jpeg 819w, https:\/\/correiosulgoiano.com.br\/wp-content\/uploads\/2025\/12\/05-12-768x960.jpeg 768w, https:\/\/correiosulgoiano.com.br\/wp-content\/uploads\/2025\/12\/05-12-1229x1536.jpeg 1229w\" sizes=\"(max-width: 220px) 100vw, 220px\" \/><\/a><\/p>\n<p><span style=\"font-size: 14pt; font-family: Verdana, Geneva, sans-serif; color: #000000;\">O ponto alto ser\u00e1 o acendimento oficial das luzes de Natal, que marcar\u00e1 o in\u00edcio do Circuito e deve encher a cidade de emo\u00e7\u00e3o, encantamento e esp\u00edrito natalino.<\/span><\/p>\n<p><span style=\"font-size: 14pt; font-family: Verdana, Geneva, sans-serif; color: #000000;\">A proposta \u00e9 proporcionar um Natal verdadeiramente democr\u00e1tico e inclusivo, onde cada bairro receba aten\u00e7\u00e3o e carinho, permitindo que todas as fam\u00edlias vivenciem a magia desta \u00e9poca t\u00e3o especial.<\/span><\/p>\n<p><span style=\"font-size: 14pt; font-family: Verdana, Geneva, sans-serif; color: #000000;\">\u201cQueremos que Morrinhos viva um Natal inesquec\u00edvel. Um Natal que una as fam\u00edlias, que emocione as crian\u00e7as e que encha nossa cidade de brilho, cultura e esperan\u00e7a. A magia do Natal estar\u00e1 em todos os cantos \u2014 e preparada com muito amor para cada morrinhense\u201d, destacou o prefeito Maycllyn Carreiro.<\/span><\/p>\n<p><a href=\"https:\/\/correiosulgoiano.com.br\/wp-content\/uploads\/2025\/12\/06-12.jpeg\"><img loading=\"lazy\" class=\"alignnone  wp-image-16475\" src=\"https:\/\/correiosulgoiano.com.br\/wp-content\/uploads\/2025\/12\/06-12.jpeg\" alt=\"\" width=\"220\" height=\"275\" srcset=\"https:\/\/correiosulgoiano.com.br\/wp-content\/uploads\/2025\/12\/06-12.jpeg 1280w, https:\/\/correiosulgoiano.com.br\/wp-content\/uploads\/2025\/12\/06-12-240x300.jpeg 240w, https:\/\/correiosulgoiano.com.br\/wp-content\/uploads\/2025\/12\/06-12-819x1024.jpeg 819w, https:\/\/correiosulgoiano.com.br\/wp-content\/uploads\/2025\/12\/06-12-768x960.jpeg 768w, https:\/\/correiosulgoiano.com.br\/wp-content\/uploads\/2025\/12\/06-12-1229x1536.jpeg 1229w\" sizes=\"(max-width: 220px) 100vw, 220px\" \/><\/a><\/p>\n<p><span style=\"font-size: 14pt; font-family: Verdana, Geneva, sans-serif; color: #000000;\"><strong>CONFIRA A PROGRAMA\u00c7\u00c3O COMPLETA<\/strong><\/span><\/p>\n<p><span style=\"font-size: 14pt; font-family: Verdana, Geneva, sans-serif; color: #000000;\"><strong>Quarta-feira <\/strong><\/span><\/p>\n<p><span style=\"font-size: 14pt; font-family: Verdana, Geneva, sans-serif; color: #000000;\">03\/12 \u2013 19h &#8211; Acendimento luzes Natal dos bairros<\/span><\/p>\n<p><span style=\"font-size: 14pt; font-family: Verdana, Geneva, sans-serif; color: #000000;\">(Morro da Saudade II \u2013 Pra\u00e7a da Quadra)<\/span><\/p>\n<p><span style=\"font-size: 14pt; font-family: Verdana, Geneva, sans-serif; color: #000000;\"><strong>Quinta-feira <\/strong><\/span><\/p>\n<p><span style=\"font-size: 14pt; font-family: Verdana, Geneva, sans-serif; color: #000000;\">04\/12 \u2013 19h &#8211; Acendimento das luzes do Mercado Municipal e Av. Senador Hermenegildo de Morais<\/span><\/p>\n<p><span style=\"font-size: 14pt; font-family: Verdana, Geneva, sans-serif; color: #000000;\"><strong>Sexta-feira <\/strong><\/span><\/p>\n<p><span style=\"font-size: 14pt; font-family: Verdana, Geneva, sans-serif; color: #000000;\">05\/12 \u2013 19h &#8211; Acendimento das luzes de Natal Lago Recanto das Araras<\/span><\/p>\n<p><span style=\"font-size: 14pt; font-family: Verdana, Geneva, sans-serif; color: #000000;\"><strong>S\u00e1bado <\/strong><\/span><\/p>\n<p><span style=\"font-size: 14pt; font-family: Verdana, Geneva, sans-serif; color: #000000;\">06\/12 \u2013 13h &#8211; Dia no Parque especial de Natal<\/span><\/p>\n<p><span style=\"font-size: 14pt; font-family: Verdana, Geneva, sans-serif; color: #000000;\">06\/12 \u2013 19h &#8211; Acendimento das luzes de Natal Pra\u00e7a Cristo Redentor<\/span><\/p>\n<p><span style=\"font-size: 14pt; font-family: Verdana, Geneva, sans-serif; color: #000000;\">Parque Jatob\u00e1 Centen\u00e1rio<\/span><\/p>\n<p><a href=\"https:\/\/correiosulgoiano.com.br\/wp-content\/uploads\/2025\/12\/15-19-12.jpeg\"><img loading=\"lazy\" class=\"alignnone  wp-image-16476\" src=\"https:\/\/correiosulgoiano.com.br\/wp-content\/uploads\/2025\/12\/15-19-12.jpeg\" alt=\"\" width=\"220\" height=\"275\" srcset=\"https:\/\/correiosulgoiano.com.br\/wp-content\/uploads\/2025\/12\/15-19-12.jpeg 1280w, https:\/\/correiosulgoiano.com.br\/wp-content\/uploads\/2025\/12\/15-19-12-240x300.jpeg 240w, https:\/\/correiosulgoiano.com.br\/wp-content\/uploads\/2025\/12\/15-19-12-819x1024.jpeg 819w, https:\/\/correiosulgoiano.com.br\/wp-content\/uploads\/2025\/12\/15-19-12-768x960.jpeg 768w, https:\/\/correiosulgoiano.com.br\/wp-content\/uploads\/2025\/12\/15-19-12-1229x1536.jpeg 1229w\" sizes=\"(max-width: 220px) 100vw, 220px\" \/><\/a><\/p>\n<p><span style=\"font-size: 14pt; font-family: Verdana, Geneva, sans-serif; color: #000000;\"><strong>Quinta a sexta-feira <\/strong><\/span><\/p>\n<p><span style=\"font-size: 14pt; font-family: Verdana, Geneva, sans-serif; color: #000000;\">15 a 19 \u2013 17h &#8211; Feira Gastron\u00f4mica + Apresenta\u00e7\u00f5es Culturais (Pra\u00e7a do Mercado)<\/span><\/p>\n<p><a href=\"https:\/\/correiosulgoiano.com.br\/wp-content\/uploads\/2025\/12\/19-20-21-12.jpeg\"><img loading=\"lazy\" class=\"alignnone  wp-image-16478\" src=\"https:\/\/correiosulgoiano.com.br\/wp-content\/uploads\/2025\/12\/19-20-21-12.jpeg\" alt=\"\" width=\"220\" height=\"275\" srcset=\"https:\/\/correiosulgoiano.com.br\/wp-content\/uploads\/2025\/12\/19-20-21-12.jpeg 1280w, https:\/\/correiosulgoiano.com.br\/wp-content\/uploads\/2025\/12\/19-20-21-12-240x300.jpeg 240w, https:\/\/correiosulgoiano.com.br\/wp-content\/uploads\/2025\/12\/19-20-21-12-819x1024.jpeg 819w, https:\/\/correiosulgoiano.com.br\/wp-content\/uploads\/2025\/12\/19-20-21-12-768x960.jpeg 768w, https:\/\/correiosulgoiano.com.br\/wp-content\/uploads\/2025\/12\/19-20-21-12-1229x1536.jpeg 1229w\" sizes=\"(max-width: 220px) 100vw, 220px\" \/><\/a><\/p>\n<p><span style=\"font-size: 14pt; font-family: Verdana, Geneva, sans-serif; color: #000000;\"><strong>Sexta-feira a domingo <\/strong><\/span><\/p>\n<p><span style=\"font-size: 14pt; font-family: Verdana, Geneva, sans-serif; color: #000000;\">19, 20 e 21 \u2013 19h &#8211; Espet\u00e1culo A magia do Natal + Cantata de Natal<\/span><\/p>\n<p><span style=\"font-size: 14pt; font-family: Verdana, Geneva, sans-serif; color: #000000;\"><strong>S\u00e1bado <\/strong><\/span><\/p>\n<p><span style=\"font-size: 14pt; font-family: Verdana, Geneva, sans-serif; color: #000000;\">20\/12 \u2013 Entrega dos brinquedos para as crian\u00e7as (Feira Coberta)<\/span><\/p>\n<p><a href=\"https:\/\/correiosulgoiano.com.br\/wp-content\/uploads\/2025\/12\/20-12.jpeg\"><img loading=\"lazy\" class=\"alignnone  wp-image-16477\" src=\"https:\/\/correiosulgoiano.com.br\/wp-content\/uploads\/2025\/12\/20-12.jpeg\" alt=\"\" width=\"220\" height=\"275\" srcset=\"https:\/\/correiosulgoiano.com.br\/wp-content\/uploads\/2025\/12\/20-12.jpeg 1280w, https:\/\/correiosulgoiano.com.br\/wp-content\/uploads\/2025\/12\/20-12-240x300.jpeg 240w, https:\/\/correiosulgoiano.com.br\/wp-content\/uploads\/2025\/12\/20-12-819x1024.jpeg 819w, https:\/\/correiosulgoiano.com.br\/wp-content\/uploads\/2025\/12\/20-12-768x960.jpeg 768w, https:\/\/correiosulgoiano.com.br\/wp-content\/uploads\/2025\/12\/20-12-1229x1536.jpeg 1229w\" sizes=\"(max-width: 220px) 100vw, 220px\" \/><\/a><\/p>\n","protected":false},"excerpt":{"rendered":"<p>Morrinhos vai viver um dos Natais mais grandiosos de sua hist\u00f3ria. A Prefeitura est\u00e1 lan\u00e7ando o Circuito de Natal \u2014 A Magia do Natal em Todos os Cantos, um projeto in\u00e9dito que vai transformar a cidade em um grande cen\u00e1rio iluminado, repleto de emo\u00e7\u00e3o, cultura e momentos inesquec\u00edveis para toda a fam\u00edlia. Este ano, o &#8230;<\/p>\n","protected":false},"author":1,"featured_media":16470,"comment_status":"open","ping_status":"open","sticky":false,"template":"","format":"standard","meta":{"spay_email":"","jetpack_publicize_message":""},"categories":[46],"tags":[],"jetpack_featured_media_url":"https:\/\/correiosulgoiano.com.br\/wp-content\/uploads\/2025\/12\/CIRCUITO-01.jpeg","jetpack_publicize_connections":[],"_links":{"self":[{"href":"https:\/\/correiosulgoiano.com.br\/index.php?rest_route=\/wp\/v2\/posts\/16469"}],"collection":[{"href":"https:\/\/correiosulgoiano.com.br\/index.php?rest_route=\/wp\/v2\/posts"}],"about":[{"href":"https:\/\/correiosulgoiano.com.br\/index.php?rest_route=\/wp\/v2\/types\/post"}],"author":[{"embeddable":true,"href":"https:\/\/correiosulgoiano.com.br\/index.php?rest_route=\/wp\/v2\/users\/1"}],"replies":[{"embeddable":true,"href":"https:\/\/correiosulgoiano.com.br\/index.php?rest_route=%2Fwp%2Fv2%2Fcomments&post=16469"}],"version-history":[{"count":1,"href":"https:\/\/correiosulgoiano.com.br\/index.php?rest_route=\/wp\/v2\/posts\/16469\/revisions"}],"predecessor-version":[{"id":16479,"href":"https:\/\/correiosulgoiano.com.br\/index.php?rest_route=\/wp\/v2\/posts\/16469\/revisions\/16479"}],"wp:featuredmedia":[{"embeddable":true,"href":"https:\/\/correiosulgoiano.com.br\/index.php?rest_route=\/wp\/v2\/media\/16470"}],"wp:attachment":[{"href":"https:\/\/correiosulgoiano.com.br\/index.php?rest_route=%2Fwp%2Fv2%2Fmedia&parent=16469"}],"wp:term":[{"taxonomy":"category","embeddable":true,"href":"https:\/\/correiosulgoiano.com.br\/index.php?rest_route=%2Fwp%2Fv2%2Fcategories&post=16469"},{"taxonomy":"post_tag","embeddable":true,"href":"https:\/\/correiosulgoiano.com.br\/index.php?rest_route=%2Fwp%2Fv2%2Ftags&post=16469"}],"curies":[{"name":"wp","href":"https:\/\/api.w.org\/{rel}","templated":true}]}}