{"id":16480,"date":"2025-12-03T09:47:27","date_gmt":"2025-12-03T11:47:27","guid":{"rendered":"https:\/\/correiosulgoiano.com.br\/?p=16480"},"modified":"2025-12-10T08:57:15","modified_gmt":"2025-12-10T10:57:15","slug":"prefeitura-de-morrinhos-reforca-compromisso-com-a-sustentabilidade-durante-o-dia-no-parque-com-acao-especial-de-coleta-de-lixo-eletronico","status":"publish","type":"post","link":"https:\/\/correiosulgoiano.com.br\/?p=16480","title":{"rendered":"Prefeitura de Morrinhos refor\u00e7a compromisso com a sustentabilidade durante o Dia no Parque com a\u00e7\u00e3o especial de coleta de lixo eletr\u00f4nico"},"content":{"rendered":"<p><span style=\"font-size: 14pt; font-family: Verdana, Geneva, sans-serif; color: #000000;\">A Prefeitura de Morrinhos realiza neste s\u00e1bado, 6 de dezembro, a \u00faltima edi\u00e7\u00e3o de 2025 do Dia no Parque, no Parque Ecol\u00f3gico Jatob\u00e1 Centen\u00e1rio, e refor\u00e7a seu compromisso com pr\u00e1ticas ambientais respons\u00e1veis. Al\u00e9m da j\u00e1 tradicional tarde de lazer, educa\u00e7\u00e3o ambiental e conviv\u00eancia em meio \u00e0 natureza, o evento destaca uma importante mobiliza\u00e7\u00e3o voltada para o descarte correto de lixo eletr\u00f4nico, incentivando a popula\u00e7\u00e3o a adotar h\u00e1bitos sustent\u00e1veis no dia a dia.<\/span><\/p>\n<p><a href=\"https:\/\/correiosulgoiano.com.br\/wp-content\/uploads\/2025\/12\/FOTO-01-scaled.jpg\"><img loading=\"lazy\" class=\"alignnone wp-image-16482\" src=\"https:\/\/correiosulgoiano.com.br\/wp-content\/uploads\/2025\/12\/FOTO-01-scaled.jpg\" alt=\"\" width=\"330\" height=\"252\" srcset=\"https:\/\/correiosulgoiano.com.br\/wp-content\/uploads\/2025\/12\/FOTO-01-scaled.jpg 2560w, https:\/\/correiosulgoiano.com.br\/wp-content\/uploads\/2025\/12\/FOTO-01-300x229.jpg 300w, https:\/\/correiosulgoiano.com.br\/wp-content\/uploads\/2025\/12\/FOTO-01-1024x781.jpg 1024w, https:\/\/correiosulgoiano.com.br\/wp-content\/uploads\/2025\/12\/FOTO-01-768x586.jpg 768w, https:\/\/correiosulgoiano.com.br\/wp-content\/uploads\/2025\/12\/FOTO-01-1536x1172.jpg 1536w, https:\/\/correiosulgoiano.com.br\/wp-content\/uploads\/2025\/12\/FOTO-01-2048x1563.jpg 2048w\" sizes=\"(max-width: 330px) 100vw, 330px\" \/><\/a><\/p>\n<p><span style=\"font-size: 14pt; font-family: Verdana, Geneva, sans-serif; color: #000000;\">Com programa\u00e7\u00e3o gratuita, o Dia no Parque oferece trilhas ecol\u00f3gicas, viv\u00eancia com fauna e flora, oficinas de artesanato e pintura, atividades recreativas, feira de bem-estar e a\u00e7\u00f5es educativas que aproximam a comunidade dos cuidados necess\u00e1rios com o meio ambiente. A distribui\u00e7\u00e3o de mudas do Viveiro Chico Flor tamb\u00e9m segue como uma das iniciativas mais aguardadas, fortalecendo o incentivo ao plantio e \u00e0 arboriza\u00e7\u00e3o no munic\u00edpio.<\/span><\/p>\n<p><a href=\"https:\/\/correiosulgoiano.com.br\/wp-content\/uploads\/2025\/12\/FOTO-02-scaled.jpg\"><img loading=\"lazy\" class=\"alignnone wp-image-16483\" src=\"https:\/\/correiosulgoiano.com.br\/wp-content\/uploads\/2025\/12\/FOTO-02-scaled.jpg\" alt=\"\" width=\"332\" height=\"221\" srcset=\"https:\/\/correiosulgoiano.com.br\/wp-content\/uploads\/2025\/12\/FOTO-02-scaled.jpg 2560w, https:\/\/correiosulgoiano.com.br\/wp-content\/uploads\/2025\/12\/FOTO-02-300x200.jpg 300w, https:\/\/correiosulgoiano.com.br\/wp-content\/uploads\/2025\/12\/FOTO-02-1024x683.jpg 1024w, https:\/\/correiosulgoiano.com.br\/wp-content\/uploads\/2025\/12\/FOTO-02-768x512.jpg 768w, https:\/\/correiosulgoiano.com.br\/wp-content\/uploads\/2025\/12\/FOTO-02-1536x1024.jpg 1536w, https:\/\/correiosulgoiano.com.br\/wp-content\/uploads\/2025\/12\/FOTO-02-2048x1365.jpg 2048w\" sizes=\"(max-width: 332px) 100vw, 332px\" \/><\/a><br \/>\n<span style=\"font-size: 14pt; font-family: Verdana, Geneva, sans-serif; color: #000000;\">Nesta edi\u00e7\u00e3o, a Prefeitura amplia o foco na responsabilidade ambiental, disponibilizando um ponto de coleta volunt\u00e1ria para eletr\u00f4nicos inutilizados, <\/span><span style=\"font-size: 14pt; font-family: Verdana, Geneva, sans-serif; color: #000000;\">como celulares, computadores, carregadores, televisores, tablets e pequenos eletrodom\u00e9sticos. A a\u00e7\u00e3o, realizada em parceria com a Superintend\u00eancia de Meio Ambiente, busca conscientizar sobre os impactos ambientais causados pelo descarte irregular desses materiais, que podem liberar subst\u00e2ncias t\u00f3xicas e contaminar solo, \u00e1gua e ar.<\/span><\/p>\n<p>&nbsp;<\/p>\n<p><span style=\"font-size: 14pt; font-family: Verdana, Geneva, sans-serif; color: #000000;\">O munic\u00edpio lembra que, al\u00e9m da mobiliza\u00e7\u00e3o realizada no evento, Morrinhos j\u00e1 conta, ao longo de todo o ano, com um Ecoponto exclusivo para o recebimento de lixo eletr\u00f4nico, garantindo que esses res\u00edduos tenham a destina\u00e7\u00e3o correta e ambientalmente segura. A estrutura funciona como um aliado permanente da popula\u00e7\u00e3o no combate ao descarte irregular, fortalecendo a pol\u00edtica municipal de sustentabilidade.<\/span><\/p>\n<p><span style=\"font-size: 14pt; font-family: Verdana, Geneva, sans-serif; color: #000000;\">Ao unir lazer, educa\u00e7\u00e3o e responsabilidade socioambiental, o Dia no Parque reafirma o papel da Prefeitura de Morrinhos na prote\u00e7\u00e3o dos recursos naturais e na constru\u00e7\u00e3o de uma cidade mais consciente, saud\u00e1vel e preparada para o futuro.<\/span><\/p>\n<p><a href=\"https:\/\/correiosulgoiano.com.br\/wp-content\/uploads\/2025\/12\/BANNER-01.png\"><img loading=\"lazy\" class=\"alignnone wp-image-16484\" src=\"https:\/\/correiosulgoiano.com.br\/wp-content\/uploads\/2025\/12\/BANNER-01.png\" alt=\"\" width=\"476\" height=\"595\" srcset=\"https:\/\/correiosulgoiano.com.br\/wp-content\/uploads\/2025\/12\/BANNER-01.png 1080w, https:\/\/correiosulgoiano.com.br\/wp-content\/uploads\/2025\/12\/BANNER-01-240x300.png 240w, https:\/\/correiosulgoiano.com.br\/wp-content\/uploads\/2025\/12\/BANNER-01-819x1024.png 819w, https:\/\/correiosulgoiano.com.br\/wp-content\/uploads\/2025\/12\/BANNER-01-768x960.png 768w\" sizes=\"(max-width: 476px) 100vw, 476px\" \/><\/a><\/p>\n","protected":false},"excerpt":{"rendered":"<p>A Prefeitura de Morrinhos realiza neste s\u00e1bado, 6 de dezembro, a \u00faltima edi\u00e7\u00e3o de 2025 do Dia no Parque, no Parque Ecol\u00f3gico Jatob\u00e1 Centen\u00e1rio, e refor\u00e7a seu compromisso com pr\u00e1ticas ambientais respons\u00e1veis. Al\u00e9m da j\u00e1 tradicional tarde de lazer, educa\u00e7\u00e3o ambiental e conviv\u00eancia em meio \u00e0 natureza, o evento destaca uma importante mobiliza\u00e7\u00e3o voltada para &#8230;<\/p>\n","protected":false},"author":1,"featured_media":16481,"comment_status":"open","ping_status":"open","sticky":false,"template":"","format":"standard","meta":{"spay_email":"","jetpack_publicize_message":""},"categories":[1],"tags":[],"jetpack_featured_media_url":"https:\/\/correiosulgoiano.com.br\/wp-content\/uploads\/2025\/12\/FOTO-03.jpg","jetpack_publicize_connections":[],"_links":{"self":[{"href":"https:\/\/correiosulgoiano.com.br\/index.php?rest_route=\/wp\/v2\/posts\/16480"}],"collection":[{"href":"https:\/\/correiosulgoiano.com.br\/index.php?rest_route=\/wp\/v2\/posts"}],"about":[{"href":"https:\/\/correiosulgoiano.com.br\/index.php?rest_route=\/wp\/v2\/types\/post"}],"author":[{"embeddable":true,"href":"https:\/\/correiosulgoiano.com.br\/index.php?rest_route=\/wp\/v2\/users\/1"}],"replies":[{"embeddable":true,"href":"https:\/\/correiosulgoiano.com.br\/index.php?rest_route=%2Fwp%2Fv2%2Fcomments&post=16480"}],"version-history":[{"count":1,"href":"https:\/\/correiosulgoiano.com.br\/index.php?rest_route=\/wp\/v2\/posts\/16480\/revisions"}],"predecessor-version":[{"id":16485,"href":"https:\/\/correiosulgoiano.com.br\/index.php?rest_route=\/wp\/v2\/posts\/16480\/revisions\/16485"}],"wp:featuredmedia":[{"embeddable":true,"href":"https:\/\/correiosulgoiano.com.br\/index.php?rest_route=\/wp\/v2\/media\/16481"}],"wp:attachment":[{"href":"https:\/\/correiosulgoiano.com.br\/index.php?rest_route=%2Fwp%2Fv2%2Fmedia&parent=16480"}],"wp:term":[{"taxonomy":"category","embeddable":true,"href":"https:\/\/correiosulgoiano.com.br\/index.php?rest_route=%2Fwp%2Fv2%2Fcategories&post=16480"},{"taxonomy":"post_tag","embeddable":true,"href":"https:\/\/correiosulgoiano.com.br\/index.php?rest_route=%2Fwp%2Fv2%2Ftags&post=16480"}],"curies":[{"name":"wp","href":"https:\/\/api.w.org\/{rel}","templated":true}]}}