{"id":16537,"date":"2025-12-17T16:14:34","date_gmt":"2025-12-17T18:14:34","guid":{"rendered":"https:\/\/correiosulgoiano.com.br\/?p=16537"},"modified":"2026-01-05T23:38:58","modified_gmt":"2026-01-06T01:38:58","slug":"prefeitura-de-morrinhos-prepara-grande-festa-das-criancas-com-distribuicao-de-brinquedos-e-atracoes-especiais-neste-sabado","status":"publish","type":"post","link":"https:\/\/correiosulgoiano.com.br\/?p=16537","title":{"rendered":"Prefeitura de Morrinhos prepara grande Festa das Crian\u00e7as com distribui\u00e7\u00e3o de brinquedos e atra\u00e7\u00f5es especiais neste s\u00e1bado"},"content":{"rendered":"<p><span style=\"font-size: 14pt; font-family: Verdana, Geneva, sans-serif; color: #000000;\">Morrinhos vai viver uma manh\u00e3 especial dedicada \u00e0s crian\u00e7as no s\u00e1bado, 20 de dezembro, a partir das 9h, com a realiza\u00e7\u00e3o da Festa das Crian\u00e7as, na Feira Coberta. O evento promete transformar o espa\u00e7o em um grande parque de divers\u00e3o, reunindo brincadeiras, sabores e muita anima\u00e7\u00e3o para toda a fam\u00edlia. <\/span><\/p>\n<p><span style=\"font-size: 14pt; font-family: Verdana, Geneva, sans-serif; color: #000000;\">A programa\u00e7\u00e3o foi pensada especialmente para o p\u00fablico infantil e contar\u00e1 com brinquedos infl\u00e1veis gigantes, garantindo momentos de divers\u00e3o, energia e sorrisos do come\u00e7o ao fim. Para completar a experi\u00eancia, as crian\u00e7as poder\u00e3o aproveitar pipoca, algod\u00e3o doce e diversas guloseimas, criando um clima de festa e encantamento.<\/span><\/p>\n<p><span style=\"font-size: 14pt; font-family: Verdana, Geneva, sans-serif; color: #000000;\">Um dos pontos altos do evento ser\u00e1 o Show Natalino do Mundo Recr\u00ea, com personagens, m\u00fasica, dan\u00e7a e intera\u00e7\u00e3o, al\u00e9m do encontro com o Papai Noel, que promete emocionar os pequenos e render fotos inesquec\u00edveis.<\/span><\/p>\n<p><span style=\"font-size: 14pt; font-family: Verdana, Geneva, sans-serif; color: #000000;\">Durante a festa, a Prefeitura tamb\u00e9m far\u00e1 a distribui\u00e7\u00e3o de brinquedos, levando alegria para centenas de crian\u00e7as e tornando o momento ainda mais especial para as fam\u00edlias que participarem.<\/span><\/p>\n<p><span style=\"font-size: 14pt; font-family: Verdana, Geneva, sans-serif; color: #000000;\">A Festa das Crian\u00e7as faz parte das a\u00e7\u00f5es do Circuito de Natal de Morrinhos e foi preparada com carinho, estrutura e dedica\u00e7\u00e3o para proporcionar uma manh\u00e3 leve, divertida e cheia de boas lembran\u00e7as para as crian\u00e7as e seus familiares. <\/span><\/p>\n","protected":false},"excerpt":{"rendered":"<p>Morrinhos vai viver uma manh\u00e3 especial dedicada \u00e0s crian\u00e7as no s\u00e1bado, 20 de dezembro, a partir das 9h, com a realiza\u00e7\u00e3o da Festa das Crian\u00e7as, na Feira Coberta. O evento promete transformar o espa\u00e7o em um grande parque de divers\u00e3o, reunindo brincadeiras, sabores e muita anima\u00e7\u00e3o para toda a fam\u00edlia. A programa\u00e7\u00e3o foi pensada especialmente &#8230;<\/p>\n","protected":false},"author":1,"featured_media":16538,"comment_status":"open","ping_status":"open","sticky":false,"template":"","format":"standard","meta":{"spay_email":"","jetpack_publicize_message":""},"categories":[49],"tags":[],"jetpack_featured_media_url":"https:\/\/correiosulgoiano.com.br\/wp-content\/uploads\/2026\/01\/Festa-das-Criancas-com-distribuicao-de-brinquedos-e-atracoes-especiais-neste-sabado.jpg","jetpack_publicize_connections":[],"_links":{"self":[{"href":"https:\/\/correiosulgoiano.com.br\/index.php?rest_route=\/wp\/v2\/posts\/16537"}],"collection":[{"href":"https:\/\/correiosulgoiano.com.br\/index.php?rest_route=\/wp\/v2\/posts"}],"about":[{"href":"https:\/\/correiosulgoiano.com.br\/index.php?rest_route=\/wp\/v2\/types\/post"}],"author":[{"embeddable":true,"href":"https:\/\/correiosulgoiano.com.br\/index.php?rest_route=\/wp\/v2\/users\/1"}],"replies":[{"embeddable":true,"href":"https:\/\/correiosulgoiano.com.br\/index.php?rest_route=%2Fwp%2Fv2%2Fcomments&post=16537"}],"version-history":[{"count":1,"href":"https:\/\/correiosulgoiano.com.br\/index.php?rest_route=\/wp\/v2\/posts\/16537\/revisions"}],"predecessor-version":[{"id":16539,"href":"https:\/\/correiosulgoiano.com.br\/index.php?rest_route=\/wp\/v2\/posts\/16537\/revisions\/16539"}],"wp:featuredmedia":[{"embeddable":true,"href":"https:\/\/correiosulgoiano.com.br\/index.php?rest_route=\/wp\/v2\/media\/16538"}],"wp:attachment":[{"href":"https:\/\/correiosulgoiano.com.br\/index.php?rest_route=%2Fwp%2Fv2%2Fmedia&parent=16537"}],"wp:term":[{"taxonomy":"category","embeddable":true,"href":"https:\/\/correiosulgoiano.com.br\/index.php?rest_route=%2Fwp%2Fv2%2Fcategories&post=16537"},{"taxonomy":"post_tag","embeddable":true,"href":"https:\/\/correiosulgoiano.com.br\/index.php?rest_route=%2Fwp%2Fv2%2Ftags&post=16537"}],"curies":[{"name":"wp","href":"https:\/\/api.w.org\/{rel}","templated":true}]}}