{"id":16540,"date":"2026-01-06T18:16:40","date_gmt":"2026-01-06T20:16:40","guid":{"rendered":"https:\/\/correiosulgoiano.com.br\/?p=16540"},"modified":"2026-01-06T18:16:40","modified_gmt":"2026-01-06T20:16:40","slug":"prefeito-kleber-marra-reune-secretariado-para-alinhar-planejamento-estrategico-de-2026","status":"publish","type":"post","link":"https:\/\/correiosulgoiano.com.br\/?p=16540","title":{"rendered":"Prefeito Kleber Marra re\u00fane secretariado para alinhar planejamento estrat\u00e9gico de 2026"},"content":{"rendered":"<p><span style=\"font-size: 14pt; font-family: Verdana, Geneva, sans-serif; color: #000000;\">O prefeito Kleber Marra &#8211; MDB &#8211; reuniu nesta ter\u00e7a-feira, 06\/01, em seu gabinete, todo o secretariado municipal para a primeira reuni\u00e3o de trabalho para 2026. O encontro marcou o alinhamento do planejamento estrat\u00e9gico da gest\u00e3o e o in\u00edcio de um novo ciclo administrativo, definido como o \u201cano da colheita e da transforma\u00e7\u00e3o\u201d.<\/span><\/p>\n<p><a href=\"https:\/\/correiosulgoiano.com.br\/wp-content\/uploads\/2026\/01\/kleber-01.jpg\"><img loading=\"lazy\" class=\"alignnone  wp-image-16543\" src=\"https:\/\/correiosulgoiano.com.br\/wp-content\/uploads\/2026\/01\/kleber-01.jpg\" alt=\"\" width=\"302\" height=\"170\" srcset=\"https:\/\/correiosulgoiano.com.br\/wp-content\/uploads\/2026\/01\/kleber-01.jpg 1600w, https:\/\/correiosulgoiano.com.br\/wp-content\/uploads\/2026\/01\/kleber-01-300x169.jpg 300w, https:\/\/correiosulgoiano.com.br\/wp-content\/uploads\/2026\/01\/kleber-01-1024x576.jpg 1024w, https:\/\/correiosulgoiano.com.br\/wp-content\/uploads\/2026\/01\/kleber-01-768x432.jpg 768w, https:\/\/correiosulgoiano.com.br\/wp-content\/uploads\/2026\/01\/kleber-01-1536x864.jpg 1536w\" sizes=\"(max-width: 302px) 100vw, 302px\" \/><\/a><\/p>\n<p><span style=\"font-size: 14pt; font-family: Verdana, Geneva, sans-serif; color: #000000;\">Na oportunidade, o prefeito apresentou um balan\u00e7o do primeiro ano do seu segundo mandato, per\u00edodo marcado ainda por muitos desafios estruturais, mas tamb\u00e9m, com avan\u00e7os significativos em diversas \u00e1reas, e refor\u00e7ou as diretrizes que v\u00e3o nortear as a\u00e7\u00f5es o Governo de Caldas Novas ao longo do novo ano. O foco, segundo ele, \u00e9 acelerar as entregas \u2013 em especial na \u00e1rea de Sa\u00fade e Infraestrutura \u2013 consolidar investimentos e transformar planejamento em obras e servi\u00e7os concretos para a popula\u00e7\u00e3o.<\/span><\/p>\n<p><a href=\"https:\/\/correiosulgoiano.com.br\/wp-content\/uploads\/2026\/01\/kleber-05.jpg\"><img loading=\"lazy\" class=\"alignnone  wp-image-16542\" src=\"https:\/\/correiosulgoiano.com.br\/wp-content\/uploads\/2026\/01\/kleber-05.jpg\" alt=\"\" width=\"299\" height=\"173\" srcset=\"https:\/\/correiosulgoiano.com.br\/wp-content\/uploads\/2026\/01\/kleber-05.jpg 1280w, https:\/\/correiosulgoiano.com.br\/wp-content\/uploads\/2026\/01\/kleber-05-300x173.jpg 300w, https:\/\/correiosulgoiano.com.br\/wp-content\/uploads\/2026\/01\/kleber-05-1024x591.jpg 1024w, https:\/\/correiosulgoiano.com.br\/wp-content\/uploads\/2026\/01\/kleber-05-768x443.jpg 768w\" sizes=\"(max-width: 299px) 100vw, 299px\" \/><\/a><\/p>\n<p><span style=\"font-size: 14pt; font-family: Verdana, Geneva, sans-serif; color: #000000;\">O desafio financeiro do Munic\u00edpio tamb\u00e9m foi pauta da reuni\u00e3o, especialmente diante do cen\u00e1rio fiscal para 2026 que, segundo a equipe econ\u00f4mica, exige ainda mais planejamento, efici\u00eancia e controle de gastos. De acordo com a secret\u00e1ria municipal de Fazenda e Gest\u00e3o, Lorena Wanucy, a cidade dever\u00e1 enfrentar uma redu\u00e7\u00e3o significativa na receita dispon\u00edvel ao longo do ano, decorrente de fatores externos \u00e0 gest\u00e3o, em especial, a Reforma Tribut\u00e1ria proposta pelo governo Federal.<\/span><\/p>\n<p><a href=\"https:\/\/correiosulgoiano.com.br\/wp-content\/uploads\/2026\/01\/kleber-03.jpg\"><img loading=\"lazy\" class=\"alignnone  wp-image-16545\" src=\"https:\/\/correiosulgoiano.com.br\/wp-content\/uploads\/2026\/01\/kleber-03.jpg\" alt=\"\" width=\"306\" height=\"211\" srcset=\"https:\/\/correiosulgoiano.com.br\/wp-content\/uploads\/2026\/01\/kleber-03.jpg 980w, https:\/\/correiosulgoiano.com.br\/wp-content\/uploads\/2026\/01\/kleber-03-300x207.jpg 300w, https:\/\/correiosulgoiano.com.br\/wp-content\/uploads\/2026\/01\/kleber-03-768x529.jpg 768w\" sizes=\"(max-width: 306px) 100vw, 306px\" \/><\/a><\/p>\n<p><span style=\"font-size: 14pt; font-family: Verdana, Geneva, sans-serif; color: #000000;\">Apesar da conjuntura desfavor\u00e1vel, a gest\u00e3o inicia 2026 em condi\u00e7\u00f5es mais s\u00f3lidas do que no in\u00edcio do primeiro mandato, fruto do controle fiscal e do uso respons\u00e1vel dos recursos p\u00fablicos ao longo dos \u00faltimos anos \u201cCuidamos bem do dinheiro p\u00fablico, reduzimos despesas desnecess\u00e1rias e concentramos esfor\u00e7os no que \u00e9 essencial. Isso pode nos dar base para manter o ritmo de entregas, mesmo em um cen\u00e1rio mais restritivo\u201d, complementou o prefeito Kleber Marra.<\/span><\/p>\n<p><a href=\"https:\/\/correiosulgoiano.com.br\/wp-content\/uploads\/2026\/01\/kleber-04.jpg\"><img loading=\"lazy\" class=\"alignnone  wp-image-16546\" src=\"https:\/\/correiosulgoiano.com.br\/wp-content\/uploads\/2026\/01\/kleber-04.jpg\" alt=\"\" width=\"306\" height=\"172\" srcset=\"https:\/\/correiosulgoiano.com.br\/wp-content\/uploads\/2026\/01\/kleber-04.jpg 1600w, https:\/\/correiosulgoiano.com.br\/wp-content\/uploads\/2026\/01\/kleber-04-300x169.jpg 300w, https:\/\/correiosulgoiano.com.br\/wp-content\/uploads\/2026\/01\/kleber-04-1024x576.jpg 1024w, https:\/\/correiosulgoiano.com.br\/wp-content\/uploads\/2026\/01\/kleber-04-768x432.jpg 768w, https:\/\/correiosulgoiano.com.br\/wp-content\/uploads\/2026\/01\/kleber-04-1536x864.jpg 1536w\" sizes=\"(max-width: 306px) 100vw, 306px\" \/><\/a><\/p>\n<p><span style=\"font-size: 14pt; font-family: Verdana, Geneva, sans-serif; color: #000000;\">Segundo ainda o prefeito, o alinhamento com todo o secretariado tem como objetivo refor\u00e7ar a necessidade de uma gest\u00e3o participativa e estrat\u00e9gica, que valorize tanto os recursos humanos quanto os financeiros da administra\u00e7\u00e3o e garantir que cada gestor compreenda o contexto econ\u00f4mico atual e atue de forma integrada para sustentar o plano de investimentos do ano.<\/span><\/p>\n<p>Fonte: Secretaria de Comunica\u00e7\u00e3o \/ Governo de Caldas Novas<\/p>\n","protected":false},"excerpt":{"rendered":"<p>O prefeito Kleber Marra &#8211; MDB &#8211; reuniu nesta ter\u00e7a-feira, 06\/01, em seu gabinete, todo o secretariado municipal para a primeira reuni\u00e3o de trabalho para 2026. O encontro marcou o alinhamento do planejamento estrat\u00e9gico da gest\u00e3o e o in\u00edcio de um novo ciclo administrativo, definido como o \u201cano da colheita e da transforma\u00e7\u00e3o\u201d. Na oportunidade, &#8230;<\/p>\n","protected":false},"author":1,"featured_media":16541,"comment_status":"open","ping_status":"open","sticky":false,"template":"","format":"standard","meta":{"spay_email":"","jetpack_publicize_message":""},"categories":[44],"tags":[],"jetpack_featured_media_url":"https:\/\/correiosulgoiano.com.br\/wp-content\/uploads\/2026\/01\/a-kle.jpg","jetpack_publicize_connections":[],"_links":{"self":[{"href":"https:\/\/correiosulgoiano.com.br\/index.php?rest_route=\/wp\/v2\/posts\/16540"}],"collection":[{"href":"https:\/\/correiosulgoiano.com.br\/index.php?rest_route=\/wp\/v2\/posts"}],"about":[{"href":"https:\/\/correiosulgoiano.com.br\/index.php?rest_route=\/wp\/v2\/types\/post"}],"author":[{"embeddable":true,"href":"https:\/\/correiosulgoiano.com.br\/index.php?rest_route=\/wp\/v2\/users\/1"}],"replies":[{"embeddable":true,"href":"https:\/\/correiosulgoiano.com.br\/index.php?rest_route=%2Fwp%2Fv2%2Fcomments&post=16540"}],"version-history":[{"count":1,"href":"https:\/\/correiosulgoiano.com.br\/index.php?rest_route=\/wp\/v2\/posts\/16540\/revisions"}],"predecessor-version":[{"id":16547,"href":"https:\/\/correiosulgoiano.com.br\/index.php?rest_route=\/wp\/v2\/posts\/16540\/revisions\/16547"}],"wp:featuredmedia":[{"embeddable":true,"href":"https:\/\/correiosulgoiano.com.br\/index.php?rest_route=\/wp\/v2\/media\/16541"}],"wp:attachment":[{"href":"https:\/\/correiosulgoiano.com.br\/index.php?rest_route=%2Fwp%2Fv2%2Fmedia&parent=16540"}],"wp:term":[{"taxonomy":"category","embeddable":true,"href":"https:\/\/correiosulgoiano.com.br\/index.php?rest_route=%2Fwp%2Fv2%2Fcategories&post=16540"},{"taxonomy":"post_tag","embeddable":true,"href":"https:\/\/correiosulgoiano.com.br\/index.php?rest_route=%2Fwp%2Fv2%2Ftags&post=16540"}],"curies":[{"name":"wp","href":"https:\/\/api.w.org\/{rel}","templated":true}]}}