{"id":16552,"date":"2026-01-09T18:14:04","date_gmt":"2026-01-09T20:14:04","guid":{"rendered":"https:\/\/correiosulgoiano.com.br\/?p=16552"},"modified":"2026-01-09T18:14:04","modified_gmt":"2026-01-09T20:14:04","slug":"policia-civil-e-conselho-tutelar-desativam-em-morrinhos-uma-creche-clandestina-mulher-e-presa-suspeita-de-maus-tratos-as-criancas","status":"publish","type":"post","link":"https:\/\/correiosulgoiano.com.br\/?p=16552","title":{"rendered":"POL\u00cdCIA CIVIL E CONSELHO TUTELAR DESATIVAM, EM MORRINHOS, UMA CRECHE CLANDESTINA!!! MULHER \u00c9 PRESA SUSPEITA DE MAUS-TRATOS \u00c0S CRIAN\u00c7AS"},"content":{"rendered":"<p><span style=\"font-size: 14pt; font-family: Verdana, Geneva, sans-serif; color: #000000;\">Nesta sexta-feira, 09\/01, a Pol\u00edcia Civil de Morrinhos, em atua\u00e7\u00e3o conjunta com o Conselho Tutelar, ap\u00f3s den\u00fancia encaminhada aos \u00f3rg\u00e3os de prote\u00e7\u00e3o \u00e0 crian\u00e7a e ao adolescente, constatou a exist\u00eancia de uma creche clandestina em funcionamento em Morrinhos.<\/span><\/p>\n<p><span style=\"font-size: 14pt; font-family: Verdana, Geneva, sans-serif; color: #000000;\">O delegado, Fernando Gontijo contou que as den\u00fancias informavam que, no interior da resid\u00eancia, crian\u00e7as choravam e pediam por comida, al\u00e9m de haver odor caracter\u00edstico de entorpecentes proveniente do local.<\/span><\/p>\n<p><a href=\"https:\/\/correiosulgoiano.com.br\/wp-content\/uploads\/2026\/01\/a7b.jpg\"><img loading=\"lazy\" class=\"alignnone  wp-image-16554\" src=\"https:\/\/correiosulgoiano.com.br\/wp-content\/uploads\/2026\/01\/a7b.jpg\" alt=\"\" width=\"262\" height=\"350\" srcset=\"https:\/\/correiosulgoiano.com.br\/wp-content\/uploads\/2026\/01\/a7b.jpg 1200w, https:\/\/correiosulgoiano.com.br\/wp-content\/uploads\/2026\/01\/a7b-225x300.jpg 225w, https:\/\/correiosulgoiano.com.br\/wp-content\/uploads\/2026\/01\/a7b-768x1024.jpg 768w, https:\/\/correiosulgoiano.com.br\/wp-content\/uploads\/2026\/01\/a7b-1152x1536.jpg 1152w\" sizes=\"(max-width: 262px) 100vw, 262px\" \/><\/a><\/p>\n<p><span style=\"font-size: 14pt; font-family: Verdana, Geneva, sans-serif; color: #000000;\">Durante dilig\u00eancia realizada, foi verificado que no im\u00f3vel se encontravam aproximadamente 09 crian\u00e7as, com idade entre 1 e 6 anos, todas em condi\u00e7\u00f5es prec\u00e1rias de higiene e cuidados.<\/span><\/p>\n<p><span style=\"font-size: 14pt; font-family: Verdana, Geneva, sans-serif; color: #000000;\">Ainda de acordo com o delegado, a resid\u00eancia apresentava-se em estado completamente insalubre, sem oferta de alimenta\u00e7\u00e3o adequada e sem espa\u00e7o f\u00edsico m\u00ednimo compat\u00edvel com a quantidade de crian\u00e7as ali mantidas.<\/span><\/p>\n<p><a href=\"https:\/\/correiosulgoiano.com.br\/wp-content\/uploads\/2026\/01\/a4b.jpg\"><img loading=\"lazy\" class=\"alignnone  wp-image-16555\" src=\"https:\/\/correiosulgoiano.com.br\/wp-content\/uploads\/2026\/01\/a4b.jpg\" alt=\"\" width=\"238\" height=\"317\" srcset=\"https:\/\/correiosulgoiano.com.br\/wp-content\/uploads\/2026\/01\/a4b.jpg 1200w, https:\/\/correiosulgoiano.com.br\/wp-content\/uploads\/2026\/01\/a4b-225x300.jpg 225w, https:\/\/correiosulgoiano.com.br\/wp-content\/uploads\/2026\/01\/a4b-768x1024.jpg 768w, https:\/\/correiosulgoiano.com.br\/wp-content\/uploads\/2026\/01\/a4b-1152x1536.jpg 1152w\" sizes=\"(max-width: 238px) 100vw, 238px\" \/><\/a><\/p>\n<p><span style=\"font-size: 14pt; font-family: Verdana, Geneva, sans-serif; color: #000000;\">Fernando Gontijo contou que diante de toda esta situa\u00e7\u00e3o foi dada voz de pris\u00e3o \u00e0 respons\u00e1vel pelo local, suspeita do cometimento de maus-tratos. Ap\u00f3s a lavratura do Auto de Pris\u00e3o em Flagrante, a mulher foi encaminhada \u00e0 Unidade Prisional de Orizona, onde permanecer\u00e1 \u00e0 disposi\u00e7\u00e3o do Poder Judici\u00e1rio, aguardando a Audi\u00eancia de Cust\u00f3dia.<\/span><\/p>\n<p><span style=\"font-size: 14pt; font-family: Verdana, Geneva, sans-serif; color: #000000;\">O delegado informou ainda que as investiga\u00e7\u00f5es prosseguem com o objetivo de apurar eventual responsabilidade criminal dos pais ou respons\u00e1veis legais pelas crian\u00e7as, uma vez que, conforme apurado preliminarmente, algumas delas permaneciam por v\u00e1rios dias consecutivos no local.<\/span><\/p>\n<p>Fonte e Fotos: Pol\u00edcia Civil &#8211; delegado Fernando Gontijo<\/p>\n<div id=\"attachment_16561\" style=\"width: 246px\" class=\"wp-caption alignnone\"><a href=\"https:\/\/correiosulgoiano.com.br\/wp-content\/uploads\/2026\/01\/a8b.jpg\"><img aria-describedby=\"caption-attachment-16561\" loading=\"lazy\" class=\" wp-image-16561\" src=\"https:\/\/correiosulgoiano.com.br\/wp-content\/uploads\/2026\/01\/a8b.jpg\" alt=\"\" width=\"236\" height=\"314\" srcset=\"https:\/\/correiosulgoiano.com.br\/wp-content\/uploads\/2026\/01\/a8b.jpg 1200w, https:\/\/correiosulgoiano.com.br\/wp-content\/uploads\/2026\/01\/a8b-225x300.jpg 225w, https:\/\/correiosulgoiano.com.br\/wp-content\/uploads\/2026\/01\/a8b-768x1024.jpg 768w, https:\/\/correiosulgoiano.com.br\/wp-content\/uploads\/2026\/01\/a8b-1152x1536.jpg 1152w\" sizes=\"(max-width: 236px) 100vw, 236px\" \/><\/a><p id=\"caption-attachment-16561\" class=\"wp-caption-text\">Pol\u00edcia Civil em A\u00e7\u00e3o<\/p><\/div>\n<p>Fonte e Fotos: Pol\u00edcia Civil &#8211; delegado Fernando Gontijo<\/p>\n<div id=\"attachment_16556\" style=\"width: 252px\" class=\"wp-caption alignnone\"><a href=\"https:\/\/correiosulgoiano.com.br\/wp-content\/uploads\/2026\/01\/a1b.jpg\"><img aria-describedby=\"caption-attachment-16556\" loading=\"lazy\" class=\" wp-image-16556\" src=\"https:\/\/correiosulgoiano.com.br\/wp-content\/uploads\/2026\/01\/a1b.jpg\" alt=\"\" width=\"242\" height=\"322\" srcset=\"https:\/\/correiosulgoiano.com.br\/wp-content\/uploads\/2026\/01\/a1b.jpg 1200w, https:\/\/correiosulgoiano.com.br\/wp-content\/uploads\/2026\/01\/a1b-225x300.jpg 225w, https:\/\/correiosulgoiano.com.br\/wp-content\/uploads\/2026\/01\/a1b-768x1024.jpg 768w, https:\/\/correiosulgoiano.com.br\/wp-content\/uploads\/2026\/01\/a1b-1152x1536.jpg 1152w\" sizes=\"(max-width: 242px) 100vw, 242px\" \/><\/a><p id=\"caption-attachment-16556\" class=\"wp-caption-text\">Pol\u00edcia Civil em A\u00e7\u00e3o<\/p><\/div>\n<p>Fonte e Fotos: Pol\u00edcia Civil &#8211; delegado Fernando Gontijo<\/p>\n<div id=\"attachment_16557\" style=\"width: 220px\" class=\"wp-caption alignnone\"><a href=\"https:\/\/correiosulgoiano.com.br\/wp-content\/uploads\/2026\/01\/a3b.jpg\"><img aria-describedby=\"caption-attachment-16557\" loading=\"lazy\" class=\" wp-image-16557\" src=\"https:\/\/correiosulgoiano.com.br\/wp-content\/uploads\/2026\/01\/a3b.jpg\" alt=\"\" width=\"210\" height=\"280\" srcset=\"https:\/\/correiosulgoiano.com.br\/wp-content\/uploads\/2026\/01\/a3b.jpg 1200w, https:\/\/correiosulgoiano.com.br\/wp-content\/uploads\/2026\/01\/a3b-225x300.jpg 225w, https:\/\/correiosulgoiano.com.br\/wp-content\/uploads\/2026\/01\/a3b-768x1024.jpg 768w, https:\/\/correiosulgoiano.com.br\/wp-content\/uploads\/2026\/01\/a3b-1152x1536.jpg 1152w\" sizes=\"(max-width: 210px) 100vw, 210px\" \/><\/a><p id=\"caption-attachment-16557\" class=\"wp-caption-text\">Pol\u00edcia Civil em A\u00e7\u00e3o<\/p><\/div>\n<p>Fonte e Fotos: Pol\u00edcia Civil &#8211; delegado Fernando Gontijo<\/p>\n<p><a href=\"https:\/\/correiosulgoiano.com.br\/wp-content\/uploads\/2026\/01\/a12b.jpg\"><img loading=\"lazy\" class=\"alignnone  wp-image-16558\" src=\"https:\/\/correiosulgoiano.com.br\/wp-content\/uploads\/2026\/01\/a12b.jpg\" alt=\"\" width=\"223\" height=\"298\" srcset=\"https:\/\/correiosulgoiano.com.br\/wp-content\/uploads\/2026\/01\/a12b.jpg 1200w, https:\/\/correiosulgoiano.com.br\/wp-content\/uploads\/2026\/01\/a12b-225x300.jpg 225w, https:\/\/correiosulgoiano.com.br\/wp-content\/uploads\/2026\/01\/a12b-768x1024.jpg 768w, https:\/\/correiosulgoiano.com.br\/wp-content\/uploads\/2026\/01\/a12b-1152x1536.jpg 1152w\" sizes=\"(max-width: 223px) 100vw, 223px\" \/><\/a><\/p>\n<p>Fonte e Fotos: Pol\u00edcia Civil &#8211; delegado Fernando Gontijo<\/p>\n<div id=\"attachment_16559\" style=\"width: 309px\" class=\"wp-caption alignnone\"><a href=\"https:\/\/correiosulgoiano.com.br\/wp-content\/uploads\/2026\/01\/a5b.jpg\"><img aria-describedby=\"caption-attachment-16559\" loading=\"lazy\" class=\" wp-image-16559\" src=\"https:\/\/correiosulgoiano.com.br\/wp-content\/uploads\/2026\/01\/a5b.jpg\" alt=\"\" width=\"299\" height=\"398\" srcset=\"https:\/\/correiosulgoiano.com.br\/wp-content\/uploads\/2026\/01\/a5b.jpg 1200w, https:\/\/correiosulgoiano.com.br\/wp-content\/uploads\/2026\/01\/a5b-225x300.jpg 225w, https:\/\/correiosulgoiano.com.br\/wp-content\/uploads\/2026\/01\/a5b-768x1024.jpg 768w, https:\/\/correiosulgoiano.com.br\/wp-content\/uploads\/2026\/01\/a5b-1152x1536.jpg 1152w\" sizes=\"(max-width: 299px) 100vw, 299px\" \/><\/a><p id=\"caption-attachment-16559\" class=\"wp-caption-text\">Pol\u00edcia Civil em A\u00e7\u00e3o<\/p><\/div>\n<p>Fonte e Fotos: Pol\u00edcia Civil &#8211; delegado Fernando Gontijo<\/p>\n<div id=\"attachment_16560\" style=\"width: 287px\" class=\"wp-caption alignnone\"><a href=\"https:\/\/correiosulgoiano.com.br\/wp-content\/uploads\/2026\/01\/a6b.jpg\"><img aria-describedby=\"caption-attachment-16560\" loading=\"lazy\" class=\" wp-image-16560\" src=\"https:\/\/correiosulgoiano.com.br\/wp-content\/uploads\/2026\/01\/a6b.jpg\" alt=\"\" width=\"277\" height=\"369\" srcset=\"https:\/\/correiosulgoiano.com.br\/wp-content\/uploads\/2026\/01\/a6b.jpg 1200w, https:\/\/correiosulgoiano.com.br\/wp-content\/uploads\/2026\/01\/a6b-225x300.jpg 225w, https:\/\/correiosulgoiano.com.br\/wp-content\/uploads\/2026\/01\/a6b-768x1024.jpg 768w, https:\/\/correiosulgoiano.com.br\/wp-content\/uploads\/2026\/01\/a6b-1152x1536.jpg 1152w\" sizes=\"(max-width: 277px) 100vw, 277px\" \/><\/a><p id=\"caption-attachment-16560\" class=\"wp-caption-text\">Pol\u00edcia Civil em A\u00e7\u00e3o<\/p><\/div>\n<p>Fonte e Fotos: Pol\u00edcia Civil &#8211; delegado Fernando Gontijo<\/p>\n","protected":false},"excerpt":{"rendered":"<p>Nesta sexta-feira, 09\/01, a Pol\u00edcia Civil de Morrinhos, em atua\u00e7\u00e3o conjunta com o Conselho Tutelar, ap\u00f3s den\u00fancia encaminhada aos \u00f3rg\u00e3os de prote\u00e7\u00e3o \u00e0 crian\u00e7a e ao adolescente, constatou a exist\u00eancia de uma creche clandestina em funcionamento em Morrinhos. O delegado, Fernando Gontijo contou que as den\u00fancias informavam que, no interior da resid\u00eancia, crian\u00e7as choravam e &#8230;<\/p>\n","protected":false},"author":1,"featured_media":16553,"comment_status":"open","ping_status":"open","sticky":false,"template":"","format":"standard","meta":{"spay_email":"","jetpack_publicize_message":""},"categories":[51],"tags":[],"jetpack_featured_media_url":"https:\/\/correiosulgoiano.com.br\/wp-content\/uploads\/2026\/01\/aaaaaaaaa-creche.jpeg","jetpack_publicize_connections":[],"_links":{"self":[{"href":"https:\/\/correiosulgoiano.com.br\/index.php?rest_route=\/wp\/v2\/posts\/16552"}],"collection":[{"href":"https:\/\/correiosulgoiano.com.br\/index.php?rest_route=\/wp\/v2\/posts"}],"about":[{"href":"https:\/\/correiosulgoiano.com.br\/index.php?rest_route=\/wp\/v2\/types\/post"}],"author":[{"embeddable":true,"href":"https:\/\/correiosulgoiano.com.br\/index.php?rest_route=\/wp\/v2\/users\/1"}],"replies":[{"embeddable":true,"href":"https:\/\/correiosulgoiano.com.br\/index.php?rest_route=%2Fwp%2Fv2%2Fcomments&post=16552"}],"version-history":[{"count":1,"href":"https:\/\/correiosulgoiano.com.br\/index.php?rest_route=\/wp\/v2\/posts\/16552\/revisions"}],"predecessor-version":[{"id":16562,"href":"https:\/\/correiosulgoiano.com.br\/index.php?rest_route=\/wp\/v2\/posts\/16552\/revisions\/16562"}],"wp:featuredmedia":[{"embeddable":true,"href":"https:\/\/correiosulgoiano.com.br\/index.php?rest_route=\/wp\/v2\/media\/16553"}],"wp:attachment":[{"href":"https:\/\/correiosulgoiano.com.br\/index.php?rest_route=%2Fwp%2Fv2%2Fmedia&parent=16552"}],"wp:term":[{"taxonomy":"category","embeddable":true,"href":"https:\/\/correiosulgoiano.com.br\/index.php?rest_route=%2Fwp%2Fv2%2Fcategories&post=16552"},{"taxonomy":"post_tag","embeddable":true,"href":"https:\/\/correiosulgoiano.com.br\/index.php?rest_route=%2Fwp%2Fv2%2Ftags&post=16552"}],"curies":[{"name":"wp","href":"https:\/\/api.w.org\/{rel}","templated":true}]}}