{"id":1888,"date":"2015-05-14T04:29:33","date_gmt":"2015-05-14T04:29:33","guid":{"rendered":"https:\/\/correiosulgoiano.com.br\/?p=1888"},"modified":"2015-05-14T04:29:33","modified_gmt":"2015-05-14T04:29:33","slug":"policia-civil-apreende-motor-gerador-por-poluicao-sonora-em-itumbiara","status":"publish","type":"post","link":"https:\/\/correiosulgoiano.com.br\/?p=1888","title":{"rendered":"Pol\u00edcia Civil apreende motor gerador por polui\u00e7\u00e3o sonora em Itumbiara"},"content":{"rendered":"<p><span style=\"font-size: 14pt; font-family: Verdana, Geneva, sans-serif; color: #000000;\">O Delegado de Pol\u00edcia Civil, Dr. Ricardo Torres Chueire, titular da 6\u00aa DRP, com sede em Itumbiara informou que: na quarta-feira, 13\/05, agentes da 2\u00aa DP de Itumbiara, agindo sob a Coordena\u00e7\u00e3o do Delegado, Dr. Vin\u00edcius de Castro Penna, prenderam em flagrante delito, pelo crime de \u201cPolui\u00e7\u00e3o Sonora\u201d \u2013 conforme Artigo 54, caput, da Lei dos Crimes Ambientais, um homem que trabalhava como operador de um Gerador Estacion\u00e1rio de Energia El\u00e9trica de propriedade da empresa CTBC\/Algar Telecom que h\u00e1 alguns dias vinha sendo alvo de in\u00fameras den\u00fancias de polui\u00e7\u00e3o sonora.<\/span><\/p>\n<p><a href=\"https:\/\/correiosulgoiano.com.br\/wp-content\/uploads\/2015\/05\/351a1255ed41eec8b71813829244591e.jpg\"><img loading=\"lazy\" class=\"alignnone  wp-image-1891\" src=\"https:\/\/correiosulgoiano.com.br\/wp-content\/uploads\/2015\/05\/351a1255ed41eec8b71813829244591e.jpg\" alt=\"351a1255ed41eec8b71813829244591e\" width=\"406\" height=\"396\" srcset=\"https:\/\/correiosulgoiano.com.br\/wp-content\/uploads\/2015\/05\/351a1255ed41eec8b71813829244591e.jpg 797w, https:\/\/correiosulgoiano.com.br\/wp-content\/uploads\/2015\/05\/351a1255ed41eec8b71813829244591e-300x292.jpg 300w, https:\/\/correiosulgoiano.com.br\/wp-content\/uploads\/2015\/05\/351a1255ed41eec8b71813829244591e-55x55.jpg 55w\" sizes=\"(max-width: 406px) 100vw, 406px\" \/><\/a><\/p>\n<p><span style=\"font-size: 14pt; font-family: Verdana, Geneva, sans-serif; color: #000000;\">Auxiliados por funcion\u00e1rios de Departamento de Postura da Prefeitura Municipal de Itumbiara, os policiais constataram no local, que o equipamento produzia ru\u00eddo de forma intermitente, em volume capaz de causar perigo de dano \u00e0 sa\u00fade humana, n\u00e3o apenas \u00e0s diversas v\u00edtimas, mas tamb\u00e9m ao autuado.<\/span><\/p>\n<p><span style=\"font-size: 14pt; font-family: Verdana, Geneva, sans-serif; color: #000000;\">Outro funcion\u00e1rio de cargo superior na empresa de telefonia relatou que o equipamento foi utilizado pela primeira vez no final de semana que passou, quando no s\u00e1bado, permaneceu ligado durante o dia e tamb\u00e9m \u00e0 noite.<\/span><\/p>\n<p><span style=\"font-size: 14pt; font-family: Verdana, Geneva, sans-serif; color: #000000;\">Conduzido e Autuado em flagrante o funcion\u00e1rio da empresa recolheu fian\u00e7a e responder\u00e1 ao Inqu\u00e9rito Policial em liberdade.<\/span><\/p>\n<p><span style=\"font-size: 14pt; font-family: Verdana, Geneva, sans-serif; color: #000000;\">A empresa tamb\u00e9m responder\u00e1 pelo crime, visto que tal situa\u00e7\u00e3o \u00e9 poss\u00edvel nos crimes ambientais, como no caso em tela. (Fonte: Delegados Ricardo Torres Chueire e Vin\u00edcius de Castro Penna, via e-mail)<\/span><\/p>\n<p><a href=\"https:\/\/correiosulgoiano.com.br\/wp-content\/uploads\/2015\/05\/Mercotintas-Banner-Site-01.jpg\"><img loading=\"lazy\" class=\"alignnone  wp-image-1889\" src=\"https:\/\/correiosulgoiano.com.br\/wp-content\/uploads\/2015\/05\/Mercotintas-Banner-Site-01.jpg\" alt=\"Mercotintas Banner Site - 01\" width=\"939\" height=\"117\" srcset=\"https:\/\/correiosulgoiano.com.br\/wp-content\/uploads\/2015\/05\/Mercotintas-Banner-Site-01.jpg 1172w, https:\/\/correiosulgoiano.com.br\/wp-content\/uploads\/2015\/05\/Mercotintas-Banner-Site-01-300x37.jpg 300w, https:\/\/correiosulgoiano.com.br\/wp-content\/uploads\/2015\/05\/Mercotintas-Banner-Site-01-1024x128.jpg 1024w\" sizes=\"(max-width: 939px) 100vw, 939px\" \/><\/a><\/p>\n","protected":false},"excerpt":{"rendered":"<p>O Delegado de Pol\u00edcia Civil, Dr. Ricardo Torres Chueire, titular da 6\u00aa DRP, com sede em Itumbiara informou que: na quarta-feira, 13\/05, agentes da 2\u00aa DP de Itumbiara, agindo sob a Coordena\u00e7\u00e3o do Delegado, Dr. Vin\u00edcius de Castro Penna, prenderam em flagrante delito, pelo crime de \u201cPolui\u00e7\u00e3o Sonora\u201d \u2013 conforme Artigo 54, caput, da Lei &#8230;<\/p>\n","protected":false},"author":1,"featured_media":1890,"comment_status":"open","ping_status":"open","sticky":false,"template":"","format":"standard","meta":{"spay_email":"","jetpack_publicize_message":""},"categories":[48],"tags":[55,493,161,65],"jetpack_featured_media_url":"https:\/\/correiosulgoiano.com.br\/wp-content\/uploads\/2015\/05\/c13efe23baa18a26f20f836e089d5642.jpg","jetpack_publicize_connections":[],"_links":{"self":[{"href":"https:\/\/correiosulgoiano.com.br\/index.php?rest_route=\/wp\/v2\/posts\/1888"}],"collection":[{"href":"https:\/\/correiosulgoiano.com.br\/index.php?rest_route=\/wp\/v2\/posts"}],"about":[{"href":"https:\/\/correiosulgoiano.com.br\/index.php?rest_route=\/wp\/v2\/types\/post"}],"author":[{"embeddable":true,"href":"https:\/\/correiosulgoiano.com.br\/index.php?rest_route=\/wp\/v2\/users\/1"}],"replies":[{"embeddable":true,"href":"https:\/\/correiosulgoiano.com.br\/index.php?rest_route=%2Fwp%2Fv2%2Fcomments&post=1888"}],"version-history":[{"count":1,"href":"https:\/\/correiosulgoiano.com.br\/index.php?rest_route=\/wp\/v2\/posts\/1888\/revisions"}],"predecessor-version":[{"id":1892,"href":"https:\/\/correiosulgoiano.com.br\/index.php?rest_route=\/wp\/v2\/posts\/1888\/revisions\/1892"}],"wp:featuredmedia":[{"embeddable":true,"href":"https:\/\/correiosulgoiano.com.br\/index.php?rest_route=\/wp\/v2\/media\/1890"}],"wp:attachment":[{"href":"https:\/\/correiosulgoiano.com.br\/index.php?rest_route=%2Fwp%2Fv2%2Fmedia&parent=1888"}],"wp:term":[{"taxonomy":"category","embeddable":true,"href":"https:\/\/correiosulgoiano.com.br\/index.php?rest_route=%2Fwp%2Fv2%2Fcategories&post=1888"},{"taxonomy":"post_tag","embeddable":true,"href":"https:\/\/correiosulgoiano.com.br\/index.php?rest_route=%2Fwp%2Fv2%2Ftags&post=1888"}],"curies":[{"name":"wp","href":"https:\/\/api.w.org\/{rel}","templated":true}]}}