{"id":2093,"date":"2015-06-03T11:58:35","date_gmt":"2015-06-03T11:58:35","guid":{"rendered":"https:\/\/correiosulgoiano.com.br\/?p=2093"},"modified":"2015-06-03T21:57:14","modified_gmt":"2015-06-03T21:57:14","slug":"voltando-da-pecuaria-jovens-de-goiatuba-sofrem-acidente-e-morrem","status":"publish","type":"post","link":"https:\/\/correiosulgoiano.com.br\/?p=2093","title":{"rendered":"Voltando da Pecu\u00e1ria: Jovens de Goiatuba sofrem acidente a 190 Km\/h"},"content":{"rendered":"<p><span style=\"font-size: 14pt; font-family: Verdana, Geneva, sans-serif; color: #000000;\">Era pr\u00f3ximo das 17h30, da tarde de s\u00e1bado, 30\/05, quando um grave acidente no Km 03 da GO-476 tirou a vida de tr\u00eas jovens de Goiatuba. Mesmo ap\u00f3s uma frenagem de aproximadamente 40 metros o veloc\u00edmetro do carro ainda travou em 190 Km\/h.\u00a0<\/span><\/p>\n<p><span style=\"font-size: 14pt; font-family: Verdana, Geneva, sans-serif; color: #000000;\">Alexandre Ferrais, de 20 anos; Lucas Martinho, de 21 anos e Deivid Henrique de 26 anos.<\/span><\/p>\n<p><span style=\"font-size: 10pt; font-family: Verdana, Geneva, sans-serif;\">Publicada s\u00e1bado, 30\/05, \u00e0s 22h05 e atualizada em 03\/06 11h58<\/span><\/p>\n<p><a href=\"https:\/\/correiosulgoiano.com.br\/wp-content\/uploads\/2015\/05\/Acidente-editado-site-01.jpg\"><img loading=\"lazy\" class=\"alignnone  wp-image-2095\" src=\"https:\/\/correiosulgoiano.com.br\/wp-content\/uploads\/2015\/05\/Acidente-editado-site-01.jpg\" alt=\"Acidente editado site - 01\" width=\"565\" height=\"285\" srcset=\"https:\/\/correiosulgoiano.com.br\/wp-content\/uploads\/2015\/05\/Acidente-editado-site-01.jpg 1865w, https:\/\/correiosulgoiano.com.br\/wp-content\/uploads\/2015\/05\/Acidente-editado-site-01-300x151.jpg 300w, https:\/\/correiosulgoiano.com.br\/wp-content\/uploads\/2015\/05\/Acidente-editado-site-01-1024x516.jpg 1024w\" sizes=\"(max-width: 565px) 100vw, 565px\" \/><\/a><\/p>\n<p><span style=\"font-size: 14pt; font-family: Verdana, Geneva, sans-serif; color: #000000;\">Os tr\u00eas voltavam de Morrinhos para Goiatuba, quando o acidente aconteceu.<\/span><\/p>\n<p><span style=\"font-size: 14pt; font-family: Verdana, Geneva, sans-serif; color: #000000;\">Amigos das v\u00edtimas contaram ao nosso redator que passaram boa parte do dia com eles, no Parque de Exposi\u00e7\u00e3o de Morrinhos, onde muitos amigos se divertiram na 41\u00aa ExpoMorrinhos, durante todo o s\u00e1bado.<\/span><\/p>\n<p><span style=\"font-size: 14pt; font-family: Verdana, Geneva, sans-serif; color: #000000;\">Alguns j\u00e1 haviam voltado para Goiatuba e outros ficaram para aproveitar um pouco mais da festa. Foi o caso das tr\u00eas v\u00edtimas.<\/span><\/p>\n<p><span style=\"font-size: 14pt; font-family: Verdana, Geneva, sans-serif; color: #000000;\">Alexandre, Lucas e Deivid abriram m\u00e3o da BR-153, que \u00e9 duplicada e preferiram voltar para Goiatuba no fim da tarde, pela GO-476.<\/span><\/p>\n<p><span style=\"font-size: 14pt; font-family: Verdana, Geneva, sans-serif; color: #000000;\">Evid\u00eancias indicam que eles trafegavam em alta velocidade em um ve\u00edculo VW Parati Track &amp; Field, quando alcan\u00e7aram um \u00f4nibus de transporte de funcion\u00e1rios da Usina CEM que trafegava no mesmo sentido da rodovia. Ve\u00edculo VW Parati placa JPF 3424 de Goiatuba Goi\u00e1s.<\/span><\/p>\n<p><span style=\"font-size: 10pt; font-family: Verdana, Geneva, sans-serif; color: #ff0000;\">Na foto abaixo veja a frenagem na rodovia por quase 30 ou 40 metros<\/span><\/p>\n<p><a href=\"https:\/\/correiosulgoiano.com.br\/wp-content\/uploads\/2015\/05\/Acidente-01.jpg\"><img loading=\"lazy\" class=\"alignnone  wp-image-2096\" src=\"https:\/\/correiosulgoiano.com.br\/wp-content\/uploads\/2015\/05\/Acidente-01.jpg\" alt=\"Acidente - 01\" width=\"600\" height=\"338\" srcset=\"https:\/\/correiosulgoiano.com.br\/wp-content\/uploads\/2015\/05\/Acidente-01.jpg 778w, https:\/\/correiosulgoiano.com.br\/wp-content\/uploads\/2015\/05\/Acidente-01-300x169.jpg 300w\" sizes=\"(max-width: 600px) 100vw, 600px\" \/><\/a><\/p>\n<p><span style=\"font-size: 14pt; font-family: Verdana, Geneva, sans-serif; color: #000000;\">Ainda n\u00e3o se sabe o porque, o ve\u00edculo no qual os tr\u00eas jovens viajavam n\u00e3o parou, mesmo com a frenagem a mais ou menos 30 ou 40 metros do \u00f4nibus, onde estava apenas o motorista.<\/span><\/p>\n<p><a href=\"https:\/\/correiosulgoiano.com.br\/wp-content\/uploads\/2015\/06\/Veloc\u00edmetro-010.jpg\"><img loading=\"lazy\" class=\"alignnone  wp-image-2155\" src=\"https:\/\/correiosulgoiano.com.br\/wp-content\/uploads\/2015\/06\/Veloc\u00edmetro-010.jpg\" alt=\"Veloc\u00edmetro - 010\" width=\"388\" height=\"257\" srcset=\"https:\/\/correiosulgoiano.com.br\/wp-content\/uploads\/2015\/06\/Veloc\u00edmetro-010.jpg 513w, https:\/\/correiosulgoiano.com.br\/wp-content\/uploads\/2015\/06\/Veloc\u00edmetro-010-300x199.jpg 300w\" sizes=\"(max-width: 388px) 100vw, 388px\" \/><\/a><\/p>\n<p><span style=\"font-size: 14pt; font-family: Verdana, Geneva, sans-serif; color: #000000;\">O carro de passeio literalmente entrou debaixo do \u00f4nibus. O impacto foi t\u00e3o grande que matou os tr\u00eas jovens na mesma hora.<\/span><\/p>\n<p><a href=\"https:\/\/correiosulgoiano.com.br\/wp-content\/uploads\/2015\/05\/Acidente-05.jpg\"><img loading=\"lazy\" class=\"alignnone  wp-image-2101\" src=\"https:\/\/correiosulgoiano.com.br\/wp-content\/uploads\/2015\/05\/Acidente-05.jpg\" alt=\"Acidente - 05\" width=\"601\" height=\"338\" srcset=\"https:\/\/correiosulgoiano.com.br\/wp-content\/uploads\/2015\/05\/Acidente-05.jpg 778w, https:\/\/correiosulgoiano.com.br\/wp-content\/uploads\/2015\/05\/Acidente-05-300x169.jpg 300w\" sizes=\"(max-width: 601px) 100vw, 601px\" \/><\/a><\/p>\n<p><span style=\"font-size: 14pt; font-family: Verdana, Geneva, sans-serif; color: #000000;\">O Corpo de Bombeiros e as ambul\u00e2ncias de socorro da Usina CEM chegaram rapidamente ao local, mas, todos os profissionais encontraram os tr\u00eas jovens j\u00e1 mortos e presos \u00e0s ferragens, n\u00e3o havendo nada que pudesse ser feito em favor da vida.<\/span><\/p>\n<p><span style=\"font-size: 14pt; font-family: Verdana, Geneva, sans-serif; color: #000000;\">Uma cena chocante, triste, lament\u00e1vel. Uma tristeza enorme para as comunidades de Goiatuba Goi\u00e1s e de Morrinhos Goi\u00e1s.<\/span><\/p>\n<p><a href=\"https:\/\/correiosulgoiano.com.br\/wp-content\/uploads\/2015\/05\/Acidente-03.jpg\"><img loading=\"lazy\" class=\"alignnone  wp-image-2098\" src=\"https:\/\/correiosulgoiano.com.br\/wp-content\/uploads\/2015\/05\/Acidente-03.jpg\" alt=\"Acidente - 03\" width=\"600\" height=\"338\" srcset=\"https:\/\/correiosulgoiano.com.br\/wp-content\/uploads\/2015\/05\/Acidente-03.jpg 778w, https:\/\/correiosulgoiano.com.br\/wp-content\/uploads\/2015\/05\/Acidente-03-300x169.jpg 300w\" sizes=\"(max-width: 600px) 100vw, 600px\" \/><\/a><\/p>\n<p><span style=\"font-size: 14pt; font-family: Verdana, Geneva, sans-serif; color: #000000;\">O Corpo de Bombeiros precisou aguardar por horas a chegada dos peritos da Pol\u00edcia T\u00e9cnica para somente depois retirar os corpos do ve\u00edculo. Era pr\u00f3ximo das 21 horas, quando isso aconteceu.<\/span><\/p>\n<p><a href=\"https:\/\/correiosulgoiano.com.br\/wp-content\/uploads\/2015\/05\/Acidente-04.jpg\"><img loading=\"lazy\" class=\"alignnone  wp-image-2099\" src=\"https:\/\/correiosulgoiano.com.br\/wp-content\/uploads\/2015\/05\/Acidente-04.jpg\" alt=\"Acidente - 04\" width=\"600\" height=\"338\" srcset=\"https:\/\/correiosulgoiano.com.br\/wp-content\/uploads\/2015\/05\/Acidente-04.jpg 778w, https:\/\/correiosulgoiano.com.br\/wp-content\/uploads\/2015\/05\/Acidente-04-300x169.jpg 300w\" sizes=\"(max-width: 600px) 100vw, 600px\" \/><\/a><\/p>\n<p><span style=\"font-size: 14pt; font-family: Verdana, Geneva, sans-serif; color: #000000;\">No esquema de plant\u00e3o de finais de semanas dos peritos da Pol\u00edcia T\u00e9cnica, no dia do acidente, o plantonista era o profissional de Caldas Novas Goi\u00e1s, da\u00ed a demora, j\u00e1 que ele tinha outros servi\u00e7os por l\u00e1 tamb\u00e9m.<\/span><\/p>\n<p><span style=\"font-size: 10pt; font-family: Verdana, Geneva, sans-serif; color: #000000;\">Dentro do carro e ca\u00eddas ao ch\u00e3o, pr\u00f3ximas a ele, algumas latas de cerveja.<\/span><\/p>\n<p><a href=\"https:\/\/correiosulgoiano.com.br\/wp-content\/uploads\/2015\/06\/Veloc\u00edmetro-020.jpg\"><img loading=\"lazy\" class=\"alignnone  wp-image-2156\" src=\"https:\/\/correiosulgoiano.com.br\/wp-content\/uploads\/2015\/06\/Veloc\u00edmetro-020.jpg\" alt=\"Veloc\u00edmetro - 020\" width=\"288\" height=\"188\" srcset=\"https:\/\/correiosulgoiano.com.br\/wp-content\/uploads\/2015\/06\/Veloc\u00edmetro-020.jpg 512w, https:\/\/correiosulgoiano.com.br\/wp-content\/uploads\/2015\/06\/Veloc\u00edmetro-020-300x196.jpg 300w\" sizes=\"(max-width: 288px) 100vw, 288px\" \/><\/a>\u00a0\u00a0<a href=\"https:\/\/correiosulgoiano.com.br\/wp-content\/uploads\/2015\/06\/Veloc\u00edmetro-030.jpg\"><img loading=\"lazy\" class=\"alignnone  wp-image-2157\" src=\"https:\/\/correiosulgoiano.com.br\/wp-content\/uploads\/2015\/06\/Veloc\u00edmetro-030.jpg\" alt=\"Veloc\u00edmetro - 030\" width=\"286\" height=\"188\" srcset=\"https:\/\/correiosulgoiano.com.br\/wp-content\/uploads\/2015\/06\/Veloc\u00edmetro-030.jpg 510w, https:\/\/correiosulgoiano.com.br\/wp-content\/uploads\/2015\/06\/Veloc\u00edmetro-030-300x198.jpg 300w\" sizes=\"(max-width: 286px) 100vw, 286px\" \/><\/a><\/p>\n<p><span style=\"font-size: 14pt; font-family: Verdana, Geneva, sans-serif; color: #000000;\">Nossa reportagem busca mais informa\u00e7\u00f5es sobre o caso. (Da reda\u00e7\u00e3o, por Leonardo Costa)<\/span><\/p>\n<p><a href=\"https:\/\/correiosulgoiano.com.br\/wp-content\/uploads\/2015\/05\/Acidente-06.jpg\"><img loading=\"lazy\" class=\"alignnone  wp-image-2100\" src=\"https:\/\/correiosulgoiano.com.br\/wp-content\/uploads\/2015\/05\/Acidente-06.jpg\" alt=\"Acidente - 06\" width=\"600\" height=\"338\" srcset=\"https:\/\/correiosulgoiano.com.br\/wp-content\/uploads\/2015\/05\/Acidente-06.jpg 778w, https:\/\/correiosulgoiano.com.br\/wp-content\/uploads\/2015\/05\/Acidente-06-300x169.jpg 300w\" sizes=\"(max-width: 600px) 100vw, 600px\" \/><\/a><\/p>\n<p><span style=\"font-family: Verdana, Geneva, sans-serif; font-size: 14pt; color: #ff0000;\"><strong>GRAVE ACIDENTE DEIXA TR\u00caS MORTOS<\/strong><\/span><\/p>\n<p><a href=\"https:\/\/correiosulgoiano.com.br\/wp-content\/uploads\/2015\/05\/Acidente-02.jpg\"><img loading=\"lazy\" class=\"alignnone  wp-image-2097\" src=\"https:\/\/correiosulgoiano.com.br\/wp-content\/uploads\/2015\/05\/Acidente-02.jpg\" alt=\"Acidente - 02\" width=\"600\" height=\"338\" srcset=\"https:\/\/correiosulgoiano.com.br\/wp-content\/uploads\/2015\/05\/Acidente-02.jpg 737w, https:\/\/correiosulgoiano.com.br\/wp-content\/uploads\/2015\/05\/Acidente-02-300x169.jpg 300w\" sizes=\"(max-width: 600px) 100vw, 600px\" \/><\/a><\/p>\n<p><span style=\"font-size: 10pt; font-family: Verdana, Geneva, sans-serif;\">Abaixo foto do carro que eles sempre usavam em seus passeios<\/span><\/p>\n<p><a href=\"https:\/\/correiosulgoiano.com.br\/wp-content\/uploads\/2015\/05\/Acidente-07.jpg\"><img loading=\"lazy\" class=\"alignnone  wp-image-2102\" src=\"https:\/\/correiosulgoiano.com.br\/wp-content\/uploads\/2015\/05\/Acidente-07.jpg\" alt=\"Acidente - 07\" width=\"602\" height=\"449\" srcset=\"https:\/\/correiosulgoiano.com.br\/wp-content\/uploads\/2015\/05\/Acidente-07.jpg 960w, https:\/\/correiosulgoiano.com.br\/wp-content\/uploads\/2015\/05\/Acidente-07-300x224.jpg 300w\" sizes=\"(max-width: 602px) 100vw, 602px\" \/><\/a><\/p>\n<p><a href=\"https:\/\/correiosulgoiano.com.br\/wp-content\/uploads\/2015\/05\/Mercotintas-Banner-Site-01.jpg\"><img loading=\"lazy\" class=\"alignnone  wp-image-1889\" src=\"https:\/\/correiosulgoiano.com.br\/wp-content\/uploads\/2015\/05\/Mercotintas-Banner-Site-01.jpg\" alt=\"Mercotintas Banner Site - 01\" width=\"987\" height=\"123\" srcset=\"https:\/\/correiosulgoiano.com.br\/wp-content\/uploads\/2015\/05\/Mercotintas-Banner-Site-01.jpg 1172w, https:\/\/correiosulgoiano.com.br\/wp-content\/uploads\/2015\/05\/Mercotintas-Banner-Site-01-300x37.jpg 300w, https:\/\/correiosulgoiano.com.br\/wp-content\/uploads\/2015\/05\/Mercotintas-Banner-Site-01-1024x128.jpg 1024w\" sizes=\"(max-width: 987px) 100vw, 987px\" \/><\/a><\/p>\n","protected":false},"excerpt":{"rendered":"<p>Era pr\u00f3ximo das 17h30, da tarde de s\u00e1bado, 30\/05, quando um grave acidente no Km 03 da GO-476 tirou a vida de tr\u00eas jovens de Goiatuba. Mesmo ap\u00f3s uma frenagem de aproximadamente 40 metros o veloc\u00edmetro do carro ainda travou em 190 Km\/h.\u00a0 Alexandre Ferrais, de 20 anos; Lucas Martinho, de 21 anos e Deivid &#8230;<\/p>\n","protected":false},"author":1,"featured_media":2148,"comment_status":"open","ping_status":"open","sticky":false,"template":"","format":"standard","meta":{"spay_email":"","jetpack_publicize_message":""},"categories":[42,1],"tags":[541,55,79,542,56,338,224],"jetpack_featured_media_url":"https:\/\/correiosulgoiano.com.br\/wp-content\/uploads\/2015\/05\/Veloc\u00edmetro-04.jpg","jetpack_publicize_connections":[],"_links":{"self":[{"href":"https:\/\/correiosulgoiano.com.br\/index.php?rest_route=\/wp\/v2\/posts\/2093"}],"collection":[{"href":"https:\/\/correiosulgoiano.com.br\/index.php?rest_route=\/wp\/v2\/posts"}],"about":[{"href":"https:\/\/correiosulgoiano.com.br\/index.php?rest_route=\/wp\/v2\/types\/post"}],"author":[{"embeddable":true,"href":"https:\/\/correiosulgoiano.com.br\/index.php?rest_route=\/wp\/v2\/users\/1"}],"replies":[{"embeddable":true,"href":"https:\/\/correiosulgoiano.com.br\/index.php?rest_route=%2Fwp%2Fv2%2Fcomments&post=2093"}],"version-history":[{"count":8,"href":"https:\/\/correiosulgoiano.com.br\/index.php?rest_route=\/wp\/v2\/posts\/2093\/revisions"}],"predecessor-version":[{"id":2158,"href":"https:\/\/correiosulgoiano.com.br\/index.php?rest_route=\/wp\/v2\/posts\/2093\/revisions\/2158"}],"wp:featuredmedia":[{"embeddable":true,"href":"https:\/\/correiosulgoiano.com.br\/index.php?rest_route=\/wp\/v2\/media\/2148"}],"wp:attachment":[{"href":"https:\/\/correiosulgoiano.com.br\/index.php?rest_route=%2Fwp%2Fv2%2Fmedia&parent=2093"}],"wp:term":[{"taxonomy":"category","embeddable":true,"href":"https:\/\/correiosulgoiano.com.br\/index.php?rest_route=%2Fwp%2Fv2%2Fcategories&post=2093"},{"taxonomy":"post_tag","embeddable":true,"href":"https:\/\/correiosulgoiano.com.br\/index.php?rest_route=%2Fwp%2Fv2%2Ftags&post=2093"}],"curies":[{"name":"wp","href":"https:\/\/api.w.org\/{rel}","templated":true}]}}