{"id":2246,"date":"2015-06-18T01:31:56","date_gmt":"2015-06-18T01:31:56","guid":{"rendered":"https:\/\/correiosulgoiano.com.br\/?p=2246"},"modified":"2015-06-18T02:20:17","modified_gmt":"2015-06-18T02:20:17","slug":"passou-reducao-da-maioridade-para-16-anos-foi-aprovada-na-comissao-especial-e-o-primeiro-passo-importante","status":"publish","type":"post","link":"https:\/\/correiosulgoiano.com.br\/?p=2246","title":{"rendered":"Passou! Redu\u00e7\u00e3o da maioridade para 16 anos foi aprovada na Comiss\u00e3o Especial. \u00c9 o primeiro passo importante!"},"content":{"rendered":"<p><span style=\"font-size: 14pt; font-family: Verdana, Geneva, sans-serif; color: #000000;\">Numa tarde agitada e debaixo de muitos protestos, al\u00e9m de um forte esquema de seguran\u00e7a, a Comiss\u00e3o Especial que analisa a Proposta de Emenda \u00e0 Constitui\u00e7\u00e3o da maioridade penal APROVOU, nesta quarta-feira, 17\/06, o parecer apresentado pelo relator, Laerte Bessa (PR-DF).<\/span><\/p>\n<p><a href=\"https:\/\/correiosulgoiano.com.br\/wp-content\/uploads\/2015\/06\/MAIOR.png\"><img loading=\"lazy\" class=\"alignnone  wp-image-2248\" src=\"https:\/\/correiosulgoiano.com.br\/wp-content\/uploads\/2015\/06\/MAIOR.png\" alt=\"MAIOR\" width=\"394\" height=\"274\" srcset=\"https:\/\/correiosulgoiano.com.br\/wp-content\/uploads\/2015\/06\/MAIOR.png 434w, https:\/\/correiosulgoiano.com.br\/wp-content\/uploads\/2015\/06\/MAIOR-300x209.png 300w\" sizes=\"(max-width: 394px) 100vw, 394px\" \/><\/a><\/p>\n<p><span style=\"font-size: 14pt; font-family: Verdana, Geneva, sans-serif; color: #000000;\">O documento prev\u00ea a redu\u00e7\u00e3o da maioridade penal de 18 para 16 anos de idade para crimes hediondos, homic\u00eddio doloso, roubo qualificado e les\u00e3o corporal grave seguida de morte. O relat\u00f3rio foi aprovado por 21 votos favor\u00e1veis e 6 contra.<\/span><\/p>\n<p><span style=\"font-size: 14pt; font-family: Verdana, Geneva, sans-serif; color: #000000;\">Agora, a PEC segue para o plen\u00e1rio da C\u00e2mara dos Deputados e deve ser votado, em primeiro turno, no dia 30 deste m\u00eas.<\/span><\/p>\n<p><span style=\"color: #ff0000;\"><strong><span style=\"font-size: 14pt; font-family: Verdana, Geneva, sans-serif;\">SESS\u00c3O TENSA<\/span><\/strong><\/span><\/p>\n<p><span style=\"font-size: 14pt; font-family: Verdana, Geneva, sans-serif; color: #000000;\">A sess\u00e3o desta quarta-feira foi marcada pelo forte aparato de seguran\u00e7a montado pela Pol\u00edcia Legislativa. Apenas parlamentares, assessores, jornalistas e convidados especiais puderam entrar na sala. Militantes de movimentos estudantis foram barrados, mas fizeram apita\u00e7o do lado de fora.<\/span><\/p>\n<p><span style=\"font-size: 14pt; font-family: Verdana, Geneva, sans-serif; color: #000000;\">Ao final da vota\u00e7\u00e3o, Ap\u00f3s a vota\u00e7\u00e3o, deputados da \u201cbancada da bala\u201d provocaram os manifestantes cantando \u201ceu sou brasileiro, com muito orgulho, com muito amor\u201d.<\/span><\/p>\n<p><span style=\"font-size: 14pt; font-family: Verdana, Geneva, sans-serif; color: #000000;\">O grupo era encabe\u00e7ado pelos deputados Major Ol\u00edmpio (PDT-SP), Delegado Waldir (PSDB-GO) e Marco Feliciano (PSC-SP).<\/span><\/p>\n<p><span style=\"font-size: 14pt; font-family: Verdana, Geneva, sans-serif; color: #000000;\">Os momentos finais da vota\u00e7\u00e3o chegaram a ser acompanhados pelo l\u00edder do governo na C\u00e2mara, Jos\u00e9 Guimar\u00e3es (PT), e pelo ministro da Avia\u00e7\u00e3o Civil, Eliseu Padilha (PMDB).<\/span><\/p>\n<p><span style=\"color: #ff0000;\"><strong><span style=\"font-size: 14pt; font-family: Verdana, Geneva, sans-serif;\">PT \u00c9 CONTRA, MAS SOFRE PRIMEIRA DERROTA NA MAT\u00c9RIA<\/span><\/strong><\/span><\/p>\n<p><span style=\"font-size: 14pt; font-family: Verdana, Geneva, sans-serif; color: #000000;\">O governo do PT e a presidente Dilma Rousseff sofreram uma derrota, pois ela \u00e9 pessoalmente contra a redu\u00e7\u00e3o da maioridade.<\/span><\/p>\n<p><span style=\"font-size: 14pt; font-family: Verdana, Geneva, sans-serif; color: #000000;\">Entre os convidados especiais estavam o autor da PEC, o ex-deputado federal Benedito Domingos e o vereador por S\u00e3o Paulo Ari Friedenbach (Pros-SP), pai da jovem Liana Friedenbach, estuprada e morta em 2003 pelo ent\u00e3o menor de idade Roberto Alves Aparecido Cardoso, conhecido como Champinha.<\/span><\/p>\n<p><span style=\"color: #ff0000;\"><strong><span style=\"font-size: 14pt; font-family: Verdana, Geneva, sans-serif;\">ACORDO<\/span><\/strong><\/span><\/p>\n<p><span style=\"font-size: 14pt; font-family: Verdana, Geneva, sans-serif; color: #000000;\">O relat\u00f3rio apresentado por Bessa na quarta-feira \u00e9 resultado do acordo costurado pelo presidente da C\u00e2mara dos Deputados, Eduardo Cunha do PMDB-RJ, que \u00e9 declaradamente a favor da redu\u00e7\u00e3o.<\/span><\/p>\n<p><span style=\"font-size: 14pt; font-family: Verdana, Geneva, sans-serif; color: #000000;\">Originalmente, o relat\u00f3rio pedia a redu\u00e7\u00e3o da maioridade penal para todos os crimes. O novo documento, no entanto, restringe a redu\u00e7\u00e3o da maioridade penal aos crimes hediondos e outros crimes considerados de maior gravidade.<\/span><\/p>\n<p><span style=\"font-size: 14pt; font-family: Verdana, Geneva, sans-serif; color: #000000;\">O relat\u00f3rio tamb\u00e9m extingue a previs\u00e3o de um referendo em 2016 durante as elei\u00e7\u00f5es municipais sobre o assunto. (Fonte: Uol, reportagem de Leandro Prazeres)<\/span><\/p>\n<p><a href=\"https:\/\/correiosulgoiano.com.br\/wp-content\/uploads\/2015\/06\/MERCOTINTAS-03.jpg\"><img loading=\"lazy\" class=\"alignnone  wp-image-2136\" src=\"https:\/\/correiosulgoiano.com.br\/wp-content\/uploads\/2015\/06\/MERCOTINTAS-03.jpg\" alt=\"MERCOTINTAS 03\" width=\"418\" height=\"184\" srcset=\"https:\/\/correiosulgoiano.com.br\/wp-content\/uploads\/2015\/06\/MERCOTINTAS-03.jpg 664w, https:\/\/correiosulgoiano.com.br\/wp-content\/uploads\/2015\/06\/MERCOTINTAS-03-300x132.jpg 300w, https:\/\/correiosulgoiano.com.br\/wp-content\/uploads\/2015\/06\/MERCOTINTAS-03-660x292.jpg 660w\" sizes=\"(max-width: 418px) 100vw, 418px\" \/><\/a><\/p>\n","protected":false},"excerpt":{"rendered":"<p>Numa tarde agitada e debaixo de muitos protestos, al\u00e9m de um forte esquema de seguran\u00e7a, a Comiss\u00e3o Especial que analisa a Proposta de Emenda \u00e0 Constitui\u00e7\u00e3o da maioridade penal APROVOU, nesta quarta-feira, 17\/06, o parecer apresentado pelo relator, Laerte Bessa (PR-DF). O documento prev\u00ea a redu\u00e7\u00e3o da maioridade penal de 18 para 16 anos de &#8230;<\/p>\n","protected":false},"author":1,"featured_media":2247,"comment_status":"open","ping_status":"open","sticky":false,"template":"","format":"standard","meta":{"spay_email":"","jetpack_publicize_message":""},"categories":[50,52],"tags":[566,55,576,54],"jetpack_featured_media_url":"https:\/\/correiosulgoiano.com.br\/wp-content\/uploads\/2015\/06\/MAIOR-2.jpg","jetpack_publicize_connections":[],"_links":{"self":[{"href":"https:\/\/correiosulgoiano.com.br\/index.php?rest_route=\/wp\/v2\/posts\/2246"}],"collection":[{"href":"https:\/\/correiosulgoiano.com.br\/index.php?rest_route=\/wp\/v2\/posts"}],"about":[{"href":"https:\/\/correiosulgoiano.com.br\/index.php?rest_route=\/wp\/v2\/types\/post"}],"author":[{"embeddable":true,"href":"https:\/\/correiosulgoiano.com.br\/index.php?rest_route=\/wp\/v2\/users\/1"}],"replies":[{"embeddable":true,"href":"https:\/\/correiosulgoiano.com.br\/index.php?rest_route=%2Fwp%2Fv2%2Fcomments&post=2246"}],"version-history":[{"count":1,"href":"https:\/\/correiosulgoiano.com.br\/index.php?rest_route=\/wp\/v2\/posts\/2246\/revisions"}],"predecessor-version":[{"id":2249,"href":"https:\/\/correiosulgoiano.com.br\/index.php?rest_route=\/wp\/v2\/posts\/2246\/revisions\/2249"}],"wp:featuredmedia":[{"embeddable":true,"href":"https:\/\/correiosulgoiano.com.br\/index.php?rest_route=\/wp\/v2\/media\/2247"}],"wp:attachment":[{"href":"https:\/\/correiosulgoiano.com.br\/index.php?rest_route=%2Fwp%2Fv2%2Fmedia&parent=2246"}],"wp:term":[{"taxonomy":"category","embeddable":true,"href":"https:\/\/correiosulgoiano.com.br\/index.php?rest_route=%2Fwp%2Fv2%2Fcategories&post=2246"},{"taxonomy":"post_tag","embeddable":true,"href":"https:\/\/correiosulgoiano.com.br\/index.php?rest_route=%2Fwp%2Fv2%2Ftags&post=2246"}],"curies":[{"name":"wp","href":"https:\/\/api.w.org\/{rel}","templated":true}]}}