{"id":2258,"date":"2015-06-21T19:39:36","date_gmt":"2015-06-21T19:39:36","guid":{"rendered":"https:\/\/correiosulgoiano.com.br\/?p=2258"},"modified":"2015-06-22T13:04:40","modified_gmt":"2015-06-22T13:04:40","slug":"terao-que-construir-3-celas-uma-para-mim-outra-para-lula-e-uma-para-dilma-teria-dito-o-patriarca-da-odebrecht-diz-reportagem-da-revista-epoca","status":"publish","type":"post","link":"https:\/\/correiosulgoiano.com.br\/?p=2258","title":{"rendered":"&#8220;Ter\u00e3o que construir 3 celas, uma para mim outra para Lula e uma para Dilma&#8221; &#8211; teria dito o patriarca da Odebrecht &#8211; diz reportagem da revista \u00c9POCA"},"content":{"rendered":"<p><span style=\"font-size: 14pt; font-family: Verdana, Geneva, sans-serif;\">Eles amea\u00e7am &#8220;derrubar&#8221; a Rep\u00fablica. Uauuu!!! O que ser\u00e1 que eles t\u00eam para contar sobre Lula e Dilma.<\/span><\/p>\n<p><span style=\"font-size: 14pt; font-family: Verdana, Geneva, sans-serif;\">O patriarca Em\u00edlio Odebrecht (fundador da companhia) e o filho dele, Marcelo Odebrecht (atual presidente) amea\u00e7am contar tudo o que sabem.<\/span><\/p>\n<p><span style=\"font-size: 14pt; font-family: Verdana, Geneva, sans-serif; color: #ff0000;\">&#8220;Se o Marcelo for preso, n\u00e3o haver\u00e1 mais Rep\u00fablica na segunda-feira&#8221; &#8211; disse o pai dele, Em\u00edlio Odebrecht, segundo reportagem da revista \u00c9POCA.<\/span><\/p>\n<p><span style=\"color: #ff0000;\"><strong><span style=\"font-size: 14pt; font-family: Verdana, Geneva, sans-serif;\">PRESIDENTE DA ODEBRECHT FOI PRESO<\/span><\/strong><\/span><\/p>\n<p><span style=\"font-size: 14pt; font-family: Verdana, Geneva, sans-serif;\">Marcelo Odebrecht \u00e9 o atual presidente da construtora e acaba de ser preso na 14\u00aa etapa da Opera\u00e7\u00e3o Lava Jato.<\/span><\/p>\n<p><span style=\"font-size: 14pt; font-family: Verdana, Geneva, sans-serif;\">Odebrecht e Andrade Gutierrez se tornaram pot\u00eancias inimagin\u00e1veis com valor de mercado acima de 100 bilh\u00f5es de reais durante os governos de Lula e Dilma, segunda a revista \u00c9poca.<\/span><\/p>\n<p><span style=\"font-size: 14pt; font-family: Verdana, Geneva, sans-serif; color: #000000;\">Abaixo veja detalhes na reportagem da revista \u00c9POCA.<\/span><\/p>\n<p><span style=\"font-size: 10pt; font-family: Verdana, Geneva, sans-serif; color: #ff0000;\">REPRODU\u00c7\u00c3O \u00c9POCA: Original em\u00a0http:\/\/epoca.globo.com\/tempo\/noticia\/2015\/06\/marcelo-odebrecht-ameaca-derrubar-republica.html<\/span><\/p>\n<p><span style=\"font-size: 14pt; font-family: Verdana, Geneva, sans-serif;\">Desde que o avan\u00e7ar inexor\u00e1vel das investiga\u00e7\u00f5es da Lava Jato\u00a0exp\u00f4s ao Brasil o desfecho que, cedo ou tarde, certamente viria, o mercurial empres\u00e1rio Emilio Odebrecht, patriarca da fam\u00edlia que ergueu a maior empreiteira da Am\u00e9rica Latina, come\u00e7ou a ter acessos de raiva.<\/span><\/p>\n<p><span style=\"color: #ff0000;\"><strong><span style=\"font-size: 14pt; font-family: Verdana, Geneva, sans-serif;\">ACUADOS E COM RAIVA<\/span><\/strong><\/span><\/p>\n<p><span style=\"font-size: 14pt; font-family: Verdana, Geneva, sans-serif;\">Nesses epis\u00f3dios, segundo pessoas pr\u00f3ximas do empres\u00e1rio, a raiva \u2013 interpretada como \u00f3dio por algumas delas \u2013 reca\u00eda sobre os dois principais l\u00edderes do PT: a presidente Dilma Rousseff\u00a0e o ex-presidente Lula da Silva.<\/span><\/p>\n<p><span style=\"font-size: 14pt; font-family: Verdana, Geneva, sans-serif;\">A exemplo dos presidentes da C\u00e2mara, Eduardo Cunha, e do Senado, Renan Calheiros, outros dois poderosos alvos dos procuradores e delegados da Lava Jato, Emilio Odebrecht acredita, sem evid\u00eancias, que o governo do PT est\u00e1 por tr\u00e1s das investiga\u00e7\u00f5es lideradas pelo procurador-geral da Rep\u00fablica, Rodrigo Janot.<\/span><\/p>\n<p><span style=\"font-size: 14pt; font-family: Verdana, Geneva, sans-serif;\">\u201cSe prenderem o Marcelo <em>(Odebrecht, filho de Emilio e atual presidente da empresa)<\/em>, ter\u00e3o de arrumar mais tr\u00eas celas\u201d, costuma repetir o patriarca, de acordo com esses relatos. \u201cUma para mim, outra para o Lula e outra ainda para a Dilma.\u201d<\/span><\/p>\n<p><span style=\"font-size: 14pt; font-family: Verdana, Geneva, sans-serif;\">Pois bem, na manh\u00e3 da sexta-feira, 19 de junho de 2015, 459 dias ap\u00f3s o in\u00edcio da <strong>Opera\u00e7\u00e3o Lava Jato<\/strong>, prenderam o Marcelo.<\/span><\/p>\n<p><span style=\"font-size: 14pt; font-family: Verdana, Geneva, sans-serif;\">Ele estava em sua casa, no Morumbi, em S\u00e3o Paulo, quando agentes e delegados da Pol\u00edcia Federal chegaram com o mandado de pris\u00e3o preventiva, decretada pelo juiz <strong>Sergio Moro<\/strong>, da 13\u00aa Vara Federal da Justi\u00e7a Federal do Paran\u00e1, respons\u00e1vel pelas investiga\u00e7\u00f5es do petrol\u00e3o na primeira inst\u00e2ncia.<\/span><\/p>\n<p><span style=\"font-size: 10pt; font-family: Verdana, Geneva, sans-serif; color: #ff0000;\">REPORDU\u00c7\u00c3O \u00c9POCA: Original em\u00a0http:\/\/epoca.globo.com\/tempo\/noticia\/2015\/06\/marcelo-odebrecht-ameaca-derrubar-republica.html<\/span><\/p>\n<p><span style=\"color: #ff0000;\"><strong><span style=\"font-size: 14pt; font-family: Verdana, Geneva, sans-serif;\">OPERA\u00c7\u00c3O LAVA JATO INICIA 14\u00aa FASE<\/span><\/strong><\/span><\/p>\n<p><span style=\"font-size: 14pt; font-family: Verdana, Geneva, sans-serif;\">Estava na rua a 14\u00aa fase da Lava Jato, preparada meticulosamente, h\u00e1 meses, pelos procuradores e delegados do Paran\u00e1, em parceria com a PGR. Quando ainda era um plano, chamava-se <strong>\u201cOpera\u00e7\u00e3o Apocalipse\u201d<\/strong>.<\/span><\/p>\n<p><span style=\"font-size: 14pt; font-family: Verdana, Geneva, sans-serif;\">Para n\u00e3o assustar tanto, optou-se por batiz\u00e1-la de <strong>Erga Omnes<\/strong>, express\u00e3o em latim, um jarg\u00e3o jur\u00eddico usado para expressar que uma regra vale para todos \u2013 ou seja, que ningu\u00e9m, nem mesmo um dos donos da quinta maior empresa do Brasil, est\u00e1 acima da lei.<\/span><\/p>\n<p><span style=\"color: #ff0000;\"><strong><span style=\"font-size: 14pt; font-family: Verdana, Geneva, sans-serif;\">DUAS GIGANTES DA CONSTRU\u00c7\u00c3O CIVIL<\/span><\/strong><\/span><\/p>\n<p><span style=\"font-size: 14pt; font-family: Verdana, Geneva, sans-serif;\">Era uma opera\u00e7\u00e3o contra a Odebrecht e, tamb\u00e9m, contra a <strong>Andrade Gutierrez<\/strong>, a segunda maior empreiteira do pa\u00eds. Eram as empresas, precisamente as maiores e mais poderosas, que ainda faltavam no <strong>cartel do petrol\u00e3o<\/strong>.<\/span><\/p>\n<p><span style=\"color: #ff0000;\"><strong><span style=\"font-size: 14pt; font-family: Verdana, Geneva, sans-serif;\">CARTEL E FRAUDES<\/span><\/strong><\/span><\/p>\n<p><span style=\"font-size: 14pt; font-family: Verdana, Geneva, sans-serif;\">Um cartel que, segundo a for\u00e7a-tarefa da Lava Jato, fraudou licita\u00e7\u00f5es da <strong>Petrobras<\/strong>, desviou bilh\u00f5es da estatal e pagou propina a <strong>executivos da empresa<\/strong> e <strong>pol\u00edticos do PT<\/strong>, do <strong>PMDB<\/strong> e do <strong>PP<\/strong>, durante os <strong>mandatos de Lula e Dilma<\/strong>.\u00a0<\/span><\/p>\n<p><span style=\"color: #ff0000; font-family: Verdana, Geneva, sans-serif; font-size: 10pt;\">REPRODU\u00c7\u00c3O \u00c9POCA: Original em\u00a0http:\/\/epoca.globo.com\/tempo\/noticia\/2015\/06\/marcelo-odebrecht-ameaca-derrubar-republica.html<\/span><\/p>\n<p><span style=\"color: #ff0000;\"><strong><span style=\"font-size: 14pt; font-family: Verdana, Geneva, sans-serif;\">AMEA\u00c7AS? DEFESA? DEN\u00daNCIAS?<\/span><\/strong><\/span><\/p>\n<p><span style=\"font-size: 14pt; font-family: Verdana, Geneva, sans-serif;\">Os coment\u00e1rios de Emilio Odebrecht eram apenas bravata, um desabafo de pai preocupado, fazendo de tudo para proteger o filho e o patrim\u00f4nio de uma fam\u00edlia?<\/span><\/p>\n<p><span style=\"font-size: 14pt; font-family: Verdana, Geneva, sans-serif;\">Ou eram uma amea\u00e7a real a Dilma e a Lula?<\/span><\/p>\n<p><span style=\"font-size: 14pt; font-family: Verdana, Geneva, sans-serif;\">Os interlocutores n\u00e3o sabem dizer.<\/span><\/p>\n<p><span style=\"font-size: 14pt; font-family: Verdana, Geneva, sans-serif;\">Mas o patriarca tem temperamento forte, vol\u00e1til e n\u00e3o tolera ser contrariado. Tamb\u00e9m repetia constantemente que o filho n\u00e3o \u201ctinha condi\u00e7\u00f5es psicol\u00f3gicas de aguentar uma pris\u00e3o\u201d.<\/span><\/p>\n<p><span style=\"color: #ff0000;\"><strong><span style=\"font-size: 14pt; font-family: Verdana, Geneva, sans-serif;\">ENCONTROS SECRETOS COM PETISTAS E ADVOGADOS<\/span><\/strong><\/span><\/p>\n<p><span style=\"font-size: 14pt; font-family: Verdana, Geneva, sans-serif;\">Marcelo Odebrecht parece muito com o pai. Nas \u00faltimas semanas, segundo fontes ouvidas por \u00c9POCA, teve encontros secretos\u00a0com petistas\u00a0e advogados\u00a0pr\u00f3ximos a Dilma e a Lula, quando transmitiu o mesmo recado: &#8220;n\u00e3o cairia sozinho&#8221;.<\/span><\/p>\n<p><span style=\"font-size: 14pt; font-family: Verdana, Geneva, sans-serif;\">Ao menos uma dessas mensagens foi repassada diretamente \u00e0 presidente da Rep\u00fablica. Que nada fez!<\/span><\/p>\n<p><span style=\"font-size: 14pt; font-family: Verdana, Geneva, sans-serif;\">Quando os policiais amanheceram em sua casa, Marcelo Odebrecht se descontrolou. Por mais que a imin\u00eancia da pris\u00e3o dele fosse comentada ami\u00fade em Bras\u00edlia, o empres\u00e1rio agia como se fosse intoc\u00e1vel.<\/span><\/p>\n<p><span style=\"font-size: 10pt; font-family: Verdana, Geneva, sans-serif; color: #ff0000;\">REPRODU\u00c7\u00c3O \u00c9POCA: Original em\u00a0http:\/\/epoca.globo.com\/tempo\/noticia\/2015\/06\/marcelo-odebrecht-ameaca-derrubar-republica.html<\/span><\/p>\n<p><span style=\"font-size: 14pt; font-family: Verdana, Geneva, sans-serif;\">Desde maio do ano passado, quando \u00c9POCA revelara as primeiras evid\u00eancias da Lava Jato contra a Odebrecht, o empres\u00e1rio dedicava-se a desancar o trabalho dos procuradores.<\/span><\/p>\n<p><span style=\"font-size: 14pt; font-family: Verdana, Geneva, sans-serif;\">Conforme as provas se acumulavam, mais virulentas eram as respostas do empres\u00e1rio e da Odebrecht. Antes de ser levado pela PF, ele fez tr\u00eas liga\u00e7\u00f5es.<\/span><\/p>\n<p><span style=\"font-size: 14pt; font-family: Verdana, Geneva, sans-serif;\">Uma delas para um amigo que tem interlocu\u00e7\u00e3o com Dilma e Lula\u00a0\u2013 e influ\u00eancia nos tribunais superiores em Bras\u00edlia.<\/span><\/p>\n<p><span style=\"font-size: 14pt; font-family: Verdana, Geneva, sans-serif;\">\u201c\u00c9 para resolver essa lamban\u00e7a\u201d, disse Marcelo ao interlocutor, determinando que o recado chegasse \u00e0 c\u00fapula de todos os poderes. \u201cOu n\u00e3o haver\u00e1 Rep\u00fablica\u00a0na segunda-feira.\u201d<\/span><\/p>\n<p><span style=\"font-size: 14pt; font-family: Verdana, Geneva, sans-serif;\"><a href=\"http:\/\/epoca.globo.com\/tempo\/noticia\/2014\/05\/novas-evidencias-de-corrupcao-e-caixa-dois-num-contrato-da-bpetrobras-com-odebrecht-b.html\">&gt;&gt; A reportagem de maio de 2014 de \u00c9POCA sobre\u00a0evid\u00eancias de corrup\u00e7\u00e3o e caixa dois num contrato da Petrobras com a Odebrecht<\/a><\/span><\/p>\n<p><span style=\"font-size: 14pt; font-family: Verdana, Geneva, sans-serif;\">Antes mesmo de chegar \u00e0 carceragem em Curitiba, Marcelo Odebrecht estava \u201cagitado, revoltado\u201d, nas palavras de quem o acompanhava.<\/span><\/p>\n<p><span style=\"font-size: 14pt; font-family: Verdana, Geneva, sans-serif;\">Era um comportamento bem diferente de outro preso ilustre: o presidente da <strong>Andrade Gutierrez<\/strong>, <strong>Ot\u00e1vio Azevedo<\/strong>. Ot\u00e1vio Azevedo, como o <strong>cl\u00e3 Odebrecht<\/strong>, floresceu esplendorosamente nos governos de Lula e Dilma.<\/span><\/p>\n<p><span style=\"font-size: 14pt; font-family: Verdana, Geneva, sans-serif;\">Tem uma rela\u00e7\u00e3o muito pr\u00f3xima com eles \u2013 e com o governador de Minas Gerais, o petista <strong>Fernando Pimentel<\/strong>, tamb\u00e9m investigado por <strong>corrup\u00e7\u00e3o<\/strong>, embora em outra opera\u00e7\u00e3o da PF. Ot\u00e1vio Azevedo se tornou compadre de Pimentel quando o petista era ministro do Desenvolvimento e, como tal, presidia o BNDES.<\/span><\/p>\n<p><span style=\"font-size: 14pt; font-family: Verdana, Geneva, sans-serif;\">N\u00e3o h\u00e1 como determinar com certeza se o patriarca dos Odebrechts ou seu filho levar\u00e3o a cabo as amea\u00e7as contra Lula e Dilma. Mas elas metem medo nos petistas por uma raz\u00e3o simples: a Odebrecht se transformou numa empresa de <strong>R$ 100 bilh\u00f5es<\/strong> gra\u00e7as, em parte, \u00e0s boas rela\u00e7\u00f5es que criou com ambos.<\/span><\/p>\n<p><span style=\"font-size: 14pt; font-family: Verdana, Geneva, sans-serif;\">Se executivos da empresa cometeram atos de <strong>corrup\u00e7\u00e3o na Petrobras <\/strong>e, talvez, em outros contratos estatais, \u00e9 razo\u00e1vel supor que eles tenham o que contar contra Lula e Dilma.<\/span><\/p>\n<p><span style=\"font-size: 10pt; font-family: Verdana, Geneva, sans-serif; color: #ff0000;\">REPRODU\u00c7\u00c3O \u00c9POCA: Original em\u00a0http:\/\/epoca.globo.com\/tempo\/noticia\/2015\/06\/marcelo-odebrecht-ameaca-derrubar-republica.html<\/span><\/p>\n<p><span style=\"font-size: 14pt; font-family: Verdana, Geneva, sans-serif;\">A pris\u00e3o de Marcelo Odebrecht encerra um ciclo \u2013 talvez o maior deles \u2013 da Lava Jato. <\/span><\/p>\n<p><span style=\"font-size: 14pt; font-family: Verdana, Geneva, sans-serif;\">Desde o come\u00e7o, a investiga\u00e7\u00e3o que revelou o maior esquema de corrup\u00e7\u00e3o j\u00e1 descoberto no Brasil mostrou que, em 2015, \u00e9 finalmente poss\u00edvel sonhar com um pa\u00eds com menos impunidade.<\/span><\/p>\n<p><span style=\"font-size: 14pt; font-family: Verdana, Geneva, sans-serif;\">Pela primeira vez, suspeitos de ser<strong> corruptores<\/strong> foram presos \u2013 os<strong> executivos das empreiteiras<\/strong>. Antes, apenas corruptos, como pol\u00edticos e burocratas, eram julgados e condenados.<\/span><\/p>\n<p><span style=\"font-size: 14pt; font-family: Verdana, Geneva, sans-serif;\">E foi precisamente esse lento ac\u00famulo de pris\u00f5es, e as dela\u00e7\u00f5es premiadas associadas a elas, que permitiu a descoberta de evid\u00eancias de corrup\u00e7\u00e3o contra Marcelo Odebrecht, o empreiteiro que melhor representa a era Lula.<\/span><\/p>\n<p><span style=\"font-size: 14pt; font-family: Verdana, Geneva, sans-serif;\">Foram necess\u00e1rias seis dela\u00e7\u00f5es premiadas, dezenas de buscas e apreens\u00e3o em escrit\u00f3rios de empresas e doleiros e at\u00e9 a colabora\u00e7\u00e3o de para\u00edsos fiscais para que o dia 19 de junho fosse, enfim, poss\u00edvel.<\/span><\/p>\n<div class=\"componente_materia on\">\n<div class=\"intertitulo\"><span style=\"color: #ff0000;\"><strong><span style=\"font-size: 14pt; font-family: Verdana, Geneva, sans-serif;\">AS PROVAS CONTRA A ODEBRECHT<\/span><\/strong><\/span><\/div>\n<\/div>\n<p><span style=\"font-size: 14pt; font-family: Verdana, Geneva, sans-serif;\">Os documentos obtidos pela Lava Jato mostram como a empreiteira seguiu o roteiro de obras superfaturadas e obteve informa\u00e7\u00f5es privilegiadas para acertar contratos com a Petrobras.<\/span><\/p>\n<p><a href=\"https:\/\/correiosulgoiano.com.br\/wp-content\/uploads\/2015\/06\/EPOCA-1.jpg\"><img loading=\"lazy\" class=\"alignnone size-full wp-image-2259\" src=\"https:\/\/correiosulgoiano.com.br\/wp-content\/uploads\/2015\/06\/EPOCA-1.jpg\" alt=\"EPOCA 1\" width=\"560\" height=\"533\" srcset=\"https:\/\/correiosulgoiano.com.br\/wp-content\/uploads\/2015\/06\/EPOCA-1.jpg 560w, https:\/\/correiosulgoiano.com.br\/wp-content\/uploads\/2015\/06\/EPOCA-1-300x286.jpg 300w\" sizes=\"(max-width: 560px) 100vw, 560px\" \/><\/a><\/p>\n<p><span style=\"font-size: 10pt; color: #ff0000; font-family: Verdana, Geneva, sans-serif;\">Foto acima: Sobrepre\u00e7o<\/span><br \/>\n<span style=\"font-size: 10pt; color: #ff0000; font-family: Verdana, Geneva, sans-serif;\">Em e-mail, assessor de Marcelo Odebrecht fala em superfaturamento. O chefe n\u00e3o se fez de rogado. E respondeu: \u00e9 para acelerar as tratativas com os concorrentes (Foto: Reprodu\u00e7\u00e3o)<\/span><\/p>\n<p><a href=\"https:\/\/correiosulgoiano.com.br\/wp-content\/uploads\/2015\/06\/EPOCA-2.jpg\"><img loading=\"lazy\" class=\"alignnone size-full wp-image-2260\" src=\"https:\/\/correiosulgoiano.com.br\/wp-content\/uploads\/2015\/06\/EPOCA-2.jpg\" alt=\"EPOCA 2\" width=\"560\" height=\"384\" srcset=\"https:\/\/correiosulgoiano.com.br\/wp-content\/uploads\/2015\/06\/EPOCA-2.jpg 560w, https:\/\/correiosulgoiano.com.br\/wp-content\/uploads\/2015\/06\/EPOCA-2-300x206.jpg 300w\" sizes=\"(max-width: 560px) 100vw, 560px\" \/><\/a><\/p>\n<p><span style=\"font-size: 10pt; font-family: Verdana, Geneva, sans-serif; color: #ff0000;\">Foto acima: Informa\u00e7\u00e3o privilegiada<\/span><br \/>\n<span style=\"font-size: 10pt; font-family: Verdana, Geneva, sans-serif; color: #ff0000;\">O diretor da Odebrecht Rog\u00e9rio Ara\u00fajo avisa que sabia de or\u00e7amento interno da Petrobras. Horas antes ele se encontrara com o diretor Paulo Roberto Costa (Foto: Reprodu\u00e7\u00e3o)<\/span><\/p>\n<p><a href=\"https:\/\/correiosulgoiano.com.br\/wp-content\/uploads\/2015\/06\/EPOCA-3.jpg\"><img loading=\"lazy\" class=\"alignnone size-full wp-image-2261\" src=\"https:\/\/correiosulgoiano.com.br\/wp-content\/uploads\/2015\/06\/EPOCA-3.jpg\" alt=\"EPOCA 3\" width=\"560\" height=\"547\" srcset=\"https:\/\/correiosulgoiano.com.br\/wp-content\/uploads\/2015\/06\/EPOCA-3.jpg 560w, https:\/\/correiosulgoiano.com.br\/wp-content\/uploads\/2015\/06\/EPOCA-3-300x293.jpg 300w, https:\/\/correiosulgoiano.com.br\/wp-content\/uploads\/2015\/06\/EPOCA-3-55x55.jpg 55w\" sizes=\"(max-width: 560px) 100vw, 560px\" \/><\/a><\/p>\n<p><span style=\"color: #ff0000; font-size: 10pt; font-family: Verdana, Geneva, sans-serif;\">Foto acima: Amigo do peito<\/span><br \/>\n<span style=\"color: #ff0000; font-size: 10pt; font-family: Verdana, Geneva, sans-serif;\">A Pol\u00edcia Federal anexou na investiga\u00e7\u00e3o mensagens de outro empreiteiro, L\u00e9o Pinheiro, da OAS. Lula era sempre citado e tinha at\u00e9 apelido. E, claro, era sempre elogiado(Foto: Reprodu\u00e7\u00e3o)<\/span><\/p>\n<p><span style=\"color: #000000; font-size: 14pt; font-family: Verdana, Geneva, sans-serif;\">(Fonte: Reprodu\u00e7\u00e3o &#8211; mat\u00e9ria da revista \u00c9POCA em\u00a0http:\/\/epoca.globo.com\/tempo\/noticia\/2015\/06\/marcelo-odebrecht-ameaca-derrubar-republica.html)<\/span><\/p>\n<p><a href=\"https:\/\/correiosulgoiano.com.br\/wp-content\/uploads\/2015\/06\/MERCOTINTAS-03.jpg\"><img loading=\"lazy\" class=\"alignnone  wp-image-2136\" src=\"https:\/\/correiosulgoiano.com.br\/wp-content\/uploads\/2015\/06\/MERCOTINTAS-03.jpg\" alt=\"MERCOTINTAS 03\" width=\"466\" height=\"205\" srcset=\"https:\/\/correiosulgoiano.com.br\/wp-content\/uploads\/2015\/06\/MERCOTINTAS-03.jpg 664w, https:\/\/correiosulgoiano.com.br\/wp-content\/uploads\/2015\/06\/MERCOTINTAS-03-300x132.jpg 300w, https:\/\/correiosulgoiano.com.br\/wp-content\/uploads\/2015\/06\/MERCOTINTAS-03-660x292.jpg 660w\" sizes=\"(max-width: 466px) 100vw, 466px\" \/><\/a><\/p>\n","protected":false},"excerpt":{"rendered":"<p>Eles amea\u00e7am &#8220;derrubar&#8221; a Rep\u00fablica. Uauuu!!! O que ser\u00e1 que eles t\u00eam para contar sobre Lula e Dilma. O patriarca Em\u00edlio Odebrecht (fundador da companhia) e o filho dele, Marcelo Odebrecht (atual presidente) amea\u00e7am contar tudo o que sabem. &#8220;Se o Marcelo for preso, n\u00e3o haver\u00e1 mais Rep\u00fablica na segunda-feira&#8221; &#8211; disse o pai dele, &#8230;<\/p>\n","protected":false},"author":1,"featured_media":2263,"comment_status":"open","ping_status":"open","sticky":false,"template":"","format":"standard","meta":{"spay_email":"","jetpack_publicize_message":""},"categories":[50,52],"tags":[578,579,581,174,580,577],"jetpack_featured_media_url":"https:\/\/correiosulgoiano.com.br\/wp-content\/uploads\/2015\/06\/EPOCA-5.jpg","jetpack_publicize_connections":[],"_links":{"self":[{"href":"https:\/\/correiosulgoiano.com.br\/index.php?rest_route=\/wp\/v2\/posts\/2258"}],"collection":[{"href":"https:\/\/correiosulgoiano.com.br\/index.php?rest_route=\/wp\/v2\/posts"}],"about":[{"href":"https:\/\/correiosulgoiano.com.br\/index.php?rest_route=\/wp\/v2\/types\/post"}],"author":[{"embeddable":true,"href":"https:\/\/correiosulgoiano.com.br\/index.php?rest_route=\/wp\/v2\/users\/1"}],"replies":[{"embeddable":true,"href":"https:\/\/correiosulgoiano.com.br\/index.php?rest_route=%2Fwp%2Fv2%2Fcomments&post=2258"}],"version-history":[{"count":4,"href":"https:\/\/correiosulgoiano.com.br\/index.php?rest_route=\/wp\/v2\/posts\/2258\/revisions"}],"predecessor-version":[{"id":2267,"href":"https:\/\/correiosulgoiano.com.br\/index.php?rest_route=\/wp\/v2\/posts\/2258\/revisions\/2267"}],"wp:featuredmedia":[{"embeddable":true,"href":"https:\/\/correiosulgoiano.com.br\/index.php?rest_route=\/wp\/v2\/media\/2263"}],"wp:attachment":[{"href":"https:\/\/correiosulgoiano.com.br\/index.php?rest_route=%2Fwp%2Fv2%2Fmedia&parent=2258"}],"wp:term":[{"taxonomy":"category","embeddable":true,"href":"https:\/\/correiosulgoiano.com.br\/index.php?rest_route=%2Fwp%2Fv2%2Fcategories&post=2258"},{"taxonomy":"post_tag","embeddable":true,"href":"https:\/\/correiosulgoiano.com.br\/index.php?rest_route=%2Fwp%2Fv2%2Ftags&post=2258"}],"curies":[{"name":"wp","href":"https:\/\/api.w.org\/{rel}","templated":true}]}}