{"id":2290,"date":"2015-06-24T04:02:55","date_gmt":"2015-06-24T04:02:55","guid":{"rendered":"https:\/\/correiosulgoiano.com.br\/?p=2290"},"modified":"2015-06-24T04:47:13","modified_gmt":"2015-06-24T04:47:13","slug":"falta-pagamento-escola-pode-ter-fornecimento-de-energia-eletrica-suspenso","status":"publish","type":"post","link":"https:\/\/correiosulgoiano.com.br\/?p=2290","title":{"rendered":"FALTA PAGAMENTO: Escola pode ter fornecimento de energia el\u00e9trica suspenso"},"content":{"rendered":"<p><span style=\"font-family: Verdana, Geneva, sans-serif; font-size: 14pt; color: #000000;\">Escola Estadual Mariquita Costa pode ficar sem energia el\u00e9trica ap\u00f3s 5 anos sem a conta de luz ser paga. Ser\u00e1?<\/span><\/p>\n<p><span style=\"font-family: Verdana, Geneva, sans-serif; font-size: 14pt; color: #000000;\">\u00c9 isso mesmo caros leitores. Por mais absurdo que pare\u00e7a nossa reportagem apurou que a CELG tem uma conta de mais de 5 anos para receber da Escola Estadual Mariquita Costa, em Morrinhos.<\/span><\/p>\n<p><span style=\"font-family: Verdana, Geneva, sans-serif; font-size: 14pt; color: #000000;\">As primeiras informa\u00e7\u00f5es que chegam \u00e0 nossa reda\u00e7\u00e3o ainda s\u00e3o extraoficiais e d\u00e3o conta de que o pagamento n\u00e3o \u00e9 realizado desde dezembro de 2009, portanto, j\u00e1 s\u00e3o 5 anos e 7 meses sem pagar os tal\u00f5es de energia el\u00e9trica.<\/span><\/p>\n<p><span style=\"font-family: Verdana, Geneva, sans-serif; font-size: 14pt; color: #000000;\">Agora, ap\u00f3s privatiza\u00e7\u00e3o e novo modelo de gest\u00e3o, a CELG que est\u00e1 se reorganizando em todo o estado deseja receber a conta, de milhares de reais.<\/span><\/p>\n<p><span style=\"font-family: Verdana, Geneva, sans-serif; font-size: 14pt; color: #000000;\">Fomos informados extraoficialmente de que a CELG teria dado prazo para quita\u00e7\u00e3o ou negocia\u00e7\u00e3o de d\u00e9bito at\u00e9 a pr\u00f3xima sexta-feira, dia 26 de junho, caso contr\u00e1rio o fornecimento poder\u00e1 ser interrompido.<\/span><\/p>\n<p><span style=\"font-family: Verdana, Geneva, sans-serif; font-size: 14pt; color: #000000;\">Nosso rep\u00f3rter est\u00e1 em busca da confirma\u00e7\u00e3o desta hip\u00f3tese. Ainda n\u00e3o apuramos o valor exato da conta de quase 6 anos e nem de quem \u00e9 a responsabilidade por tamanho atraso nos pagamentos.<\/span><\/p>\n<p><span style=\"font-family: Verdana, Geneva, sans-serif; font-size: 14pt; color: #000000;\">Vamos tentar falar sobre o assunto com a dire\u00e7\u00e3o da Escola e tamb\u00e9m com a nova subsecret\u00e1ria de educa\u00e7\u00e3o, professora Cleide Mara, para saber se ela j\u00e1 tem conhecimento deste caso.<\/span><\/p>\n<p><span style=\"font-family: Verdana, Geneva, sans-serif; font-size: 14pt; color: #000000;\">Cleide Mara assumiu o cargo a pouco mais de uma semana e, portanto, talvez nem tenha tomado conhecimento de todas as heran\u00e7as que tem dentro da pasta.<\/span><\/p>\n<p><span style=\"font-family: Verdana, Geneva, sans-serif; font-size: 14pt; color: #000000;\">Na semana passada nosso rep\u00f3rter esteve com a nova subsecret\u00e1ria em seu gabinete, para uma primeira visita ap\u00f3s assumir o cargo, mas, ainda n\u00e3o t\u00ednhamos conhecimento deste fato.<\/span><\/p>\n<p><span style=\"font-family: Verdana, Geneva, sans-serif; font-size: 14pt; color: #000000;\">Na oportunidade a professora Cleide explicou que est\u00e1 tomando p\u00e9 de todas as situa\u00e7\u00f5es, e se mostrou bastante entusiasmada com a nova fun\u00e7\u00e3o.<\/span><\/p>\n<p><span style=\"font-family: Verdana, Geneva, sans-serif; font-size: 14pt; color: #000000;\">Educadora experiente, ela n\u00e3o dever\u00e1 ter dificuldades para resolver este problema que caiu em seu colo, ao assumir a subsecretaria.<\/span><\/p>\n<p><span style=\"font-family: Verdana, Geneva, sans-serif; font-size: 14pt; color: #000000;\">O Correio Sul Goiano vai buscar mais informa\u00e7\u00f5es e torcer para que a situa\u00e7\u00e3o se resolva da melhor forma, com muito bom senso, para que os alunos e educadores da unidade escolar n\u00e3o fiquem prejudicados. (Da reda\u00e7\u00e3o, por Leonardo Costa)<\/span><\/p>\n<p><a href=\"https:\/\/correiosulgoiano.com.br\/wp-content\/uploads\/2015\/06\/MERCOTINTAS-031.jpg\"><img loading=\"lazy\" class=\"alignnone  wp-image-2281\" src=\"https:\/\/correiosulgoiano.com.br\/wp-content\/uploads\/2015\/06\/MERCOTINTAS-031.jpg\" alt=\"MERCOTINTAS 03\" width=\"434\" height=\"191\" srcset=\"https:\/\/correiosulgoiano.com.br\/wp-content\/uploads\/2015\/06\/MERCOTINTAS-031.jpg 664w, https:\/\/correiosulgoiano.com.br\/wp-content\/uploads\/2015\/06\/MERCOTINTAS-031-300x132.jpg 300w, https:\/\/correiosulgoiano.com.br\/wp-content\/uploads\/2015\/06\/MERCOTINTAS-031-660x292.jpg 660w\" sizes=\"(max-width: 434px) 100vw, 434px\" \/><\/a><\/p>\n","protected":false},"excerpt":{"rendered":"<p>Escola Estadual Mariquita Costa pode ficar sem energia el\u00e9trica ap\u00f3s 5 anos sem a conta de luz ser paga. Ser\u00e1? \u00c9 isso mesmo caros leitores. Por mais absurdo que pare\u00e7a nossa reportagem apurou que a CELG tem uma conta de mais de 5 anos para receber da Escola Estadual Mariquita Costa, em Morrinhos. As primeiras &#8230;<\/p>\n","protected":false},"author":1,"featured_media":2291,"comment_status":"open","ping_status":"open","sticky":false,"template":"","format":"standard","meta":{"spay_email":"","jetpack_publicize_message":""},"categories":[1],"tags":[587,586,55,585,54,224],"jetpack_featured_media_url":"https:\/\/correiosulgoiano.com.br\/wp-content\/uploads\/2015\/06\/Mariquita-Costa.jpg","jetpack_publicize_connections":[],"_links":{"self":[{"href":"https:\/\/correiosulgoiano.com.br\/index.php?rest_route=\/wp\/v2\/posts\/2290"}],"collection":[{"href":"https:\/\/correiosulgoiano.com.br\/index.php?rest_route=\/wp\/v2\/posts"}],"about":[{"href":"https:\/\/correiosulgoiano.com.br\/index.php?rest_route=\/wp\/v2\/types\/post"}],"author":[{"embeddable":true,"href":"https:\/\/correiosulgoiano.com.br\/index.php?rest_route=\/wp\/v2\/users\/1"}],"replies":[{"embeddable":true,"href":"https:\/\/correiosulgoiano.com.br\/index.php?rest_route=%2Fwp%2Fv2%2Fcomments&post=2290"}],"version-history":[{"count":5,"href":"https:\/\/correiosulgoiano.com.br\/index.php?rest_route=\/wp\/v2\/posts\/2290\/revisions"}],"predecessor-version":[{"id":2296,"href":"https:\/\/correiosulgoiano.com.br\/index.php?rest_route=\/wp\/v2\/posts\/2290\/revisions\/2296"}],"wp:featuredmedia":[{"embeddable":true,"href":"https:\/\/correiosulgoiano.com.br\/index.php?rest_route=\/wp\/v2\/media\/2291"}],"wp:attachment":[{"href":"https:\/\/correiosulgoiano.com.br\/index.php?rest_route=%2Fwp%2Fv2%2Fmedia&parent=2290"}],"wp:term":[{"taxonomy":"category","embeddable":true,"href":"https:\/\/correiosulgoiano.com.br\/index.php?rest_route=%2Fwp%2Fv2%2Fcategories&post=2290"},{"taxonomy":"post_tag","embeddable":true,"href":"https:\/\/correiosulgoiano.com.br\/index.php?rest_route=%2Fwp%2Fv2%2Ftags&post=2290"}],"curies":[{"name":"wp","href":"https:\/\/api.w.org\/{rel}","templated":true}]}}