{"id":2320,"date":"2015-06-26T00:45:25","date_gmt":"2015-06-26T00:45:25","guid":{"rendered":"https:\/\/correiosulgoiano.com.br\/?p=2320"},"modified":"2015-06-27T04:03:56","modified_gmt":"2015-06-27T04:03:56","slug":"homem-mata-mulher-a-facadas-e-tenta-suicidio-apos-termino-do-relacionamento","status":"publish","type":"post","link":"https:\/\/correiosulgoiano.com.br\/?p=2320","title":{"rendered":"Morre homem que matou mulher a facadas e depois esfaqueou-se em Morrinhos"},"content":{"rendered":"<p><span style=\"font-size: 14pt; font-family: Verdana, Geneva, sans-serif; color: #000000;\">Morreu o homem que esfaqueou a companheira e em seguida tentou contra a pr\u00f3pria vida, em Morrinhos. <span style=\"font-size: 10pt;\">&#8211; Publicado \u00e0s 21h50 de sexta-feira, 25\/06<\/span><\/span><\/p>\n<p><span style=\"font-size: 14pt; font-family: Verdana, Geneva, sans-serif; color: #000000;\">O vel\u00f3rio e o sepultamento ser\u00e3o realizados em Piracanjuba, onde moram alguns de seus familiares.<\/span><\/p>\n<p><span style=\"font-size: 14pt; font-family: Verdana, Geneva, sans-serif; color: #000000;\">Ap\u00f3s ser submetido a uma cirurgia, no Hospital de Urg\u00eancias de Goi\u00e2nia, Francisco de Moura Pereira, de 76 anos n\u00e3o resistiu aos graves ferimentos e morreu na tarde de sexta-feira, 26\/06, menos de 24 horas ap\u00f3s o crime.<\/span><\/p>\n<p><span style=\"font-size: 14pt; font-family: Verdana, Geneva, sans-serif; color: #000000;\">Ele mesmo se feriu com golpes de faca na barriga, na tarde de quinta-feira, 25\/06, ap\u00f3s assassinar a sua ex-companheira.<\/span><\/p>\n<p><span style=\"font-size: 14pt; font-family: Verdana, Geneva, sans-serif; color: #000000;\">De acordo com os primeiros levantamentos das pol\u00edcias Francisco estava inconformado com o t\u00e9rmino do relacionamento de anos e n\u00e3o aceitava o fato de Valdirene Ant\u00f4nia n\u00e3o querer mais reatar a uni\u00e3o.<\/span><\/p>\n<p><a href=\"https:\/\/correiosulgoiano.com.br\/wp-content\/uploads\/2015\/06\/Celeiro-Site-Novo-01.jpg\"><img loading=\"lazy\" class=\"alignnone  wp-image-2335\" src=\"https:\/\/correiosulgoiano.com.br\/wp-content\/uploads\/2015\/06\/Celeiro-Site-Novo-01.jpg\" alt=\"Celeiro Site Novo - 01\" width=\"488\" height=\"165\" srcset=\"https:\/\/correiosulgoiano.com.br\/wp-content\/uploads\/2015\/06\/Celeiro-Site-Novo-01.jpg 792w, https:\/\/correiosulgoiano.com.br\/wp-content\/uploads\/2015\/06\/Celeiro-Site-Novo-01-300x102.jpg 300w\" sizes=\"(max-width: 488px) 100vw, 488px\" \/><\/a><\/p>\n<p><span style=\"color: #ff0000;\"><span style=\"color: #000000;\"><strong><span style=\"font-size: 14pt; font-family: Verdana, Geneva, sans-serif;\">ENTENDA O CASO: HOMEM MATA MULHER A FACADAS E TENTA SUIC\u00cdDIO, AP\u00d3S T\u00c9RMINO DO RELACIONAMENTO <\/span><\/strong><\/span><span style=\"font-size: 10pt; font-family: Verdana, Geneva, sans-serif; color: #000000;\">&#8211; Publicado \u00e0s 21h50 de quinta-feira, 25\/06<\/span><\/span><\/p>\n<p><span style=\"font-size: 14pt; font-family: Verdana, Geneva, sans-serif; color: #000000;\">Faltavam poucos minutos para as 18 horas da tarde de quinta-feira, 25\/06, quando a Pol\u00edcia Militar foi acionada para uma ocorr\u00eancia de homic\u00eddio e tentativa de suic\u00eddio. Novamente a PM agiu com rapidez, mas, ao ser comunicada do fato, a mulher j\u00e1 estava morta.<\/span><\/p>\n<p><span style=\"font-size: 14pt; font-family: Verdana, Geneva, sans-serif; color: #000000;\">O crime aconteceu em uma casa \u00e0 Rua 215, n\u00ba 450, do setor aeroporto. Um homem inconformado com o final de seu casamento acabou por esfaquear sua mulher e depois tentou se matar, tamb\u00e9m com golpes de faca.<\/span><\/p>\n<p><a href=\"https:\/\/correiosulgoiano.com.br\/wp-content\/uploads\/2015\/06\/Valdirene-8.jpg\"><img loading=\"lazy\" class=\"alignnone  wp-image-2322\" src=\"https:\/\/correiosulgoiano.com.br\/wp-content\/uploads\/2015\/06\/Valdirene-8.jpg\" alt=\"Valdirene 8\" width=\"600\" height=\"338\" srcset=\"https:\/\/correiosulgoiano.com.br\/wp-content\/uploads\/2015\/06\/Valdirene-8.jpg 778w, https:\/\/correiosulgoiano.com.br\/wp-content\/uploads\/2015\/06\/Valdirene-8-300x169.jpg 300w\" sizes=\"(max-width: 600px) 100vw, 600px\" \/><\/a><\/p>\n<p><span style=\"font-size: 14pt; font-family: Verdana, Geneva, sans-serif; color: #000000;\">Nossa reportagem apurou que Francisco de Moura Pereira, de 76 anos e Valdirene Ant\u00f4nia da Silva, de 36 anos estavam em final de relacionamento, j\u00e1 separados a aproximadamente um m\u00eas. Neste per\u00edodo o homem tentava reatar o casamento, mas, a mulher estava irredut\u00edvel.<\/span><\/p>\n<p><a href=\"https:\/\/correiosulgoiano.com.br\/wp-content\/uploads\/2015\/06\/Valdirene-7.jpg\"><img loading=\"lazy\" class=\"alignnone  wp-image-2323\" src=\"https:\/\/correiosulgoiano.com.br\/wp-content\/uploads\/2015\/06\/Valdirene-7.jpg\" alt=\"Valdirene 7\" width=\"591\" height=\"373\" srcset=\"https:\/\/correiosulgoiano.com.br\/wp-content\/uploads\/2015\/06\/Valdirene-7.jpg 731w, https:\/\/correiosulgoiano.com.br\/wp-content\/uploads\/2015\/06\/Valdirene-7-300x189.jpg 300w\" sizes=\"(max-width: 591px) 100vw, 591px\" \/><\/a><\/p>\n<p><span style=\"font-size: 14pt; font-family: Verdana, Geneva, sans-serif; color: #000000;\">Na tarde desta quinta-feira, Francisco foi \u00e0 casa de Valdirene e tentou mais uma vez convenc\u00ea-la de que o casamento fosse retomado.<\/span><\/p>\n<p><span style=\"font-size: 14pt; font-family: Verdana, Geneva, sans-serif; color: #000000;\">Diante de nova negativa, os dois teriam iniciado uma pequena discuss\u00e3o e Francisco terminou por esfaquear Valdirene na barriga e no pesco\u00e7o. Em seguida ele desferiu alguns golpes de faca contra a pr\u00f3pria barriga na tentativa de se matar.<\/span><\/p>\n<p><span style=\"font-size: 10pt; font-family: Verdana, Geneva, sans-serif; color: #000000;\">Abaixo, Francisco e Valdirene, segurando as g\u00eameas<\/span><\/p>\n<p><a href=\"https:\/\/correiosulgoiano.com.br\/wp-content\/uploads\/2015\/06\/Valdirene-9.jpg\"><img loading=\"lazy\" class=\"alignnone  wp-image-2324\" src=\"https:\/\/correiosulgoiano.com.br\/wp-content\/uploads\/2015\/06\/Valdirene-9.jpg\" alt=\"Valdirene 9\" width=\"412\" height=\"267\" srcset=\"https:\/\/correiosulgoiano.com.br\/wp-content\/uploads\/2015\/06\/Valdirene-9.jpg 528w, https:\/\/correiosulgoiano.com.br\/wp-content\/uploads\/2015\/06\/Valdirene-9-300x194.jpg 300w\" sizes=\"(max-width: 412px) 100vw, 412px\" \/><\/a><\/p>\n<p><span style=\"font-size: 14pt; font-family: Verdana, Geneva, sans-serif; color: #000000;\">Foram ao menos 4 golpes contra ele mesmo. Ningu\u00e9m sabe o hor\u00e1rio exato que os golpes de faca aconteceram.<\/span><\/p>\n<p><span style=\"font-size: 14pt; font-family: Verdana, Geneva, sans-serif; color: #000000;\">Mas, o fato foi descoberto pouco antes das 18 horas, quando as duas filhas g\u00eameas de Valdirene, de 9 anos de idade, chegaram da escola, deixadas na porta de casa pelo transporte escolar.<\/span><\/p>\n<p><span style=\"font-size: 10pt; font-family: Verdana, Geneva, sans-serif;\">Abaixo, as duas crian\u00e7as abra\u00e7am um parente que chegou para ampar\u00e1-las<\/span><\/p>\n<p><a href=\"https:\/\/correiosulgoiano.com.br\/wp-content\/uploads\/2015\/06\/Valdirene-3.jpg\"><img loading=\"lazy\" class=\"alignnone  wp-image-2325\" src=\"https:\/\/correiosulgoiano.com.br\/wp-content\/uploads\/2015\/06\/Valdirene-3.jpg\" alt=\"Valdirene 3\" width=\"598\" height=\"322\" srcset=\"https:\/\/correiosulgoiano.com.br\/wp-content\/uploads\/2015\/06\/Valdirene-3.jpg 782w, https:\/\/correiosulgoiano.com.br\/wp-content\/uploads\/2015\/06\/Valdirene-3-300x162.jpg 300w\" sizes=\"(max-width: 598px) 100vw, 598px\" \/><\/a><\/p>\n<p><span style=\"font-size: 14pt; font-family: Verdana, Geneva, sans-serif; color: #000000;\">As duas crian\u00e7as entraram no alpendre da casa j\u00e1 chamando pela m\u00e3e, que n\u00e3o respondeu.<\/span><\/p>\n<p><span style=\"font-size: 14pt; font-family: Verdana, Geneva, sans-serif; color: #000000;\">Elas ent\u00e3o entraram em casa e ao chegarem \u00e0 cozinha, se depararam com a m\u00e3e e o autor do crime, ca\u00eddos no ch\u00e3o. Em desespero as crian\u00e7as sa\u00edram correndo pela rua e pedindo socorro.<\/span><\/p>\n<p><a href=\"https:\/\/correiosulgoiano.com.br\/wp-content\/uploads\/2015\/06\/Valdirene-5.jpg\"><img loading=\"lazy\" class=\"alignnone  wp-image-2326\" src=\"https:\/\/correiosulgoiano.com.br\/wp-content\/uploads\/2015\/06\/Valdirene-5.jpg\" alt=\"Valdirene 5\" width=\"227\" height=\"338\" srcset=\"https:\/\/correiosulgoiano.com.br\/wp-content\/uploads\/2015\/06\/Valdirene-5.jpg 524w, https:\/\/correiosulgoiano.com.br\/wp-content\/uploads\/2015\/06\/Valdirene-5-202x300.jpg 202w\" sizes=\"(max-width: 227px) 100vw, 227px\" \/><\/a>\u00a0\u00a0<a href=\"https:\/\/correiosulgoiano.com.br\/wp-content\/uploads\/2015\/06\/Valdirene.jpg\"><img loading=\"lazy\" class=\"alignnone  wp-image-2332\" src=\"https:\/\/correiosulgoiano.com.br\/wp-content\/uploads\/2015\/06\/Valdirene.jpg\" alt=\"Valdirene\" width=\"336\" height=\"338\" srcset=\"https:\/\/correiosulgoiano.com.br\/wp-content\/uploads\/2015\/06\/Valdirene.jpg 633w, https:\/\/correiosulgoiano.com.br\/wp-content\/uploads\/2015\/06\/Valdirene-150x150.jpg 150w, https:\/\/correiosulgoiano.com.br\/wp-content\/uploads\/2015\/06\/Valdirene-55x55.jpg 55w\" sizes=\"(max-width: 336px) 100vw, 336px\" \/><\/a><\/p>\n<p><span style=\"font-size: 14pt; font-family: Verdana, Geneva, sans-serif; color: #000000;\">Os vizinhos acionaram a Pol\u00edcia Militar e o Corpo de Bombeiros, que imediatamente chegaram ao local.<\/span><\/p>\n<p><span style=\"font-size: 14pt; font-family: Verdana, Geneva, sans-serif; color: #000000;\">Valdirene foi encontrada morta e Francisco ainda vivo, foi socorrido ao Hospital Municipal de Morrinhos, onde recebeu o primeiro atendimento e foi preparado para ser transferido ao Hospital de Urg\u00eancias de Goi\u00e2nia.<\/span><\/p>\n<p><a href=\"https:\/\/correiosulgoiano.com.br\/wp-content\/uploads\/2015\/06\/Valdirene-11.jpg\"><img loading=\"lazy\" class=\"alignnone  wp-image-2327\" src=\"https:\/\/correiosulgoiano.com.br\/wp-content\/uploads\/2015\/06\/Valdirene-11.jpg\" alt=\"Valdirene 11\" width=\"453\" height=\"309\" srcset=\"https:\/\/correiosulgoiano.com.br\/wp-content\/uploads\/2015\/06\/Valdirene-11.jpg 566w, https:\/\/correiosulgoiano.com.br\/wp-content\/uploads\/2015\/06\/Valdirene-11-300x205.jpg 300w\" sizes=\"(max-width: 453px) 100vw, 453px\" \/><\/a><\/p>\n<p><span style=\"font-size: 14pt; font-family: Verdana, Geneva, sans-serif; color: #000000;\">No momento em que postamos esta reportagem, no in\u00edcio da noite, ele aguardava vaga em regula\u00e7\u00e3o do sistema SUS via SAMU.<\/span><\/p>\n<p><span style=\"font-size: 14pt; font-family: Verdana, Geneva, sans-serif; color: #000000;\">A Pol\u00edcia T\u00e9cnica foi acionada e compareceu para fazer a per\u00edcia no local do crime. Em seguida, o IML compareceu para fazer a remo\u00e7\u00e3o do corpo.<\/span><\/p>\n<p><span style=\"font-size: 14pt; font-family: Verdana, Geneva, sans-serif; color: #000000;\">A Pol\u00edcia Militar esteve no local, registrou a ocorr\u00eancia para provid\u00eancias posteriores. (Da reda\u00e7\u00e3o, por Leonardo Costa. Fonte: Pol\u00edcia Militar, a quem agradecemos pela colabora\u00e7\u00e3o)<\/span><\/p>\n<p><a href=\"https:\/\/correiosulgoiano.com.br\/wp-content\/uploads\/2015\/06\/Celeiro-Site-Novo-01.jpg\"><img loading=\"lazy\" class=\"alignnone  wp-image-2335\" src=\"https:\/\/correiosulgoiano.com.br\/wp-content\/uploads\/2015\/06\/Celeiro-Site-Novo-01.jpg\" alt=\"Celeiro Site Novo - 01\" width=\"482\" height=\"163\" srcset=\"https:\/\/correiosulgoiano.com.br\/wp-content\/uploads\/2015\/06\/Celeiro-Site-Novo-01.jpg 792w, https:\/\/correiosulgoiano.com.br\/wp-content\/uploads\/2015\/06\/Celeiro-Site-Novo-01-300x102.jpg 300w\" sizes=\"(max-width: 482px) 100vw, 482px\" \/><\/a><\/p>\n<p style=\"line-height: 14.65pt; margin: 7.2pt 0cm 7.2pt 0cm;\"><a href=\"https:\/\/correiosulgoiano.com.br\/wp-content\/uploads\/2015\/05\/Mercotintas-Banner-Site-01.jpg\"><img loading=\"lazy\" class=\"alignnone  wp-image-1889\" src=\"https:\/\/correiosulgoiano.com.br\/wp-content\/uploads\/2015\/05\/Mercotintas-Banner-Site-01.jpg\" alt=\"Mercotintas Banner Site - 01\" width=\"907\" height=\"113\" srcset=\"https:\/\/correiosulgoiano.com.br\/wp-content\/uploads\/2015\/05\/Mercotintas-Banner-Site-01.jpg 1172w, https:\/\/correiosulgoiano.com.br\/wp-content\/uploads\/2015\/05\/Mercotintas-Banner-Site-01-300x37.jpg 300w, https:\/\/correiosulgoiano.com.br\/wp-content\/uploads\/2015\/05\/Mercotintas-Banner-Site-01-1024x128.jpg 1024w\" sizes=\"(max-width: 907px) 100vw, 907px\" \/><\/a><\/p>\n","protected":false},"excerpt":{"rendered":"<p>Morreu o homem que esfaqueou a companheira e em seguida tentou contra a pr\u00f3pria vida, em Morrinhos. &#8211; Publicado \u00e0s 21h50 de sexta-feira, 25\/06 O vel\u00f3rio e o sepultamento ser\u00e3o realizados em Piracanjuba, onde moram alguns de seus familiares. Ap\u00f3s ser submetido a uma cirurgia, no Hospital de Urg\u00eancias de Goi\u00e2nia, Francisco de Moura Pereira, &#8230;<\/p>\n","protected":false},"author":1,"featured_media":2338,"comment_status":"open","ping_status":"open","sticky":false,"template":"","format":"standard","meta":{"spay_email":"","jetpack_publicize_message":""},"categories":[50,1],"tags":[55,589,588,54,224,483],"jetpack_featured_media_url":"https:\/\/correiosulgoiano.com.br\/wp-content\/uploads\/2015\/06\/Morreu.jpg","jetpack_publicize_connections":[],"_links":{"self":[{"href":"https:\/\/correiosulgoiano.com.br\/index.php?rest_route=\/wp\/v2\/posts\/2320"}],"collection":[{"href":"https:\/\/correiosulgoiano.com.br\/index.php?rest_route=\/wp\/v2\/posts"}],"about":[{"href":"https:\/\/correiosulgoiano.com.br\/index.php?rest_route=\/wp\/v2\/types\/post"}],"author":[{"embeddable":true,"href":"https:\/\/correiosulgoiano.com.br\/index.php?rest_route=\/wp\/v2\/users\/1"}],"replies":[{"embeddable":true,"href":"https:\/\/correiosulgoiano.com.br\/index.php?rest_route=%2Fwp%2Fv2%2Fcomments&post=2320"}],"version-history":[{"count":10,"href":"https:\/\/correiosulgoiano.com.br\/index.php?rest_route=\/wp\/v2\/posts\/2320\/revisions"}],"predecessor-version":[{"id":2345,"href":"https:\/\/correiosulgoiano.com.br\/index.php?rest_route=\/wp\/v2\/posts\/2320\/revisions\/2345"}],"wp:featuredmedia":[{"embeddable":true,"href":"https:\/\/correiosulgoiano.com.br\/index.php?rest_route=\/wp\/v2\/media\/2338"}],"wp:attachment":[{"href":"https:\/\/correiosulgoiano.com.br\/index.php?rest_route=%2Fwp%2Fv2%2Fmedia&parent=2320"}],"wp:term":[{"taxonomy":"category","embeddable":true,"href":"https:\/\/correiosulgoiano.com.br\/index.php?rest_route=%2Fwp%2Fv2%2Fcategories&post=2320"},{"taxonomy":"post_tag","embeddable":true,"href":"https:\/\/correiosulgoiano.com.br\/index.php?rest_route=%2Fwp%2Fv2%2Ftags&post=2320"}],"curies":[{"name":"wp","href":"https:\/\/api.w.org\/{rel}","templated":true}]}}