{"id":2350,"date":"2015-06-27T19:35:57","date_gmt":"2015-06-27T19:35:57","guid":{"rendered":"https:\/\/correiosulgoiano.com.br\/?p=2350"},"modified":"2015-06-27T19:48:51","modified_gmt":"2015-06-27T19:48:51","slug":"colegio-estadual-e-incendiado-em-ato-de-vandalismo-em-caldas-novas","status":"publish","type":"post","link":"https:\/\/correiosulgoiano.com.br\/?p=2350","title":{"rendered":"Col\u00e9gio Estadual \u00e9 incendiado em ato de vandalismo, em Caldas Novas"},"content":{"rendered":"<p><span style=\"font-size: 14pt; font-family: Verdana, Geneva, sans-serif; color: #000000;\">Leandra Vaz de Melo, da subsecretaria regional da educa\u00e7\u00e3o, em Morrinhos, nos enviou esclarecimentos a respeito do inc\u00eandio ocorrido no Col\u00e9gio Estadual Dom Pedro II, de Caldas Novas,\u00a0na madrugada de sexta-feira, dia 26 de junho. Diz a nota:<\/span><\/p>\n<p><span style=\"font-size: 14pt; font-family: Verdana, Geneva, sans-serif; color: #000000;\">A subsecret\u00e1ria regional de educa\u00e7\u00e3o de morrinhos, professora Cleide Mara Ribeiro Souza, passou a semana entre 22 e 26 de junho, em An\u00e1polis, nas atividades de Forma\u00e7\u00e3o para Gestores P\u00fablicos.<\/span><\/p>\n<p><span style=\"font-size: 14pt; font-family: Verdana, Geneva, sans-serif; color: #000000;\">Na sexta-feira, dia 26 ela recebeu a not\u00edcia do inc\u00eandio no Col\u00e9gio Dom Pedro II, em Caldas Novas. Imediatamente a subsecret\u00e1ria entrou em contato com a secret\u00e1ria de educa\u00e7\u00e3o, professora Raquel Teixeira e com o secret\u00e1rio executivo, Marcos das Neves. <\/span><\/p>\n<p><span style=\"font-size: 14pt; font-family: Verdana, Geneva, sans-serif; color: #000000;\">Ap\u00f3s algumas considera\u00e7\u00f5es ficou determinado que a rede f\u00edsica far\u00e1 visita para avalia\u00e7\u00e3o dos danos e recupera\u00e7\u00e3o das salas atingidas pelo fogo.<\/span><\/p>\n<p><span style=\"font-size: 14pt; font-family: Verdana, Geneva, sans-serif; color: #000000;\">A subsecret\u00e1ria, professora Cleide Mara,\u00a0a secret\u00e1ria de Estado da Educa\u00e7\u00e3o, professora Raquel Teixeira e o Professor Marcos das Neves se mostraram extremamente sensibilizados com o ocorrido e comunicam que j\u00e1\u00a0est\u00e3o tomando todas as provid\u00eancias cab\u00edveis para a situa\u00e7\u00e3o e agradecem imensamente ao prefeito de caldas novas Evandro Magal pelas medidas tomadas por ele, diante do fato.<\/span><\/p>\n<p><span style=\"font-size: 14pt; font-family: Verdana, Geneva, sans-serif; color: #000000;\">Cleide Mara ir\u00e1 a Caldas Novas para pessoalmente agradecer ao prefeito e far\u00e1 visita ao Col\u00e9gio Dom Pedro II. \u201cUma reuni\u00e3o com a equipe gestora acontecer\u00e1 o mais r\u00e1pido poss\u00edvel\u201d \u2013 informou a subsecretaria, que tem sede em Morrinhos.<\/span><\/p>\n<p><span style=\"font-size: 10pt; font-family: Verdana, Geneva, sans-serif; color: #000000;\">Abaixo veja: Professora Cleide Mara, (subsecret\u00e1ria de educa\u00e7\u00e3o) \u00e0 direita, recebe visita de N\u00fabia Ferreira, (vereadora) \u00e0 esquerda.<\/span><\/p>\n<p><a href=\"https:\/\/correiosulgoiano.com.br\/wp-content\/uploads\/2015\/06\/Cleide-site-01.jpg\"><img loading=\"lazy\" class=\"alignnone  wp-image-2362\" src=\"https:\/\/correiosulgoiano.com.br\/wp-content\/uploads\/2015\/06\/Cleide-site-01.jpg\" alt=\"Cleide site  - 01\" width=\"537\" height=\"281\" srcset=\"https:\/\/correiosulgoiano.com.br\/wp-content\/uploads\/2015\/06\/Cleide-site-01.jpg 662w, https:\/\/correiosulgoiano.com.br\/wp-content\/uploads\/2015\/06\/Cleide-site-01-300x157.jpg 300w\" sizes=\"(max-width: 537px) 100vw, 537px\" \/><\/a><\/p>\n<p><span style=\"color: #ff0000;\"><strong><span style=\"font-size: 14pt; font-family: Verdana, Geneva, sans-serif;\">O INC\u00caNDIO<\/span><\/strong><\/span><\/p>\n<p><span style=\"font-size: 14pt; font-family: Verdana, Geneva, sans-serif; color: #000000;\">O inc\u00eandio aconteceu na madrugada de sexta-feira, 26\/06. Quando os alunos e professores chegaram para mais um dia de aula se depararam com a triste cena.<\/span><\/p>\n<p><span style=\"font-size: 14pt; font-family: Verdana, Geneva, sans-serif; color: #000000;\">O Corpo de Bombeiros foi acionado e disse ter encontrado material inflam\u00e1vel dentro da escola, muito provavelmente que foi utilizado para atear fogo no col\u00e9gio.<\/span><\/p>\n<p><span style=\"font-size: 14pt; font-family: Verdana, Geneva, sans-serif; color: #000000;\">A pol\u00edcia compareceu ao local para registrar a ocorr\u00eancia e colher dados para as investiga\u00e7\u00f5es. As autoridades querem saber quem e porque atearam fogo na escola.<\/span><\/p>\n<p><span style=\"font-size: 14pt; font-family: Verdana, Geneva, sans-serif; color: #000000;\">(Da reda\u00e7\u00e3o, por Leonardo Costa, com informa\u00e7\u00f5es e fotos do rep\u00f3rter Den\u00edlson Vieira, do Jornal Serra de Caldas)<\/span><\/p>\n<p><a href=\"https:\/\/correiosulgoiano.com.br\/wp-content\/uploads\/2015\/06\/Colegio-Dom-Pedro-06.jpg\"><img loading=\"lazy\" class=\"alignnone  wp-image-2353\" src=\"https:\/\/correiosulgoiano.com.br\/wp-content\/uploads\/2015\/06\/Colegio-Dom-Pedro-06.jpg\" alt=\"Colegio Dom Pedro - 06\" width=\"590\" height=\"318\" srcset=\"https:\/\/correiosulgoiano.com.br\/wp-content\/uploads\/2015\/06\/Colegio-Dom-Pedro-06.jpg 605w, https:\/\/correiosulgoiano.com.br\/wp-content\/uploads\/2015\/06\/Colegio-Dom-Pedro-06-300x162.jpg 300w\" sizes=\"(max-width: 590px) 100vw, 590px\" \/><\/a><\/p>\n<p><span style=\"font-size: 14pt; font-family: Verdana, Geneva, sans-serif; color: #000000;\"><strong>COL\u00c9GIO ESTADUAL DOM PEDRO II, EM CALDAS NOVAS<\/strong><\/span><\/p>\n<p><a href=\"https:\/\/correiosulgoiano.com.br\/wp-content\/uploads\/2015\/06\/Colegio-Dom-Pedro-03.jpg\"><img loading=\"lazy\" class=\"alignnone  wp-image-2354\" src=\"https:\/\/correiosulgoiano.com.br\/wp-content\/uploads\/2015\/06\/Colegio-Dom-Pedro-03.jpg\" alt=\"Colegio Dom Pedro - 03\" width=\"588\" height=\"392\" srcset=\"https:\/\/correiosulgoiano.com.br\/wp-content\/uploads\/2015\/06\/Colegio-Dom-Pedro-03.jpg 653w, https:\/\/correiosulgoiano.com.br\/wp-content\/uploads\/2015\/06\/Colegio-Dom-Pedro-03-300x200.jpg 300w\" sizes=\"(max-width: 588px) 100vw, 588px\" \/><\/a><\/p>\n<p><span style=\"font-size: 14pt; font-family: Verdana, Geneva, sans-serif; color: #000000;\"><strong>COL\u00c9GIO ESTADUAL DOM PEDRO II, EM CALDAS NOVAS<\/strong><\/span><\/p>\n<p><a href=\"https:\/\/correiosulgoiano.com.br\/wp-content\/uploads\/2015\/06\/Colegio-Dom-Pedro-05.jpg\"><img loading=\"lazy\" class=\"alignnone  wp-image-2355\" src=\"https:\/\/correiosulgoiano.com.br\/wp-content\/uploads\/2015\/06\/Colegio-Dom-Pedro-05.jpg\" alt=\"Colegio Dom Pedro - 05\" width=\"267\" height=\"401\" srcset=\"https:\/\/correiosulgoiano.com.br\/wp-content\/uploads\/2015\/06\/Colegio-Dom-Pedro-05.jpg 435w, https:\/\/correiosulgoiano.com.br\/wp-content\/uploads\/2015\/06\/Colegio-Dom-Pedro-05-200x300.jpg 200w\" sizes=\"(max-width: 267px) 100vw, 267px\" \/><\/a><\/p>\n<p><span style=\"font-size: 14pt; font-family: Verdana, Geneva, sans-serif; color: #000000;\"><strong>COL\u00c9GIO ESTADUAL DOM PEDRO II, EM CALDAS NOVAS<\/strong><\/span><\/p>\n<p><a href=\"https:\/\/correiosulgoiano.com.br\/wp-content\/uploads\/2015\/06\/Colegio-Dom-Pedro-02.jpg\"><img loading=\"lazy\" class=\"alignnone  wp-image-2356\" src=\"https:\/\/correiosulgoiano.com.br\/wp-content\/uploads\/2015\/06\/Colegio-Dom-Pedro-02.jpg\" alt=\"Colegio Dom Pedro - 02\" width=\"266\" height=\"473\" srcset=\"https:\/\/correiosulgoiano.com.br\/wp-content\/uploads\/2015\/06\/Colegio-Dom-Pedro-02.jpg 540w, https:\/\/correiosulgoiano.com.br\/wp-content\/uploads\/2015\/06\/Colegio-Dom-Pedro-02-169x300.jpg 169w\" sizes=\"(max-width: 266px) 100vw, 266px\" \/><\/a><\/p>\n<p><span style=\"font-size: 14pt; font-family: Verdana, Geneva, sans-serif; color: #000000;\"><strong>COL\u00c9GIO ESTADUAL DOM PEDRO II, EM CALDAS NOVAS<\/strong><\/span><\/p>\n<p><a href=\"https:\/\/correiosulgoiano.com.br\/wp-content\/uploads\/2015\/06\/Colegio-Dom-Pedro-07.jpg\"><img loading=\"lazy\" class=\"alignnone  wp-image-2357\" src=\"https:\/\/correiosulgoiano.com.br\/wp-content\/uploads\/2015\/06\/Colegio-Dom-Pedro-07.jpg\" alt=\"Colegio Dom Pedro - 07\" width=\"587\" height=\"321\" srcset=\"https:\/\/correiosulgoiano.com.br\/wp-content\/uploads\/2015\/06\/Colegio-Dom-Pedro-07.jpg 605w, https:\/\/correiosulgoiano.com.br\/wp-content\/uploads\/2015\/06\/Colegio-Dom-Pedro-07-300x164.jpg 300w\" sizes=\"(max-width: 587px) 100vw, 587px\" \/><\/a><\/p>\n<p><span style=\"font-size: 14pt; font-family: Verdana, Geneva, sans-serif; color: #000000;\"><strong>COL\u00c9GIO ESTADUAL DOM PEDRO II, EM CALDAS NOVAS<\/strong><\/span><\/p>\n<p><a href=\"https:\/\/correiosulgoiano.com.br\/wp-content\/uploads\/2015\/06\/Colegio-Dom-Pedro-01.jpg\"><img loading=\"lazy\" class=\"alignnone  wp-image-2358\" src=\"https:\/\/correiosulgoiano.com.br\/wp-content\/uploads\/2015\/06\/Colegio-Dom-Pedro-01.jpg\" alt=\"Colegio Dom Pedro - 01\" width=\"587\" height=\"330\" srcset=\"https:\/\/correiosulgoiano.com.br\/wp-content\/uploads\/2015\/06\/Colegio-Dom-Pedro-01.jpg 605w, https:\/\/correiosulgoiano.com.br\/wp-content\/uploads\/2015\/06\/Colegio-Dom-Pedro-01-300x169.jpg 300w\" sizes=\"(max-width: 587px) 100vw, 587px\" \/><\/a><\/p>\n<p><span style=\"font-size: 12pt; font-family: Verdana, Geneva, sans-serif; color: #000000;\">(Informa\u00e7\u00f5es e fotos do rep\u00f3rter Den\u00edlson Vieira, do Jornal Serra de Caldas)<\/span><\/p>\n<p><a href=\"https:\/\/correiosulgoiano.com.br\/wp-content\/uploads\/2015\/06\/Celeiro-Site-Novo-01.jpg\"><img loading=\"lazy\" class=\"alignnone  wp-image-2335\" src=\"https:\/\/correiosulgoiano.com.br\/wp-content\/uploads\/2015\/06\/Celeiro-Site-Novo-01.jpg\" alt=\"Celeiro Site Novo - 01\" width=\"482\" height=\"163\" srcset=\"https:\/\/correiosulgoiano.com.br\/wp-content\/uploads\/2015\/06\/Celeiro-Site-Novo-01.jpg 792w, https:\/\/correiosulgoiano.com.br\/wp-content\/uploads\/2015\/06\/Celeiro-Site-Novo-01-300x102.jpg 300w\" sizes=\"(max-width: 482px) 100vw, 482px\" \/><\/a><\/p>\n<p><a href=\"https:\/\/correiosulgoiano.com.br\/wp-content\/uploads\/2015\/06\/Mercotintas-Banner-Site-01.jpg\"><img loading=\"lazy\" class=\"alignnone  wp-image-2351\" src=\"https:\/\/correiosulgoiano.com.br\/wp-content\/uploads\/2015\/06\/Mercotintas-Banner-Site-01.jpg\" alt=\"Mercotintas Banner Site - 01\" width=\"987\" height=\"123\" srcset=\"https:\/\/correiosulgoiano.com.br\/wp-content\/uploads\/2015\/06\/Mercotintas-Banner-Site-01.jpg 1172w, https:\/\/correiosulgoiano.com.br\/wp-content\/uploads\/2015\/06\/Mercotintas-Banner-Site-01-300x37.jpg 300w, https:\/\/correiosulgoiano.com.br\/wp-content\/uploads\/2015\/06\/Mercotintas-Banner-Site-01-1024x128.jpg 1024w\" sizes=\"(max-width: 987px) 100vw, 987px\" \/><\/a><\/p>\n","protected":false},"excerpt":{"rendered":"<p>Leandra Vaz de Melo, da subsecretaria regional da educa\u00e7\u00e3o, em Morrinhos, nos enviou esclarecimentos a respeito do inc\u00eandio ocorrido no Col\u00e9gio Estadual Dom Pedro II, de Caldas Novas,\u00a0na madrugada de sexta-feira, dia 26 de junho. Diz a nota: A subsecret\u00e1ria regional de educa\u00e7\u00e3o de morrinhos, professora Cleide Mara Ribeiro Souza, passou a semana entre 22 &#8230;<\/p>\n","protected":false},"author":1,"featured_media":2352,"comment_status":"open","ping_status":"open","sticky":false,"template":"","format":"standard","meta":{"spay_email":"","jetpack_publicize_message":""},"categories":[46,51],"tags":[94,590,141,54,369,224],"jetpack_featured_media_url":"https:\/\/correiosulgoiano.com.br\/wp-content\/uploads\/2015\/06\/Colegio-Dom-Pedro-04.jpg","jetpack_publicize_connections":[],"_links":{"self":[{"href":"https:\/\/correiosulgoiano.com.br\/index.php?rest_route=\/wp\/v2\/posts\/2350"}],"collection":[{"href":"https:\/\/correiosulgoiano.com.br\/index.php?rest_route=\/wp\/v2\/posts"}],"about":[{"href":"https:\/\/correiosulgoiano.com.br\/index.php?rest_route=\/wp\/v2\/types\/post"}],"author":[{"embeddable":true,"href":"https:\/\/correiosulgoiano.com.br\/index.php?rest_route=\/wp\/v2\/users\/1"}],"replies":[{"embeddable":true,"href":"https:\/\/correiosulgoiano.com.br\/index.php?rest_route=%2Fwp%2Fv2%2Fcomments&post=2350"}],"version-history":[{"count":3,"href":"https:\/\/correiosulgoiano.com.br\/index.php?rest_route=\/wp\/v2\/posts\/2350\/revisions"}],"predecessor-version":[{"id":2363,"href":"https:\/\/correiosulgoiano.com.br\/index.php?rest_route=\/wp\/v2\/posts\/2350\/revisions\/2363"}],"wp:featuredmedia":[{"embeddable":true,"href":"https:\/\/correiosulgoiano.com.br\/index.php?rest_route=\/wp\/v2\/media\/2352"}],"wp:attachment":[{"href":"https:\/\/correiosulgoiano.com.br\/index.php?rest_route=%2Fwp%2Fv2%2Fmedia&parent=2350"}],"wp:term":[{"taxonomy":"category","embeddable":true,"href":"https:\/\/correiosulgoiano.com.br\/index.php?rest_route=%2Fwp%2Fv2%2Fcategories&post=2350"},{"taxonomy":"post_tag","embeddable":true,"href":"https:\/\/correiosulgoiano.com.br\/index.php?rest_route=%2Fwp%2Fv2%2Ftags&post=2350"}],"curies":[{"name":"wp","href":"https:\/\/api.w.org\/{rel}","templated":true}]}}