{"id":2364,"date":"2015-06-28T03:36:39","date_gmt":"2015-06-28T03:36:39","guid":{"rendered":"https:\/\/correiosulgoiano.com.br\/?p=2364"},"modified":"2015-06-28T03:50:20","modified_gmt":"2015-06-28T03:50:20","slug":"range-rover-saiba-mais-sobre-o-carro-de-cristiano-araujo-usado-no-dia-do-acidente","status":"publish","type":"post","link":"https:\/\/correiosulgoiano.com.br\/?p=2364","title":{"rendered":"Range Rover: Saiba mais sobre o carro de Cristiano Ara\u00fajo, usado no dia do acidente"},"content":{"rendered":"<p><span style=\"font-size: 14pt; font-family: Verdana, Geneva, sans-serif; color: #000000;\">Range Rover Sport \u00e9 um carro de 408 mil reais, fabricado pela montadora inglesa Land Rover. \u00c9 um dos mais seguros e modernos e era o carro utilizado pelo cantor Cristiano Ara\u00fajo, quando sofreu acidente que tirou sua vida, no munic\u00edpio de Morrinhos, Goi\u00e1s.<\/span><\/p>\n<p><a href=\"https:\/\/correiosulgoiano.com.br\/wp-content\/uploads\/2015\/06\/range-4.jpg\"><img loading=\"lazy\" class=\"alignnone  wp-image-2367\" src=\"https:\/\/correiosulgoiano.com.br\/wp-content\/uploads\/2015\/06\/range-4.jpg\" alt=\"range 4\" width=\"527\" height=\"395\" srcset=\"https:\/\/correiosulgoiano.com.br\/wp-content\/uploads\/2015\/06\/range-4.jpg 620w, https:\/\/correiosulgoiano.com.br\/wp-content\/uploads\/2015\/06\/range-4-300x225.jpg 300w\" sizes=\"(max-width: 527px) 100vw, 527px\" \/><\/a><\/p>\n<p><span style=\"font-size: 14pt; font-family: Verdana, Geneva, sans-serif; color: #000000;\">O site G1 publicou em sua sess\u00e3o Auto Esporte uma mat\u00e9ria que apresenta este ve\u00edculo ao p\u00fablico. Veja, abaixo:<\/span><\/p>\n<p><span style=\"font-size: 14pt; font-family: Verdana, Geneva, sans-serif; color: #000000;\">O Range Rover \u00e9 produzido no exterior pela marca inglesa Land Rover e importado para o Brasil.<\/span><\/p>\n<p><span style=\"font-size: 14pt; font-family: Verdana, Geneva, sans-serif; color: #000000;\">O modelo \u00e9 comercializado em 4 vers\u00f5es: SE, HSE, Autobiography Dynamic e SVR, cujos motores variam de 3.0 litros a 5.0 litros, com pot\u00eancias entre 292 cavalos e 550 cv.<\/span><\/p>\n<p><a href=\"https:\/\/correiosulgoiano.com.br\/wp-content\/uploads\/2015\/06\/range-3.jpg\"><img loading=\"lazy\" class=\"alignnone  wp-image-2368\" src=\"https:\/\/correiosulgoiano.com.br\/wp-content\/uploads\/2015\/06\/range-3.jpg\" alt=\"range 3\" width=\"528\" height=\"396\" srcset=\"https:\/\/correiosulgoiano.com.br\/wp-content\/uploads\/2015\/06\/range-3.jpg 620w, https:\/\/correiosulgoiano.com.br\/wp-content\/uploads\/2015\/06\/range-3-300x225.jpg 300w\" sizes=\"(max-width: 528px) 100vw, 528px\" \/><\/a><\/p>\n<p><span style=\"font-size: 14pt; font-family: Verdana, Geneva, sans-serif; color: #000000;\">A vers\u00e3o usada por Cristiano Ara\u00fajo \u00e9 a intermedi\u00e1ria HSE a diesel, que custa R$ 408.900,00 na tabela de junho. Ela \u00e9 equipada com motor 3.0 V6 diesel oferecida com 292 cv.<\/span><\/p>\n<p><span style=\"font-size: 14pt; font-family: Verdana, Geneva, sans-serif; color: #000000;\">A velocidade m\u00e1xima \u00e9 de 210 km\/h e o carro acelera de 0 a 100 km\/h em 7,2 segundos, de acordo com informa\u00e7\u00f5es do site da Land Rover.\u00a0O c\u00e2mbio \u00e9 autom\u00e1tico de 8 marchas.<\/span><\/p>\n<p><a href=\"https:\/\/correiosulgoiano.com.br\/wp-content\/uploads\/2015\/06\/range-1.jpg\"><img loading=\"lazy\" class=\"alignnone  wp-image-2369\" src=\"https:\/\/correiosulgoiano.com.br\/wp-content\/uploads\/2015\/06\/range-1.jpg\" alt=\"range 1\" width=\"534\" height=\"619\" srcset=\"https:\/\/correiosulgoiano.com.br\/wp-content\/uploads\/2015\/06\/range-1.jpg 620w, https:\/\/correiosulgoiano.com.br\/wp-content\/uploads\/2015\/06\/range-1-259x300.jpg 259w\" sizes=\"(max-width: 534px) 100vw, 534px\" \/><\/a><\/p>\n<p><span style=\"font-size: 14pt; font-family: Verdana, Geneva, sans-serif; color: #000000;\"><strong>Equipamentos de seguran\u00e7a<\/strong><\/span><br \/>\n<span style=\"font-size: 14pt; font-family: Verdana, Geneva, sans-serif; color: #000000;\">Fotos do acidente\u00a0mostram airbags frontais e laterais abertos: al\u00e9m de 2 airbags frontais obrigat\u00f3rios por lei para carros fabricados a partir de 2014, o carro possui, de s\u00e9rie, outros 5 airbags, incluindo os laterais, que ajudam na prote\u00e7\u00e3o dos ocupantes do banco traseiro.<\/span><\/p>\n<p><span style=\"font-size: 14pt; font-family: Verdana, Geneva, sans-serif; color: #000000;\">Al\u00e9m dos airbags e do freio ABS, que impede o travamento das rodas e tamb\u00e9m \u00e9 exigido por lei para carros no Brasil desde 2014, ele possui outros itens de seguran\u00e7a como:<\/span><br \/>\n<span style=\"font-size: 14pt; font-family: Verdana, Geneva, sans-serif; color: #000000;\">&#8211; distribui\u00e7\u00e3o eletr\u00f4nica da for\u00e7a de frenagem;<\/span><br \/>\n<span style=\"font-size: 14pt; font-family: Verdana, Geneva, sans-serif; color: #000000;\">&#8211; assistente de frenagem de emerg\u00eancia;<\/span><br \/>\n<span style=\"font-size: 14pt; font-family: Verdana, Geneva, sans-serif; color: #000000;\">&#8211; assistente de frenagem em curvas:<\/span><br \/>\n<span style=\"font-size: 14pt; font-family: Verdana, Geneva, sans-serif; color: #000000;\">&#8211; controle de estabilidade<\/span><br \/>\n<span style=\"font-size: 14pt; font-family: Verdana, Geneva, sans-serif; color: #000000;\">&#8211; controle de tra\u00e7\u00e3o<\/span><\/p>\n<p><span style=\"font-size: 14pt; font-family: Verdana, Geneva, sans-serif; color: #000000;\"><strong>Suspeita de que n\u00e3o usavam cinto<\/strong><\/span><br \/>\n<span style=\"font-size: 14pt; font-family: Verdana, Geneva, sans-serif; color: #000000;\">A pol\u00edcia investiga ind\u00edcios de que Cristiano e a namorada dele, Allana Moraes Coelho, que tamb\u00e9m morreu no acidente, estavam sem o cinto de seguran\u00e7a, no banco de tr\u00e1s.<\/span><\/p>\n<p><span style=\"font-size: 14pt; font-family: Verdana, Geneva, sans-serif; color: #000000;\">O carro saiu da pista e capotou, mas o que motivou o acidente ainda n\u00e3o foi esclarecido.<\/span><\/p>\n<p><span style=\"font-size: 14pt; font-family: Verdana, Geneva, sans-serif; color: #000000;\">Os ocupantes dos bancos da frente, o motorista e o empres\u00e1rio do cantor, tiveram apenas ferimentos leves.<\/span><\/p>\n<p><span style=\"font-size: 14pt; font-family: Verdana, Geneva, sans-serif; color: #000000;\">\u201cO cantor e a namorada foram arremessados para fora do ve\u00edculo, sendo assim, os ind\u00edcios apontam que eles n\u00e3o usavam o cinto de seguran\u00e7a. Mas isso s\u00f3 ser\u00e1 comprovado com o resultado dos laudos\u201d, afirmou delegado Fabiano Henrique Jacomelis, respons\u00e1vel pelo caso.<\/span><\/p>\n<p><a href=\"https:\/\/correiosulgoiano.com.br\/wp-content\/uploads\/2015\/06\/range-6.jpg\"><img loading=\"lazy\" class=\"alignnone  wp-image-2370\" src=\"https:\/\/correiosulgoiano.com.br\/wp-content\/uploads\/2015\/06\/range-6.jpg\" alt=\"range 6\" width=\"518\" height=\"389\" srcset=\"https:\/\/correiosulgoiano.com.br\/wp-content\/uploads\/2015\/06\/range-6.jpg 620w, https:\/\/correiosulgoiano.com.br\/wp-content\/uploads\/2015\/06\/range-6-300x225.jpg 300w\" sizes=\"(max-width: 518px) 100vw, 518px\" \/><\/a><\/p>\n<p><span style=\"font-size: 14pt; font-family: Verdana, Geneva, sans-serif; color: #000000;\">Especialistas em seguran\u00e7a ouvidos pelo <strong>G1<\/strong> dizem que nem o airbag nem outras tecnologias se sobrep\u00f5em \u00e0 necessidade do uso de cinto de seguran\u00e7a. Eles destacam ainda que, pelas fotos divulgadas sobre o acidente, houve pouca destrui\u00e7\u00e3o da estrutura do carro.<\/span><\/p>\n<p><span style=\"font-size: 14pt; font-family: Verdana, Geneva, sans-serif; color: #000000;\">&#8220;A frente aparece destru\u00edda porque esta \u00e9 a fun\u00e7\u00e3o dela: absorver impactos&#8221;, diz Marcus Vinicius Aguiar, diretor de Seguran\u00e7a e Qualidade do Produto da Associa\u00e7\u00e3o Brasileira de Engenharia Automotiva (AEA). &#8220;Mas a estrutura do carro, aparentemente, est\u00e1 integra.&#8221;<\/span><\/p>\n<p><a href=\"https:\/\/correiosulgoiano.com.br\/wp-content\/uploads\/2015\/06\/Celeiro-Site-Novo-01.jpg\"><img loading=\"lazy\" class=\"alignnone  wp-image-2335\" src=\"https:\/\/correiosulgoiano.com.br\/wp-content\/uploads\/2015\/06\/Celeiro-Site-Novo-01.jpg\" alt=\"Celeiro Site Novo - 01\" width=\"485\" height=\"164\" srcset=\"https:\/\/correiosulgoiano.com.br\/wp-content\/uploads\/2015\/06\/Celeiro-Site-Novo-01.jpg 792w, https:\/\/correiosulgoiano.com.br\/wp-content\/uploads\/2015\/06\/Celeiro-Site-Novo-01-300x102.jpg 300w\" sizes=\"(max-width: 485px) 100vw, 485px\" \/><\/a><\/p>\n<p><a href=\"https:\/\/correiosulgoiano.com.br\/wp-content\/uploads\/2015\/06\/Mercotintas-Banner-Site-01.jpg\"><img loading=\"lazy\" class=\"alignnone  wp-image-2351\" src=\"https:\/\/correiosulgoiano.com.br\/wp-content\/uploads\/2015\/06\/Mercotintas-Banner-Site-01.jpg\" alt=\"Mercotintas Banner Site - 01\" width=\"971\" height=\"121\" srcset=\"https:\/\/correiosulgoiano.com.br\/wp-content\/uploads\/2015\/06\/Mercotintas-Banner-Site-01.jpg 1172w, https:\/\/correiosulgoiano.com.br\/wp-content\/uploads\/2015\/06\/Mercotintas-Banner-Site-01-300x37.jpg 300w, https:\/\/correiosulgoiano.com.br\/wp-content\/uploads\/2015\/06\/Mercotintas-Banner-Site-01-1024x128.jpg 1024w\" sizes=\"(max-width: 971px) 100vw, 971px\" \/><\/a><\/p>\n","protected":false},"excerpt":{"rendered":"<p>Range Rover Sport \u00e9 um carro de 408 mil reais, fabricado pela montadora inglesa Land Rover. \u00c9 um dos mais seguros e modernos e era o carro utilizado pelo cantor Cristiano Ara\u00fajo, quando sofreu acidente que tirou sua vida, no munic\u00edpio de Morrinhos, Goi\u00e1s. O site G1 publicou em sua sess\u00e3o Auto Esporte uma mat\u00e9ria &#8230;<\/p>\n","protected":false},"author":1,"featured_media":2366,"comment_status":"open","ping_status":"open","sticky":false,"template":"","format":"standard","meta":{"spay_email":"","jetpack_publicize_message":""},"categories":[50,52],"tags":[55,115,54,595,224,594],"jetpack_featured_media_url":"https:\/\/correiosulgoiano.com.br\/wp-content\/uploads\/2015\/06\/range-2.jpg","jetpack_publicize_connections":[],"_links":{"self":[{"href":"https:\/\/correiosulgoiano.com.br\/index.php?rest_route=\/wp\/v2\/posts\/2364"}],"collection":[{"href":"https:\/\/correiosulgoiano.com.br\/index.php?rest_route=\/wp\/v2\/posts"}],"about":[{"href":"https:\/\/correiosulgoiano.com.br\/index.php?rest_route=\/wp\/v2\/types\/post"}],"author":[{"embeddable":true,"href":"https:\/\/correiosulgoiano.com.br\/index.php?rest_route=\/wp\/v2\/users\/1"}],"replies":[{"embeddable":true,"href":"https:\/\/correiosulgoiano.com.br\/index.php?rest_route=%2Fwp%2Fv2%2Fcomments&post=2364"}],"version-history":[{"count":4,"href":"https:\/\/correiosulgoiano.com.br\/index.php?rest_route=\/wp\/v2\/posts\/2364\/revisions"}],"predecessor-version":[{"id":2374,"href":"https:\/\/correiosulgoiano.com.br\/index.php?rest_route=\/wp\/v2\/posts\/2364\/revisions\/2374"}],"wp:featuredmedia":[{"embeddable":true,"href":"https:\/\/correiosulgoiano.com.br\/index.php?rest_route=\/wp\/v2\/media\/2366"}],"wp:attachment":[{"href":"https:\/\/correiosulgoiano.com.br\/index.php?rest_route=%2Fwp%2Fv2%2Fmedia&parent=2364"}],"wp:term":[{"taxonomy":"category","embeddable":true,"href":"https:\/\/correiosulgoiano.com.br\/index.php?rest_route=%2Fwp%2Fv2%2Fcategories&post=2364"},{"taxonomy":"post_tag","embeddable":true,"href":"https:\/\/correiosulgoiano.com.br\/index.php?rest_route=%2Fwp%2Fv2%2Ftags&post=2364"}],"curies":[{"name":"wp","href":"https:\/\/api.w.org\/{rel}","templated":true}]}}