{"id":2375,"date":"2015-06-28T13:20:51","date_gmt":"2015-06-28T13:20:51","guid":{"rendered":"https:\/\/correiosulgoiano.com.br\/?p=2375"},"modified":"2015-06-29T03:31:26","modified_gmt":"2015-06-29T03:31:26","slug":"domingo-amanhece-lindo-em-morrinhos-ceu-de-inverno-com-poucas-nuvens","status":"publish","type":"post","link":"https:\/\/correiosulgoiano.com.br\/?p=2375","title":{"rendered":"Domingo amanhece lindo em Morrinhos. C\u00e9u de inverno, com poucas nuvens"},"content":{"rendered":"<p><span style=\"font-family: Verdana, Geneva, sans-serif; font-size: 14pt; color: #000000;\">Mais uma vez, amanheceu lindo o c\u00e9u sobre Morrinhos. O domingo 28 de junho tem c\u00e9u aberto, com pouqu\u00edssimas nuvens e o lindo azul desce como um manto sobre a Cidade dos Pomares, a Atenas de Goi\u00e1s.<\/span><\/p>\n<p><span style=\"font-family: Verdana, Geneva, sans-serif; font-size: 14pt; color: #000000;\">\u00c9 a Esta\u00e7\u00e3o Inverno, que come\u00e7ou \u00e0s\u00a013h38 do dia\u00a021 de junho, e terminar\u00e1 dia\u00a023 de setembro, com o equin\u00f3cio da Primavera.<\/span><\/p>\n<p><span style=\"font-family: Verdana, Geneva, sans-serif; font-size: 14pt; color: #000000;\">Portanto, o\u00a0inverno\u00a0\u00e9 a esta\u00e7\u00e3o que antecede da\u00a0primavera\u00a0e sucede o outono.<\/span><\/p>\n<p><span style=\"font-family: Verdana, Geneva, sans-serif; font-size: 14pt; color: #000000;\">No Hemisf\u00e9rio Sul, onde estamos o Inverno \u00e9 caracterizado pelas temperaturas baixas,\u00a0os dias mais curtos e noites mais longas.<\/span><\/p>\n<p><span style=\"font-size: 14pt; font-family: Verdana, Geneva, sans-serif; color: #000000;\">Aqui, no centro oeste, onde est\u00e1 Morrinhos, os meses de julho e agosto s\u00e3o marcados por alguns dias mais frios que outros, com a temperatura caindo de forma repentina. <\/span><\/p>\n<p><span style=\"font-size: 14pt; font-family: Verdana, Geneva, sans-serif; color: #000000;\">Podemos estar num dia de sol e calor, e \u00e0 noite termos a chegada de um frio fora do comum para esta regi\u00e3o.<\/span><\/p>\n<p><span style=\"font-size: 14pt; font-family: Verdana, Geneva, sans-serif; color: #000000;\">Madrugadas e noites frias, e dias com sol e vento frio marcam este in\u00edcio de ver\u00e3o, em Morrinhos, neste 2015.<\/span><\/p>\n<p><span style=\"font-family: Verdana, Geneva, sans-serif; font-size: 14pt; color: #000000;\">As regi\u00f5es\u00a0sudeste\u00a0e\u00a0sul\u00a0do Brasil s\u00e3o as mais afetadas com caracter\u00edsticas bem t\u00edpicas do inverno, sendo o restante do Brasil marcado por temperaturas mais equilibradas, com pouca varia\u00e7\u00e3o t\u00e9rmica.<\/span><\/p>\n<p><a href=\"https:\/\/correiosulgoiano.com.br\/wp-content\/uploads\/2015\/06\/Cristo-Site-02.jpg\"><img loading=\"lazy\" class=\"alignnone  wp-image-2380\" src=\"https:\/\/correiosulgoiano.com.br\/wp-content\/uploads\/2015\/06\/Cristo-Site-02.jpg\" alt=\"Cristo Site - 02\" width=\"591\" height=\"333\" srcset=\"https:\/\/correiosulgoiano.com.br\/wp-content\/uploads\/2015\/06\/Cristo-Site-02.jpg 778w, https:\/\/correiosulgoiano.com.br\/wp-content\/uploads\/2015\/06\/Cristo-Site-02-300x169.jpg 300w\" sizes=\"(max-width: 591px) 100vw, 591px\" \/><\/a><\/p>\n<p><span style=\"color: #ff0000;\"><strong><span style=\"font-family: Verdana, Geneva, sans-serif; font-size: 14pt;\">SOLST\u00cdCIO DE INVERNO 2015<\/span><\/strong><\/span><\/p>\n<p><span style=\"font-family: Verdana, Geneva, sans-serif; font-size: 14pt; color: #000000;\">O\u00a0come\u00e7o do inverno\u00a0\u00e9 marcado pelo evento astron\u00f4mico conhecido por\u00a0Solst\u00edcio de Inverno, ou seja, o per\u00edodo em que o Hemisf\u00e9rio Norte est\u00e1 mais inclinado em dire\u00e7\u00e3o do sol.<\/span><\/p>\n<p><span style=\"font-family: Verdana, Geneva, sans-serif; font-size: 14pt; color: #000000;\">Em 2015, o solst\u00edcio de inverno aconteceu exatamente \u00e0s 13h38\u00a0do dia 21\/06. <\/span><\/p>\n<p><span style=\"font-family: Verdana, Geneva, sans-serif; font-size: 14pt; color: #000000;\">Enquanto acontece o solst\u00edcio de inverno, aqui no Hemisf\u00e9rio Sul, h\u00e1 tamb\u00e9m o solst\u00edcio de ver\u00e3o no Hemisf\u00e9rio Norte, marcando o come\u00e7o da esta\u00e7\u00e3o mais quente do ano nos pa\u00edses que ficam acima da linha do equador.<\/span><\/p>\n<p><a href=\"https:\/\/correiosulgoiano.com.br\/wp-content\/uploads\/2015\/06\/Cristo-Site-01.jpg\"><img loading=\"lazy\" class=\"alignnone  wp-image-2376\" src=\"https:\/\/correiosulgoiano.com.br\/wp-content\/uploads\/2015\/06\/Cristo-Site-01.jpg\" alt=\"Cristo Site - 01\" width=\"591\" height=\"333\" srcset=\"https:\/\/correiosulgoiano.com.br\/wp-content\/uploads\/2015\/06\/Cristo-Site-01.jpg 778w, https:\/\/correiosulgoiano.com.br\/wp-content\/uploads\/2015\/06\/Cristo-Site-01-300x169.jpg 300w\" sizes=\"(max-width: 591px) 100vw, 591px\" \/><\/a><\/p>\n<p><span style=\"color: #ff0000;\"><strong><span style=\"font-family: Verdana, Geneva, sans-serif; font-size: 14pt;\">EQUIN\u00d3CIO DE SETEMBRO &#8211; FIM DO INVERNO NO BRASIL<\/span><\/strong><\/span><\/p>\n<p><span style=\"font-family: Verdana, Geneva, sans-serif; font-size: 14pt; color: #000000;\">O\u00a0fim do inverno\u00a0\u00e9 tamb\u00e9m marcado por outro fen\u00f4meno astron\u00f4mico: o\u00a0Equin\u00f3cio de setembro, per\u00edodo quando o sol incide com maior intensidade nas regi\u00f5es pr\u00f3ximas \u00e0 linha do Equador.<\/span><\/p>\n<p><span style=\"font-family: Verdana, Geneva, sans-serif; font-size: 14pt; color: #000000;\">No Brasil e em todo o hemisf\u00e9rio Sul, neste ano, o equin\u00f3cio acontecer\u00e1 no dia\u00a023 de setembro, marcando o fim do Inverno e o come\u00e7o da Primavera.<\/span><\/p>\n<p><span style=\"font-family: Verdana, Geneva, sans-serif; font-size: 14pt; color: #000000;\">No\u00a0equin\u00f3cio, o dia tem a\u00a0mesma dura\u00e7\u00e3o no hemisf\u00e9rio Norte e no hemisf\u00e9rio Sul.<\/span><\/p>\n<p><span style=\"font-family: Verdana, Geneva, sans-serif; font-size: 14pt; color: #000000;\"><span style=\"font-size: 12pt;\">(Da reda\u00e7\u00e3o, por Leonardo Costa. Fotos: Leonardo Costa. Fonte:\u00a0http:\/\/www.calendarr.com\/brasil\/inicio-do-inverno\/)<\/span><\/span><\/p>\n<p><a href=\"https:\/\/correiosulgoiano.com.br\/wp-content\/uploads\/2015\/06\/Celeiro-Site-Novo-01.jpg\"><img loading=\"lazy\" class=\"alignnone  wp-image-2335\" src=\"https:\/\/correiosulgoiano.com.br\/wp-content\/uploads\/2015\/06\/Celeiro-Site-Novo-01.jpg\" alt=\"Celeiro Site Novo - 01\" width=\"511\" height=\"173\" srcset=\"https:\/\/correiosulgoiano.com.br\/wp-content\/uploads\/2015\/06\/Celeiro-Site-Novo-01.jpg 792w, https:\/\/correiosulgoiano.com.br\/wp-content\/uploads\/2015\/06\/Celeiro-Site-Novo-01-300x102.jpg 300w\" sizes=\"(max-width: 511px) 100vw, 511px\" \/><\/a><\/p>\n<p><a href=\"https:\/\/correiosulgoiano.com.br\/wp-content\/uploads\/2015\/06\/Mercotintas-Banner-Site-01.jpg\"><img loading=\"lazy\" class=\"alignnone  wp-image-2351\" src=\"https:\/\/correiosulgoiano.com.br\/wp-content\/uploads\/2015\/06\/Mercotintas-Banner-Site-01.jpg\" alt=\"Mercotintas Banner Site - 01\" width=\"971\" height=\"121\" srcset=\"https:\/\/correiosulgoiano.com.br\/wp-content\/uploads\/2015\/06\/Mercotintas-Banner-Site-01.jpg 1172w, https:\/\/correiosulgoiano.com.br\/wp-content\/uploads\/2015\/06\/Mercotintas-Banner-Site-01-300x37.jpg 300w, https:\/\/correiosulgoiano.com.br\/wp-content\/uploads\/2015\/06\/Mercotintas-Banner-Site-01-1024x128.jpg 1024w\" sizes=\"(max-width: 971px) 100vw, 971px\" \/><\/a><\/p>\n","protected":false},"excerpt":{"rendered":"<p>Mais uma vez, amanheceu lindo o c\u00e9u sobre Morrinhos. O domingo 28 de junho tem c\u00e9u aberto, com pouqu\u00edssimas nuvens e o lindo azul desce como um manto sobre a Cidade dos Pomares, a Atenas de Goi\u00e1s. \u00c9 a Esta\u00e7\u00e3o Inverno, que come\u00e7ou \u00e0s\u00a013h38 do dia\u00a021 de junho, e terminar\u00e1 dia\u00a023 de setembro, com o &#8230;<\/p>\n","protected":false},"author":1,"featured_media":2378,"comment_status":"open","ping_status":"open","sticky":false,"template":"","format":"standard","meta":{"spay_email":"","jetpack_publicize_message":""},"categories":[52,1],"tags":[55,596,54,224],"jetpack_featured_media_url":"https:\/\/correiosulgoiano.com.br\/wp-content\/uploads\/2015\/06\/Cristo-Site-03.jpg","jetpack_publicize_connections":[],"_links":{"self":[{"href":"https:\/\/correiosulgoiano.com.br\/index.php?rest_route=\/wp\/v2\/posts\/2375"}],"collection":[{"href":"https:\/\/correiosulgoiano.com.br\/index.php?rest_route=\/wp\/v2\/posts"}],"about":[{"href":"https:\/\/correiosulgoiano.com.br\/index.php?rest_route=\/wp\/v2\/types\/post"}],"author":[{"embeddable":true,"href":"https:\/\/correiosulgoiano.com.br\/index.php?rest_route=\/wp\/v2\/users\/1"}],"replies":[{"embeddable":true,"href":"https:\/\/correiosulgoiano.com.br\/index.php?rest_route=%2Fwp%2Fv2%2Fcomments&post=2375"}],"version-history":[{"count":4,"href":"https:\/\/correiosulgoiano.com.br\/index.php?rest_route=\/wp\/v2\/posts\/2375\/revisions"}],"predecessor-version":[{"id":2399,"href":"https:\/\/correiosulgoiano.com.br\/index.php?rest_route=\/wp\/v2\/posts\/2375\/revisions\/2399"}],"wp:featuredmedia":[{"embeddable":true,"href":"https:\/\/correiosulgoiano.com.br\/index.php?rest_route=\/wp\/v2\/media\/2378"}],"wp:attachment":[{"href":"https:\/\/correiosulgoiano.com.br\/index.php?rest_route=%2Fwp%2Fv2%2Fmedia&parent=2375"}],"wp:term":[{"taxonomy":"category","embeddable":true,"href":"https:\/\/correiosulgoiano.com.br\/index.php?rest_route=%2Fwp%2Fv2%2Fcategories&post=2375"},{"taxonomy":"post_tag","embeddable":true,"href":"https:\/\/correiosulgoiano.com.br\/index.php?rest_route=%2Fwp%2Fv2%2Ftags&post=2375"}],"curies":[{"name":"wp","href":"https:\/\/api.w.org\/{rel}","templated":true}]}}