{"id":2401,"date":"2015-07-14T00:21:37","date_gmt":"2015-07-14T00:21:37","guid":{"rendered":"https:\/\/correiosulgoiano.com.br\/?p=2401"},"modified":"2015-07-14T09:32:50","modified_gmt":"2015-07-14T09:32:50","slug":"cristiano-araujo-carro-poderia-estar-a-160-kmh-na-hora-do-acidente","status":"publish","type":"post","link":"https:\/\/correiosulgoiano.com.br\/?p=2401","title":{"rendered":"Leitura de dados do computador de bordo poder\u00e1 ajudar pol\u00edcia???"},"content":{"rendered":"<p><span style=\"font-size: 14pt; font-family: Verdana, Geneva, sans-serif; color: #000000;\">O delegado Fabiano Jacomellis segue aguardando informa\u00e7\u00f5es t\u00e9cnicas da montadora inglesa Land Rover, fabricante do ve\u00edculo Range Rover Sport HSE SD V6, no qual se acidentou o cantor Cristiano Ara\u00fajo, no munic\u00edpio de Morrinhos, na madrugada do dia 24 de junho.\u00a0<span style=\"font-family: 'Times New Roman', Times, serif; font-size: 12pt;\">Publicado na ter\u00e7a-feira, 14 de Julho de 2015<\/span><\/span><\/p>\n<p><span style=\"font-size: 14pt; font-family: Verdana, Geneva, sans-serif; color: #000000;\">Na segunda-feira, 6 de julho foi realizada a retirada dos dados da &#8220;caixa preta&#8221; do carro do cantor.<\/span><\/p>\n<p><span style=\"font-size: 14pt; font-family: Verdana, Geneva, sans-serif; color: #000000;\">Todas as informa\u00e7\u00f5es t\u00e9cnicas poss\u00edveis de ser extra\u00eddas foram retiradas do equipamento, na cidade de S\u00e3o Paulo sob a supervis\u00e3o de autoridades, entre elas, o delegado titular de Morrinhos, que preside o inqu\u00e9rito.<\/span><\/p>\n<p><span style=\"font-size: 14pt; font-family: Verdana, Geneva, sans-serif; color: #000000;\">Todas essas informa\u00e7\u00f5es foram enviadas \u00e0 sede da montadora na Inglaterra. L\u00e1 os t\u00e9cnicos ingleses far\u00e3o a an\u00e1lise e interpreta\u00e7\u00e3o dos dados t\u00e9cnicos registrados no aparelho e produzir\u00e3o um laudo.<\/span><\/p>\n<p><span style=\"font-size: 14pt; font-family: Verdana, Geneva, sans-serif; color: #000000;\">Tais informa\u00e7\u00f5es ser\u00e3o cruzadas com outras e tudo isso poder\u00e1 ajudar o delegado a definir o que realmente causou o acidente fatal. N\u00e3o existe ainda uma previs\u00e3o de quando este laudo ser\u00e1 produzido e enviado ao delegado morrinhense.<\/span><\/p>\n<p><span style=\"font-size: 14pt; font-family: Verdana, Geneva, sans-serif; color: #000000;\">Espera-se que a Land Rover consiga informar qual a real velocidade em que o ve\u00edculo trafegava no momento do acidente, se os freios foram acionados pelo condutor, ou outra informa\u00e7\u00e3o que possa corroborar com estouro, ou qualquer problema em algum pneu ou roda do carro.<\/span><\/p>\n<p><span style=\"font-size: 14pt; font-family: Verdana, Geneva, sans-serif; color: #000000;\">Em depoimento o motorista do carro e o empres\u00e1rio, que sobreviveram ao acidente relataram que um dos pneus traseiros estourou. Isso poderia ter provocado a sa\u00edda de pista e capotamento.<\/span><\/p>\n<p><span style=\"font-size: 14pt; font-family: Verdana, Geneva, sans-serif; color: #000000;\">O delegado segue analisando todas as informa\u00e7\u00f5es que colheu para produzir o relat\u00f3rio final do inqu\u00e9rito que preside desde o dia da morte do cantor. (Da reda\u00e7\u00e3o, por Leonardo Costa &#8211; Ter\u00e7a-feira, 14 de julho, 2015)<\/span><\/p>\n<p><a href=\"https:\/\/correiosulgoiano.com.br\/wp-content\/uploads\/2015\/06\/Range-Site-011.jpg\"><img loading=\"lazy\" class=\"alignnone  wp-image-2653\" src=\"https:\/\/correiosulgoiano.com.br\/wp-content\/uploads\/2015\/06\/Range-Site-011.jpg\" alt=\"Range Site - 01\" width=\"641\" height=\"361\" srcset=\"https:\/\/correiosulgoiano.com.br\/wp-content\/uploads\/2015\/06\/Range-Site-011.jpg 819w, https:\/\/correiosulgoiano.com.br\/wp-content\/uploads\/2015\/06\/Range-Site-011-300x169.jpg 300w\" sizes=\"(max-width: 641px) 100vw, 641px\" \/><\/a><\/p>\n<p><span style=\"color: #ff0000; font-family: 'Times New Roman', Times, serif; font-size: 12pt;\">Veja tamb\u00e9m<\/span><\/p>\n<p><span style=\"color: #ff0000;\"><strong><span style=\"font-size: 14pt; font-family: Verdana, Geneva, sans-serif;\">DELEGADO OUVE SOBREVIVENTES DO ACIDENTE<\/span><\/strong><\/span><\/p>\n<p><span style=\"font-family: 'Times New Roman', Times, serif; font-size: 12pt; color: #000000;\">Publicado na segunda-feira, 29 de Junho de 2015<\/span><\/p>\n<p><span style=\"font-size: 14pt; font-family: Verdana, Geneva, sans-serif; color: #000000;\">Na tarde de segunda-feira, 29\/06, o delegado de Pol\u00edcia Civil, titular em Morrinhos Goi\u00e1s, Dr. Fabiano Jacomellis ouviu V\u00edtor Leonardo, primo e empres\u00e1rio de Cristiano Ara\u00fajo, e sobrevivente do acidente que vitimou o cantor e a namorada dele, Allana Moraes.<\/span><\/p>\n<p><span style=\"font-size: 14pt; font-family: Verdana, Geneva, sans-serif; color: #000000;\">No dia anterior, domingo, 28\/06, o delegado ouviu o condutor do ve\u00edculo, Ronaldo Miranda.<\/span><\/p>\n<p><span style=\"font-size: 14pt; font-family: Verdana, Geneva, sans-serif; color: #000000;\">Abaixo, veja fotos do carro e da roda apreendida.<\/span><\/p>\n<p><a href=\"https:\/\/correiosulgoiano.com.br\/wp-content\/uploads\/2015\/06\/Editado-Site-01.jpg\"><img loading=\"lazy\" class=\"alignnone  wp-image-2406\" src=\"https:\/\/correiosulgoiano.com.br\/wp-content\/uploads\/2015\/06\/Editado-Site-01.jpg\" alt=\"Editado Site - 01\" width=\"641\" height=\"353\" srcset=\"https:\/\/correiosulgoiano.com.br\/wp-content\/uploads\/2015\/06\/Editado-Site-01.jpg 901w, https:\/\/correiosulgoiano.com.br\/wp-content\/uploads\/2015\/06\/Editado-Site-01-300x165.jpg 300w\" sizes=\"(max-width: 641px) 100vw, 641px\" \/><\/a><\/p>\n<p><span style=\"color: #ff0000; font-size: 12pt; font-family: 'Times New Roman', Times, serif;\">Veja tamb\u00e9m<\/span><\/p>\n<p><span style=\"color: #ff0000;\"><strong><span style=\"font-size: 14pt; font-family: Verdana, Geneva, sans-serif;\">CARRO PODERIA ESTAR A 160 KM\/H<\/span><\/strong><\/span><\/p>\n<p><span style=\"font-size: 12pt; font-family: 'Times New Roman', Times, serif; color: #000000;\">Publicado na segunda-feira, 29 de Junho de 2015<\/span><\/p>\n<p><span style=\"font-size: 14pt; font-family: Verdana, Geneva, sans-serif; color: #000000;\">Um fato novo e muito importante levantado pelo competente delegado Fabiano Jacomellis \u00e9 que ele apurou que o ve\u00edculo percorreu um trecho de aproximadamente 57 quil\u00f4metros em 21 minutos, o que nos sugere uma velocidade m\u00e9dia aproximada acima dos 160 quil\u00f4metros por hora.<\/span><\/p>\n<p><span style=\"font-size: 14pt; font-family: Verdana, Geneva, sans-serif; color: #000000;\">O delegado teve acesso \u00e0s imagens das c\u00e2meras de seguran\u00e7a da lanchonete do Posto Alvorada, \u00e0 margem da BR-153, ainda no munic\u00edpio de Goiatuba, e que mostram cenas do motorista Ronaldo Miranda e do empres\u00e1rio Vitor Leonardo entrando no local, pouco depois do t\u00e9rmino do show de Cristiano Ara\u00fajo no Arrai\u00e1 de Itumbiara.<\/span><\/p>\n<p><span style=\"font-size: 14pt; font-family: Verdana, Geneva, sans-serif; color: #000000;\">Exatamente \u00e0s 02h49 o ve\u00edculo Range Rover deixou o Posto Alvorada e \u00e0s 03h10 aconteceu o acidente. Portanto, em 21 minutos, o carro percorreu uma dist\u00e2ncia de quase 60 quil\u00f4metros, o que corresponde a uma velocidade acima dos 160 quil\u00f4metros por hora.<\/span><\/p>\n<p><span style=\"color: #ff0000;\"><strong><span style=\"font-size: 14pt; font-family: Verdana, Geneva, sans-serif;\">POL\u00cdCIA T\u00c9CNICA VOLTA A PERICIAR CARRO<\/span><\/strong><\/span><\/p>\n<p><span style=\"font-size: 14pt; font-family: Verdana, Geneva, sans-serif; color: #000000;\">Na tarde de segunda-feira, dia 29, peritos da pol\u00edcia t\u00e9cnico cient\u00edfica vieram de Goi\u00e2nia at\u00e9 o Posto da Pol\u00edcia Rodovi\u00e1ria Federal, em Morrinhos para realizar nova investiga\u00e7\u00e3o pericial no ve\u00edculo Range Rover.<\/span><\/p>\n<p><span style=\"color: #ff0000; font-size: 12pt; font-family: 'Times New Roman', Times, serif;\">Veja tamb\u00e9m<\/span><\/p>\n<p><span style=\"color: #ff0000;\"><strong><span style=\"font-size: 14pt; font-family: Verdana, Geneva, sans-serif;\">T\u00c9CNICOS DA LAND ROVER RETIRAM CENTRAL TECNOL\u00d3GICA<\/span><\/strong><\/span><\/p>\n<p><span style=\"font-size: 12pt; font-family: 'Times New Roman', Times, serif; color: #000000;\">Publicado na segunda-feira, 29 de Junho de 2015<\/span><\/p>\n<p><span style=\"font-size: 14pt; font-family: Verdana, Geneva, sans-serif; color: #000000;\">Tamb\u00e9m estiveram no local os t\u00e9cnicos da revenda autorizada Land Rover no Brasil para retirada da central tecnol\u00f3gica do computador de bordo e que poderia ter guardado dados do ve\u00edculo em tr\u00e2nsito e no momento do acidente \u2013 uma esp\u00e9cie de \u201ccaixa preta\u201d \u2013 guardadas as devidas propor\u00e7\u00f5es.<\/span><\/p>\n<p><span style=\"font-size: 14pt; font-family: Verdana, Geneva, sans-serif; color: #000000;\">Os t\u00e9cnicos v\u00e3o levar o equipamento para S\u00e3o Paulo onde tentar\u00e3o extrair tais dados de navega\u00e7\u00e3o do carro.<\/span><\/p>\n<p><span style=\"font-size: 14pt; font-family: Verdana, Geneva, sans-serif; color: #000000;\">Se n\u00e3o conseguirem, o equipamento poder\u00e1 at\u00e9 mesmo ser enviado para a Inglaterra, onde est\u00e1 a sede da F\u00e1brica da Land Rover, que fabrica tamb\u00e9m o modelo Range Rover Sport HSE SD V6, usado por Cristiano e equipe na hora do acidente. Em \u00faltimo caso, os t\u00e9cnicos ingleses poderiam ajudar a extrair dados que possam auxiliar a investiga\u00e7\u00e3o.<\/span><\/p>\n<p><span style=\"color: #ff0000; font-size: 12pt; font-family: 'Times New Roman', Times, serif;\">Veja tamb\u00e9m<\/span><\/p>\n<p><span style=\"color: #ff0000;\"><strong><span style=\"font-size: 14pt; font-family: Verdana, Geneva, sans-serif;\">MOTORISTA PRESTA DEPOIMENTO<\/span><\/strong><\/span><\/p>\n<p><span style=\"font-family: 'Times New Roman', Times, serif; font-size: 12pt; color: #000000;\">Publicado na segunda-feira, 29 de Junho de 2015<\/span><\/p>\n<p><span style=\"font-size: 14pt; font-family: Verdana, Geneva, sans-serif; color: #000000;\">O Motorista do carro, Ronaldo Miranda disse ao delegado Fabiano Jacomellis, em seu depoimento, que n\u00e3o ingeriu bebida alco\u00f3lica antes de dirigir \u2013 o que realmente ficou constatado no teste do baf\u00f4metro realizado pela Pol\u00edcia Rodovi\u00e1ria Federal, logo ap\u00f3s o acidente, ainda na BR-153 \u2013 o resultado foi 0,00 mg\/l.<\/span><\/p>\n<p><span style=\"font-size: 14pt; font-family: Verdana, Geneva, sans-serif; color: #000000;\">Ronaldo disse que n\u00e3o estava com sono e que n\u00e3o dormiu ao volante. Disse que n\u00e3o estava manuseando telefone celular.<\/span><\/p>\n<p><span style=\"font-size: 14pt; font-family: Verdana, Geneva, sans-serif; color: #000000;\">O motorista admitiu que estava trafegando acima da velocidade permitida naquele trecho da rodovia (110 Km\/h), mas, n\u00e3o soube precisar a que velocidade estava dirigindo.<\/span><\/p>\n<p><span style=\"font-size: 14pt; font-family: Verdana, Geneva, sans-serif; color: #000000;\">Ronaldo contou ao delegado Jacomellis que a viagem seguia tranquila quando de repente ele ouviu um barulho caracter\u00edstico de pneu murcho rodando sobre o asfalto e que s\u00f3 teve tempo de dizer o pneu estourou. Imediatamente ele perdeu completamente o controle do carro que saiu da pista e capotou.<\/span><\/p>\n<p><span style=\"color: #ff0000; font-size: 12pt; font-family: 'Times New Roman', Times, serif;\">Veja tamb\u00e9m<\/span><\/p>\n<p><span style=\"color: #ff0000;\"><strong><span style=\"font-size: 14pt; font-family: Verdana, Geneva, sans-serif;\">RODAS FORAM TROCADAS<\/span><\/strong><\/span><\/p>\n<p><a href=\"https:\/\/correiosulgoiano.com.br\/wp-content\/uploads\/2015\/06\/Roda-Site-01.jpg\"><img loading=\"lazy\" class=\"alignnone  wp-image-2421\" src=\"https:\/\/correiosulgoiano.com.br\/wp-content\/uploads\/2015\/06\/Roda-Site-01.jpg\" alt=\"Roda Site - 01\" width=\"683\" height=\"384\" srcset=\"https:\/\/correiosulgoiano.com.br\/wp-content\/uploads\/2015\/06\/Roda-Site-01.jpg 1229w, https:\/\/correiosulgoiano.com.br\/wp-content\/uploads\/2015\/06\/Roda-Site-01-300x169.jpg 300w, https:\/\/correiosulgoiano.com.br\/wp-content\/uploads\/2015\/06\/Roda-Site-01-1024x576.jpg 1024w\" sizes=\"(max-width: 683px) 100vw, 683px\" \/><\/a><\/p>\n<p><span style=\"font-size: 14pt; font-family: Verdana, Geneva, sans-serif; color: #000000;\">O condutor ainda confirmou que as rodas do carro n\u00e3o eram as originais de f\u00e1brica. Elas foram substitu\u00edda por outras, que seguindo o motorista eram mais bonitas que as originais e que foram presenteadas por um amigo do cantor.<\/span><\/p>\n<p><a href=\"https:\/\/correiosulgoiano.com.br\/wp-content\/uploads\/2015\/06\/Roda-Site-02.jpg\"><img loading=\"lazy\" class=\"alignnone  wp-image-2422\" src=\"https:\/\/correiosulgoiano.com.br\/wp-content\/uploads\/2015\/06\/Roda-Site-02.jpg\" alt=\"Roda Site - 02\" width=\"682\" height=\"359\" srcset=\"https:\/\/correiosulgoiano.com.br\/wp-content\/uploads\/2015\/06\/Roda-Site-02.jpg 819w, https:\/\/correiosulgoiano.com.br\/wp-content\/uploads\/2015\/06\/Roda-Site-02-300x158.jpg 300w\" sizes=\"(max-width: 682px) 100vw, 682px\" \/><\/a><\/p>\n<p><span style=\"font-size: 10pt; font-family: Verdana, Geneva, sans-serif; color: #000000;\">Roda apresenta v\u00e1rios pontos de solda &#8211; N\u00c3O eram as originais de f\u00e1brica<\/span><\/p>\n<p><a href=\"https:\/\/correiosulgoiano.com.br\/wp-content\/uploads\/2015\/06\/Roda-Site-03.jpg\"><img loading=\"lazy\" class=\"alignnone  wp-image-2423\" src=\"https:\/\/correiosulgoiano.com.br\/wp-content\/uploads\/2015\/06\/Roda-Site-03.jpg\" alt=\"Roda Site - 03\" width=\"686\" height=\"386\" srcset=\"https:\/\/correiosulgoiano.com.br\/wp-content\/uploads\/2015\/06\/Roda-Site-03.jpg 819w, https:\/\/correiosulgoiano.com.br\/wp-content\/uploads\/2015\/06\/Roda-Site-03-300x169.jpg 300w\" sizes=\"(max-width: 686px) 100vw, 686px\" \/><\/a><\/p>\n<p><span style=\"font-size: 10pt; font-family: Verdana, Geneva, sans-serif;\">Roda apresenta v\u00e1rios pontos de solda &#8211; Foram dadas de presente por um amigo de Cristiano<\/span><\/p>\n<p><a href=\"https:\/\/correiosulgoiano.com.br\/wp-content\/uploads\/2015\/06\/Roda-Site-04.jpg\"><img loading=\"lazy\" class=\"alignnone  wp-image-2424\" src=\"https:\/\/correiosulgoiano.com.br\/wp-content\/uploads\/2015\/06\/Roda-Site-04.jpg\" alt=\"Roda Site - 04\" width=\"688\" height=\"387\" srcset=\"https:\/\/correiosulgoiano.com.br\/wp-content\/uploads\/2015\/06\/Roda-Site-04.jpg 983w, https:\/\/correiosulgoiano.com.br\/wp-content\/uploads\/2015\/06\/Roda-Site-04-300x169.jpg 300w\" sizes=\"(max-width: 688px) 100vw, 688px\" \/><\/a><\/p>\n<p><span style=\"color: #ff0000;\"><strong><span style=\"font-size: 14pt; font-family: Verdana, Geneva, sans-serif;\">PRIMO DO CANTOR TAMB\u00c9M PRESTA DEPOIMENTO<\/span><\/strong><\/span><\/p>\n<p><span style=\"font-size: 14pt; font-family: Verdana, Geneva, sans-serif; color: #000000;\">V\u00edtor Leonardo tamb\u00e9m disse ao delegado que o motorista n\u00e3o estava ao celular e que de repente ouviu o grito de Ronaldo dizendo: \u201co pneu estourou\u201d, e em seguida o carro saiu a pista e capotou.<\/span><\/p>\n<p><span style=\"font-size: 14pt; font-family: Verdana, Geneva, sans-serif; color: #000000;\">A diverg\u00eancia nos depoimentos \u00e9 que V\u00edtor disse que o motorista n\u00e3o estava dirigindo em alta velocidade, contrariando o que o pr\u00f3prio Ronaldo admitiu ao delegado em depoimento.<\/span><\/p>\n<p><span style=\"color: #ff0000;\"><strong><span style=\"font-size: 14pt; font-family: Verdana, Geneva, sans-serif;\">EMPRES\u00c1RIO CONFIRMA: CRISTIANO ARA\u00daJO E ALLANA N\u00c3O USAVAM CINTO DE SEGURAN\u00c7A<\/span><\/strong><\/span><\/p>\n<p><span style=\"font-size: 14pt; font-family: Verdana, Geneva, sans-serif; color: #000000;\">Outro ponto importante do depoimento de V\u00edtor Leonardo \u00e9 que ele confirmou ao Dr. Fabiano Jacomellis que Cristiano Ara\u00fajo e Allana Moraes n\u00e3o estavam usando os cintos de seguran\u00e7a.<\/span><\/p>\n<p><span style=\"font-size: 14pt; font-family: Verdana, Geneva, sans-serif; color: #000000;\">Com isso, a desconfian\u00e7a passa a ser uma certeza.<\/span><\/p>\n<p><span style=\"font-size: 14pt; font-family: Verdana, Geneva, sans-serif; color: #000000;\">Este dado ainda ser\u00e1 confirmado tecnicamente ap\u00f3s apresenta\u00e7\u00e3o de Laudo que est\u00e1 sendo elaborado pela Pol\u00edcia T\u00e9cnico Cient\u00edfica e o IML que realizaram exame cadav\u00e9rico nas duas v\u00edtimas.<\/span><\/p>\n<p><span style=\"color: #ff0000;\"><strong><span style=\"font-size: 14pt; font-family: Verdana, Geneva, sans-serif;\">RODA DO CARRO FOI APREENDIDA<\/span><\/strong><\/span><\/p>\n<p><span style=\"font-size: 14pt; font-family: Verdana, Geneva, sans-serif; color: #000000;\">O delegado Fabiano Jacomellis segue levantando mais informa\u00e7\u00f5es sobre o acidente na tentativa de desvendar o que realmente provocou a sa\u00edda de pista do ve\u00edculo e a morte de Cristiano Ara\u00fajo e Allana Moraes.<\/span><\/p>\n<p><span style=\"font-size: 14pt; font-family: Verdana, Geneva, sans-serif; color: #000000;\">A roda traseira direita que tem ao menos 9 sinais de solda foi apreendida e est\u00e1 na delegacia de Morrinhos.<\/span><\/p>\n<p><span style=\"font-size: 14pt; font-family: Verdana, Geneva, sans-serif; color: #000000;\">Ela j\u00e1 foi submetida \u00e0s primeiras avalia\u00e7\u00f5es e ainda poder\u00e1 ser periciada novamente.<\/span><\/p>\n<p><span style=\"font-size: 14pt; font-family: Verdana, Geneva, sans-serif; color: #000000;\">O Correio Sul Goiano segue acompanhando as investiga\u00e7\u00f5es chefiadas pelo Dr. Fabiano Jacomellis, delegado titular de Pol\u00edcia Civil, em Morrinhos. <span style=\"font-size: 10pt;\">(Da reda\u00e7\u00e3o, por Leonardo Costa, com informa\u00e7\u00f5es do delegado Fabiano Jacomellis e da Pol\u00edcia Rodovi\u00e1ria Federal)<\/span><\/span><\/p>\n<p><a href=\"https:\/\/correiosulgoiano.com.br\/wp-content\/uploads\/2015\/06\/Range-Site-02.jpg\"><img loading=\"lazy\" class=\"alignnone  wp-image-2408\" src=\"https:\/\/correiosulgoiano.com.br\/wp-content\/uploads\/2015\/06\/Range-Site-02.jpg\" alt=\"Range Site - 02\" width=\"600\" height=\"338\" srcset=\"https:\/\/correiosulgoiano.com.br\/wp-content\/uploads\/2015\/06\/Range-Site-02.jpg 819w, https:\/\/correiosulgoiano.com.br\/wp-content\/uploads\/2015\/06\/Range-Site-02-300x169.jpg 300w\" sizes=\"(max-width: 600px) 100vw, 600px\" \/><\/a><\/p>\n<p><span style=\"font-size: 10pt; font-family: Verdana, Geneva, sans-serif;\">Roda traseira esquerda &#8211; para que voc\u00ea veja o modelo usado &#8211; n\u00e3o s\u00e3o as originais de f\u00e1brica<\/span><\/p>\n<p><a href=\"https:\/\/correiosulgoiano.com.br\/wp-content\/uploads\/2015\/06\/Range-Site-03.jpg\"><img loading=\"lazy\" class=\"alignnone  wp-image-2409\" src=\"https:\/\/correiosulgoiano.com.br\/wp-content\/uploads\/2015\/06\/Range-Site-03.jpg\" alt=\"Range Site - 03\" width=\"602\" height=\"339\" srcset=\"https:\/\/correiosulgoiano.com.br\/wp-content\/uploads\/2015\/06\/Range-Site-03.jpg 819w, https:\/\/correiosulgoiano.com.br\/wp-content\/uploads\/2015\/06\/Range-Site-03-300x169.jpg 300w\" sizes=\"(max-width: 602px) 100vw, 602px\" \/><\/a><\/p>\n<p><span style=\"font-size: 10pt; font-family: Verdana, Geneva, sans-serif;\">Parte traseira e a frente do carro absorveram o grande impacto &#8211; como deve ser mesmo. Esta \u00e9 a fun\u00e7\u00e3o destas partes, em casos de acidente &#8211; dizem os especialistas<\/span><\/p>\n<p><a href=\"https:\/\/correiosulgoiano.com.br\/wp-content\/uploads\/2015\/06\/Range-Site-04-b.jpg\"><img loading=\"lazy\" class=\"alignnone  wp-image-2410\" src=\"https:\/\/correiosulgoiano.com.br\/wp-content\/uploads\/2015\/06\/Range-Site-04-b.jpg\" alt=\"Range Site - 04 - b\" width=\"601\" height=\"338\" srcset=\"https:\/\/correiosulgoiano.com.br\/wp-content\/uploads\/2015\/06\/Range-Site-04-b.jpg 819w, https:\/\/correiosulgoiano.com.br\/wp-content\/uploads\/2015\/06\/Range-Site-04-b-300x169.jpg 300w\" sizes=\"(max-width: 601px) 100vw, 601px\" \/><\/a><\/p>\n<p><span style=\"font-size: 10pt; font-family: Verdana, Geneva, sans-serif;\">C\u00e9lula de sobreviv\u00eancia ficou preservada. Passageiros deveriam estar presos aos bancos de tras, pelo cinto de seguran\u00e7a, mas, n\u00e3o estavam, conforme confirmou V\u00edtor Leonardo, empres\u00e1rio e primo de Cristiano<\/span><\/p>\n<p><a href=\"https:\/\/correiosulgoiano.com.br\/wp-content\/uploads\/2015\/06\/Range-Site-04-c.jpg\"><img loading=\"lazy\" class=\"alignnone  wp-image-2411\" src=\"https:\/\/correiosulgoiano.com.br\/wp-content\/uploads\/2015\/06\/Range-Site-04-c.jpg\" alt=\"Range Site - 04 - c\" width=\"605\" height=\"340\" srcset=\"https:\/\/correiosulgoiano.com.br\/wp-content\/uploads\/2015\/06\/Range-Site-04-c.jpg 819w, https:\/\/correiosulgoiano.com.br\/wp-content\/uploads\/2015\/06\/Range-Site-04-c-300x169.jpg 300w\" sizes=\"(max-width: 605px) 100vw, 605px\" \/><\/a><\/p>\n<p><span style=\"font-size: 10pt; font-family: Verdana, Geneva, sans-serif; color: #000000;\">C\u00e9lula de sobreviv\u00eancia ficou preservada. Air Bags foram acionados, mas Cristiano e Allana n\u00e3o usavam o cinto de seguran\u00e7a, conforme confirmou V\u00edtor Leonardo, empres\u00e1rio e primo de Cristiano<\/span><\/p>\n<p><a href=\"https:\/\/correiosulgoiano.com.br\/wp-content\/uploads\/2015\/06\/Range-Site-04.jpg\"><img loading=\"lazy\" class=\"alignnone  wp-image-2413\" src=\"https:\/\/correiosulgoiano.com.br\/wp-content\/uploads\/2015\/06\/Range-Site-04.jpg\" alt=\"Range Site - 04\" width=\"609\" height=\"343\" srcset=\"https:\/\/correiosulgoiano.com.br\/wp-content\/uploads\/2015\/06\/Range-Site-04.jpg 819w, https:\/\/correiosulgoiano.com.br\/wp-content\/uploads\/2015\/06\/Range-Site-04-300x169.jpg 300w\" sizes=\"(max-width: 609px) 100vw, 609px\" \/><\/a><\/p>\n<p><span style=\"font-size: 10pt; font-family: Verdana, Geneva, sans-serif;\">C\u00e9lula de sobreviv\u00eancia ficou preservada. Passageiros deveriam estar presos aos bancos pelo cinto de seguran\u00e7a, mas, n\u00e3o estavam, conforme confirmou V\u00edtor Leonardo, empres\u00e1rio e primo de Cristiano<\/span><\/p>\n<p><a href=\"https:\/\/correiosulgoiano.com.br\/wp-content\/uploads\/2015\/06\/Range-Site-05.jpg\"><img loading=\"lazy\" class=\"alignnone  wp-image-2414\" src=\"https:\/\/correiosulgoiano.com.br\/wp-content\/uploads\/2015\/06\/Range-Site-05.jpg\" alt=\"Range Site - 05\" width=\"606\" height=\"341\" srcset=\"https:\/\/correiosulgoiano.com.br\/wp-content\/uploads\/2015\/06\/Range-Site-05.jpg 819w, https:\/\/correiosulgoiano.com.br\/wp-content\/uploads\/2015\/06\/Range-Site-05-300x169.jpg 300w\" sizes=\"(max-width: 606px) 100vw, 606px\" \/><\/a><\/p>\n<p><span style=\"font-size: 10pt; font-family: Verdana, Geneva, sans-serif;\">C\u00e9lula de sobreviv\u00eancia ficou preservada. Passageiros deveriam estar presos aos bancos pelo cinto de seguran\u00e7a, mas, n\u00e3o estavam, conforme confirmou V\u00edtor Leonardo, empres\u00e1rio e primo de Cristiano<\/span><\/p>\n<p><a href=\"https:\/\/correiosulgoiano.com.br\/wp-content\/uploads\/2015\/06\/Range-Site-06.jpg\"><img loading=\"lazy\" class=\"alignnone  wp-image-2415\" src=\"https:\/\/correiosulgoiano.com.br\/wp-content\/uploads\/2015\/06\/Range-Site-06.jpg\" alt=\"Range Site - 06\" width=\"604\" height=\"340\" srcset=\"https:\/\/correiosulgoiano.com.br\/wp-content\/uploads\/2015\/06\/Range-Site-06.jpg 819w, https:\/\/correiosulgoiano.com.br\/wp-content\/uploads\/2015\/06\/Range-Site-06-300x169.jpg 300w\" sizes=\"(max-width: 604px) 100vw, 604px\" \/><\/a><\/p>\n<p><span style=\"font-size: 10pt; font-family: Verdana, Geneva, sans-serif;\">Parte traseira e a frente do carro absorveram o grande impacto &#8211; como deve ser mesmo. Esta \u00e9 a fun\u00e7\u00e3o destas partes, em casos de acidente &#8211; dizem os especialistas<\/span><\/p>\n<p><a href=\"https:\/\/correiosulgoiano.com.br\/wp-content\/uploads\/2015\/06\/Range-Site-07.jpg\"><img loading=\"lazy\" class=\"alignnone  wp-image-2416\" src=\"https:\/\/correiosulgoiano.com.br\/wp-content\/uploads\/2015\/06\/Range-Site-07.jpg\" alt=\"Range Site - 07\" width=\"602\" height=\"339\" srcset=\"https:\/\/correiosulgoiano.com.br\/wp-content\/uploads\/2015\/06\/Range-Site-07.jpg 819w, https:\/\/correiosulgoiano.com.br\/wp-content\/uploads\/2015\/06\/Range-Site-07-300x169.jpg 300w\" sizes=\"(max-width: 602px) 100vw, 602px\" \/><\/a><\/p>\n<p><span style=\"font-size: 10pt; font-family: Verdana, Geneva, sans-serif; color: #000000;\">Parte traseira e a frente do carro absorveram o grande impacto &#8211; como deve ser mesmo. Esta \u00e9 a fun\u00e7\u00e3o destas partes, em casos de acidente &#8211; dizem os especialistas<\/span><\/p>\n<p><a href=\"https:\/\/correiosulgoiano.com.br\/wp-content\/uploads\/2015\/06\/Range-Site-08.jpg\"><img loading=\"lazy\" class=\"alignnone  wp-image-2417\" src=\"https:\/\/correiosulgoiano.com.br\/wp-content\/uploads\/2015\/06\/Range-Site-08.jpg\" alt=\"Range Site - 08\" width=\"601\" height=\"338\" srcset=\"https:\/\/correiosulgoiano.com.br\/wp-content\/uploads\/2015\/06\/Range-Site-08.jpg 819w, https:\/\/correiosulgoiano.com.br\/wp-content\/uploads\/2015\/06\/Range-Site-08-300x169.jpg 300w\" sizes=\"(max-width: 601px) 100vw, 601px\" \/><\/a><\/p>\n<p><span style=\"font-size: 10pt; font-family: Verdana, Geneva, sans-serif;\">Porta traseira direita da Range Rover foi arrancada durante o capotamento &#8211; Veja que todos os Air Bags foram acionados, inclusive os laterais e o que fica no teto do ve\u00edculo<\/span><\/p>\n<p><a href=\"https:\/\/correiosulgoiano.com.br\/wp-content\/uploads\/2015\/06\/Range-Site-09.jpg\"><img loading=\"lazy\" class=\"alignnone  wp-image-2418\" src=\"https:\/\/correiosulgoiano.com.br\/wp-content\/uploads\/2015\/06\/Range-Site-09.jpg\" alt=\"Range Site - 09\" width=\"601\" height=\"338\" srcset=\"https:\/\/correiosulgoiano.com.br\/wp-content\/uploads\/2015\/06\/Range-Site-09.jpg 819w, https:\/\/correiosulgoiano.com.br\/wp-content\/uploads\/2015\/06\/Range-Site-09-300x169.jpg 300w\" sizes=\"(max-width: 601px) 100vw, 601px\" \/><\/a><\/p>\n<p><span style=\"font-size: 10pt; font-family: Verdana, Geneva, sans-serif;\">Roda dianteira direita tamb\u00e9m est\u00e1 toda quebrada ap\u00f3s impacto do capotamento<\/span><\/p>\n<p><a href=\"https:\/\/correiosulgoiano.com.br\/wp-content\/uploads\/2015\/06\/Celeiro-Site-Novo-01.jpg\"><img loading=\"lazy\" class=\"alignnone  wp-image-2335\" src=\"https:\/\/correiosulgoiano.com.br\/wp-content\/uploads\/2015\/06\/Celeiro-Site-Novo-01.jpg\" alt=\"Celeiro Site Novo - 01\" width=\"603\" height=\"204\" srcset=\"https:\/\/correiosulgoiano.com.br\/wp-content\/uploads\/2015\/06\/Celeiro-Site-Novo-01.jpg 792w, https:\/\/correiosulgoiano.com.br\/wp-content\/uploads\/2015\/06\/Celeiro-Site-Novo-01-300x102.jpg 300w\" sizes=\"(max-width: 603px) 100vw, 603px\" \/><\/a><\/p>\n<p><a href=\"https:\/\/correiosulgoiano.com.br\/wp-content\/uploads\/2015\/06\/MERCOTINTAS-031.jpg\"><img loading=\"lazy\" class=\"alignnone  wp-image-2281\" src=\"https:\/\/correiosulgoiano.com.br\/wp-content\/uploads\/2015\/06\/MERCOTINTAS-031.jpg\" alt=\"MERCOTINTAS 03\" width=\"600\" height=\"264\" srcset=\"https:\/\/correiosulgoiano.com.br\/wp-content\/uploads\/2015\/06\/MERCOTINTAS-031.jpg 664w, https:\/\/correiosulgoiano.com.br\/wp-content\/uploads\/2015\/06\/MERCOTINTAS-031-300x132.jpg 300w, https:\/\/correiosulgoiano.com.br\/wp-content\/uploads\/2015\/06\/MERCOTINTAS-031-660x292.jpg 660w\" sizes=\"(max-width: 600px) 100vw, 600px\" \/><\/a><\/p>\n","protected":false},"excerpt":{"rendered":"<p>O delegado Fabiano Jacomellis segue aguardando informa\u00e7\u00f5es t\u00e9cnicas da montadora inglesa Land Rover, fabricante do ve\u00edculo Range Rover Sport HSE SD V6, no qual se acidentou o cantor Cristiano Ara\u00fajo, no munic\u00edpio de Morrinhos, na madrugada do dia 24 de junho.\u00a0Publicado na ter\u00e7a-feira, 14 de Julho de 2015 Na segunda-feira, 6 de julho foi realizada &#8230;<\/p>\n","protected":false},"author":1,"featured_media":2652,"comment_status":"open","ping_status":"open","sticky":false,"template":"","format":"standard","meta":{"spay_email":"","jetpack_publicize_message":""},"categories":[1],"tags":[55,115,599,54,224],"jetpack_featured_media_url":"https:\/\/correiosulgoiano.com.br\/wp-content\/uploads\/2015\/06\/Range-Site-11.jpg","jetpack_publicize_connections":[],"_links":{"self":[{"href":"https:\/\/correiosulgoiano.com.br\/index.php?rest_route=\/wp\/v2\/posts\/2401"}],"collection":[{"href":"https:\/\/correiosulgoiano.com.br\/index.php?rest_route=\/wp\/v2\/posts"}],"about":[{"href":"https:\/\/correiosulgoiano.com.br\/index.php?rest_route=\/wp\/v2\/types\/post"}],"author":[{"embeddable":true,"href":"https:\/\/correiosulgoiano.com.br\/index.php?rest_route=\/wp\/v2\/users\/1"}],"replies":[{"embeddable":true,"href":"https:\/\/correiosulgoiano.com.br\/index.php?rest_route=%2Fwp%2Fv2%2Fcomments&post=2401"}],"version-history":[{"count":13,"href":"https:\/\/correiosulgoiano.com.br\/index.php?rest_route=\/wp\/v2\/posts\/2401\/revisions"}],"predecessor-version":[{"id":2655,"href":"https:\/\/correiosulgoiano.com.br\/index.php?rest_route=\/wp\/v2\/posts\/2401\/revisions\/2655"}],"wp:featuredmedia":[{"embeddable":true,"href":"https:\/\/correiosulgoiano.com.br\/index.php?rest_route=\/wp\/v2\/media\/2652"}],"wp:attachment":[{"href":"https:\/\/correiosulgoiano.com.br\/index.php?rest_route=%2Fwp%2Fv2%2Fmedia&parent=2401"}],"wp:term":[{"taxonomy":"category","embeddable":true,"href":"https:\/\/correiosulgoiano.com.br\/index.php?rest_route=%2Fwp%2Fv2%2Fcategories&post=2401"},{"taxonomy":"post_tag","embeddable":true,"href":"https:\/\/correiosulgoiano.com.br\/index.php?rest_route=%2Fwp%2Fv2%2Ftags&post=2401"}],"curies":[{"name":"wp","href":"https:\/\/api.w.org\/{rel}","templated":true}]}}