{"id":2980,"date":"2015-08-13T00:54:12","date_gmt":"2015-08-13T03:54:12","guid":{"rendered":"https:\/\/correiosulgoiano.com.br\/?p=2980"},"modified":"2015-08-13T00:56:15","modified_gmt":"2015-08-13T03:56:15","slug":"pre-motorista-de-empresa-e-detido-dirigindo-sob-efeito-de-alcool","status":"publish","type":"post","link":"https:\/\/correiosulgoiano.com.br\/?p=2980","title":{"rendered":"PRE&#8230; Motorista de empresa \u00e9 detido dirigindo sob efeito de \u00e1lcool"},"content":{"rendered":"<p><span style=\"font-size: 14pt; font-family: Verdana, Geneva, sans-serif; color: #000000;\">Na noite de ter\u00e7a-feira, 11\/08, a Pol\u00edcia Rodovi\u00e1ria Estadual recebeu uma den\u00fancia an\u00f4nima de que o motorista de um \u00f4nibus da empresa Para\u00fana estivesse dirigindo o ve\u00edculo sob o efeito de bebida alco\u00f3lica.<\/span><\/p>\n<p><span style=\"font-size: 14pt; font-family: Verdana, Geneva, sans-serif; color: #000000;\">O ve\u00edculo fazia a linha Morrinhos a Caldas Novas e estava em in\u00edcio de viagem.<\/span><\/p>\n<p><span style=\"font-size: 14pt; font-family: Verdana, Geneva, sans-serif; color: #000000;\">Era pr\u00f3ximo das 20h00 quando o \u00f4nibus, com 16 passageiros, foi abordado no Posto da PRE, no Km 10 da GO-213, equipe composta pelo Sargento Fonseca, Sargento Gleik, Sargento Jane e Cabo Da Silva.<\/span><\/p>\n<p><a href=\"https:\/\/correiosulgoiano.com.br\/wp-content\/uploads\/2015\/08\/site-par-02.jpg\"><img loading=\"lazy\" class=\"alignnone  wp-image-2982\" src=\"https:\/\/correiosulgoiano.com.br\/wp-content\/uploads\/2015\/08\/site-par-02.jpg\" alt=\"site par 02\" width=\"471\" height=\"306\" srcset=\"https:\/\/correiosulgoiano.com.br\/wp-content\/uploads\/2015\/08\/site-par-02.jpg 838w, https:\/\/correiosulgoiano.com.br\/wp-content\/uploads\/2015\/08\/site-par-02-300x195.jpg 300w\" sizes=\"(max-width: 471px) 100vw, 471px\" \/><\/a><\/p>\n<p><span style=\"font-size: 14pt; font-family: Verdana, Geneva, sans-serif; color: #000000;\">Ao abordar o condutor os policiais solicitaram que ele fizesse o teste do \u201cbaf\u00f4metro\u201d o resultado foi positivo para \u00e1lcool. Segundo o etil\u00f4metro o resultado foi 0,88 mg\/l.<\/span><\/p>\n<p><span style=\"font-size: 14pt; font-family: Verdana, Geneva, sans-serif; color: #000000;\">Diante dos fatos os policiais agiram de acordo com o que determina o C\u00f3digo de Tr\u00e2nsito Brasileiro \u2013 CTB. O condutor foi levado ao Hospital Municipal de Morrinhos para exames de praxe e em seguida conduzido \u00e0 delegacia de pol\u00edcia civil, onde ficou \u00e0 disposi\u00e7\u00e3o da autoridade competente.<\/span><\/p>\n<p><span style=\"font-size: 14pt; font-family: Verdana, Geneva, sans-serif; color: #000000;\">O \u00f4nibus ficou apreendido no p\u00e1tio da Pol\u00edcia Rodovi\u00e1ria Estadual.<\/span><\/p>\n<p><span style=\"font-size: 14pt; font-family: Verdana, Geneva, sans-serif; color: #000000;\">A empresa Para\u00fana foi informada do fato e imediatamente enviou funcion\u00e1rios para acompanhar o caso e tamb\u00e9m outro ve\u00edculo para continuar a viagem dos 16 passageiros que estavam no \u00f4nibus apreendido.<\/span><\/p>\n<p><span style=\"font-size: 14pt; font-family: Verdana, Geneva, sans-serif; color: #000000;\">O funcion\u00e1rio que esteve no Posto da PRE lamentou o acontecido e explicou que a empresa ir\u00e1 apurar o que aconteceu. (Da reda\u00e7\u00e3o, por Leonardo Costa, com informa\u00e7\u00f5es da Pol\u00edcia Militar \u2013 Batalh\u00e3o Rodovi\u00e1rio. Fotos: Leonardo Costa)<\/span><\/p>\n<p><a href=\"https:\/\/correiosulgoiano.com.br\/wp-content\/uploads\/2015\/08\/BAF-011.jpg\"><img loading=\"lazy\" class=\"alignnone size-full wp-image-2984\" src=\"https:\/\/correiosulgoiano.com.br\/wp-content\/uploads\/2015\/08\/BAF-011.jpg\" alt=\"BAF 01\" width=\"485\" height=\"697\" srcset=\"https:\/\/correiosulgoiano.com.br\/wp-content\/uploads\/2015\/08\/BAF-011.jpg 485w, https:\/\/correiosulgoiano.com.br\/wp-content\/uploads\/2015\/08\/BAF-011-209x300.jpg 209w\" sizes=\"(max-width: 485px) 100vw, 485px\" \/><\/a><\/p>\n","protected":false},"excerpt":{"rendered":"<p>Na noite de ter\u00e7a-feira, 11\/08, a Pol\u00edcia Rodovi\u00e1ria Estadual recebeu uma den\u00fancia an\u00f4nima de que o motorista de um \u00f4nibus da empresa Para\u00fana estivesse dirigindo o ve\u00edculo sob o efeito de bebida alco\u00f3lica. O ve\u00edculo fazia a linha Morrinhos a Caldas Novas e estava em in\u00edcio de viagem. Era pr\u00f3ximo das 20h00 quando o \u00f4nibus, &#8230;<\/p>\n","protected":false},"author":1,"featured_media":2981,"comment_status":"open","ping_status":"open","sticky":false,"template":"","format":"standard","meta":{"spay_email":"","jetpack_publicize_message":""},"categories":[1,51],"tags":[476,641,477,255],"jetpack_featured_media_url":"https:\/\/correiosulgoiano.com.br\/wp-content\/uploads\/2015\/08\/site-par-01.jpg","jetpack_publicize_connections":[],"_links":{"self":[{"href":"https:\/\/correiosulgoiano.com.br\/index.php?rest_route=\/wp\/v2\/posts\/2980"}],"collection":[{"href":"https:\/\/correiosulgoiano.com.br\/index.php?rest_route=\/wp\/v2\/posts"}],"about":[{"href":"https:\/\/correiosulgoiano.com.br\/index.php?rest_route=\/wp\/v2\/types\/post"}],"author":[{"embeddable":true,"href":"https:\/\/correiosulgoiano.com.br\/index.php?rest_route=\/wp\/v2\/users\/1"}],"replies":[{"embeddable":true,"href":"https:\/\/correiosulgoiano.com.br\/index.php?rest_route=%2Fwp%2Fv2%2Fcomments&post=2980"}],"version-history":[{"count":3,"href":"https:\/\/correiosulgoiano.com.br\/index.php?rest_route=\/wp\/v2\/posts\/2980\/revisions"}],"predecessor-version":[{"id":2987,"href":"https:\/\/correiosulgoiano.com.br\/index.php?rest_route=\/wp\/v2\/posts\/2980\/revisions\/2987"}],"wp:featuredmedia":[{"embeddable":true,"href":"https:\/\/correiosulgoiano.com.br\/index.php?rest_route=\/wp\/v2\/media\/2981"}],"wp:attachment":[{"href":"https:\/\/correiosulgoiano.com.br\/index.php?rest_route=%2Fwp%2Fv2%2Fmedia&parent=2980"}],"wp:term":[{"taxonomy":"category","embeddable":true,"href":"https:\/\/correiosulgoiano.com.br\/index.php?rest_route=%2Fwp%2Fv2%2Fcategories&post=2980"},{"taxonomy":"post_tag","embeddable":true,"href":"https:\/\/correiosulgoiano.com.br\/index.php?rest_route=%2Fwp%2Fv2%2Ftags&post=2980"}],"curies":[{"name":"wp","href":"https:\/\/api.w.org\/{rel}","templated":true}]}}