{"id":3028,"date":"2015-08-17T09:36:59","date_gmt":"2015-08-17T12:36:59","guid":{"rendered":"https:\/\/correiosulgoiano.com.br\/?p=3028"},"modified":"2015-08-17T18:54:56","modified_gmt":"2015-08-17T21:54:56","slug":"educacao-morrinhos-sediara-conferencia-estadual-da-juventude-dia-2208","status":"publish","type":"post","link":"https:\/\/correiosulgoiano.com.br\/?p=3028","title":{"rendered":"EDUCA\u00c7\u00c3O: Morrinhos sediar\u00e1 Confer\u00eancia Estadual da Juventude, dia 22\/08"},"content":{"rendered":"<p><span style=\"font-size: 14pt; font-family: Verdana, Geneva, sans-serif; color: #000000;\">A professora Cleide Mara, Subsecret\u00e1ria Regional de Educa\u00e7\u00e3o, em Morrinhos, informou ao Correio Sul Goiano que o munic\u00edpio de Morrinhos sediar\u00e1 no pr\u00f3ximo s\u00e1bado, 22\/08, uma das etapas da III CONFER\u00caNCIA ESTADUAL DA JUVENTUDE.<\/span><\/p>\n<p><span style=\"font-size: 14pt; font-family: Verdana, Geneva, sans-serif; color: #000000;\">Para se inscrever o interessado pode procurar a escola onde estuda ou ent\u00e3o dirigir-se \u00e0 subsecretaria de educa\u00e7\u00e3o de Morrinhos e falar com a Ionice. Tamb\u00e9m pode falar com a Ionice pelo 3413-2227.\u00a0<\/span><\/p>\n<p><span style=\"font-size: 14pt; font-family: Verdana, Geneva, sans-serif; color: #000000;\">Segundo o boletim enviado \u00e0 nossa reda\u00e7\u00e3o, por Leandra Vaz de Melo, o assunto est\u00e1 sendo discutido em todas as regi\u00f5es do estado com foco na forma\u00e7\u00e3o do cidad\u00e3o e com vistas \u00e0 elabora\u00e7\u00e3o de estrat\u00e9gias para que a juventude tenha o devido\u00a0apoio\u00a0do\u00a0poder p\u00fablico.<\/span><\/p>\n<p><span style=\"font-size: 14pt; font-family: Verdana, Geneva, sans-serif; color: #000000;\">O debate em Goi\u00e1s ficou a cargo da SUPERINTEND\u00caNCIA DE JUVENTUDE \u2013 SUJUV \u2013 em parceria com a SECRETARIA DE ESTADO DE EDUCA\u00c7\u00c3O, CULTURA E ESPORTE \u2013 SEDUCE.<\/span><\/p>\n<p><span style=\"font-size: 14pt; font-family: Verdana, Geneva, sans-serif; color: #000000;\">A Confer\u00eancia acontecer\u00e1 no Col\u00e9gio Estadual Xavier de Almeida das 8h00 \u00e0s 16h00, destinada aos jovens de 15 a 29 anos, devidamente inscritos. A a\u00e7\u00e3o estar\u00e1 sob a organiza\u00e7\u00e3o da Subsecretaria Regional de Educa\u00e7\u00e3o de Morrinhos Goi\u00e1s, em conjunto com a\u00a0Prefeitura Municipal.<\/span><\/p>\n","protected":false},"excerpt":{"rendered":"<p>A professora Cleide Mara, Subsecret\u00e1ria Regional de Educa\u00e7\u00e3o, em Morrinhos, informou ao Correio Sul Goiano que o munic\u00edpio de Morrinhos sediar\u00e1 no pr\u00f3ximo s\u00e1bado, 22\/08, uma das etapas da III CONFER\u00caNCIA ESTADUAL DA JUVENTUDE. Para se inscrever o interessado pode procurar a escola onde estuda ou ent\u00e3o dirigir-se \u00e0 subsecretaria de educa\u00e7\u00e3o de Morrinhos e &#8230;<\/p>\n","protected":false},"author":1,"featured_media":3029,"comment_status":"open","ping_status":"open","sticky":false,"template":"","format":"standard","meta":{"spay_email":"","jetpack_publicize_message":""},"categories":[50],"tags":[652,55,54,149],"jetpack_featured_media_url":"https:\/\/correiosulgoiano.com.br\/wp-content\/uploads\/2015\/08\/Edit-site-Sub-01.jpg","jetpack_publicize_connections":[],"_links":{"self":[{"href":"https:\/\/correiosulgoiano.com.br\/index.php?rest_route=\/wp\/v2\/posts\/3028"}],"collection":[{"href":"https:\/\/correiosulgoiano.com.br\/index.php?rest_route=\/wp\/v2\/posts"}],"about":[{"href":"https:\/\/correiosulgoiano.com.br\/index.php?rest_route=\/wp\/v2\/types\/post"}],"author":[{"embeddable":true,"href":"https:\/\/correiosulgoiano.com.br\/index.php?rest_route=\/wp\/v2\/users\/1"}],"replies":[{"embeddable":true,"href":"https:\/\/correiosulgoiano.com.br\/index.php?rest_route=%2Fwp%2Fv2%2Fcomments&post=3028"}],"version-history":[{"count":2,"href":"https:\/\/correiosulgoiano.com.br\/index.php?rest_route=\/wp\/v2\/posts\/3028\/revisions"}],"predecessor-version":[{"id":3035,"href":"https:\/\/correiosulgoiano.com.br\/index.php?rest_route=\/wp\/v2\/posts\/3028\/revisions\/3035"}],"wp:featuredmedia":[{"embeddable":true,"href":"https:\/\/correiosulgoiano.com.br\/index.php?rest_route=\/wp\/v2\/media\/3029"}],"wp:attachment":[{"href":"https:\/\/correiosulgoiano.com.br\/index.php?rest_route=%2Fwp%2Fv2%2Fmedia&parent=3028"}],"wp:term":[{"taxonomy":"category","embeddable":true,"href":"https:\/\/correiosulgoiano.com.br\/index.php?rest_route=%2Fwp%2Fv2%2Fcategories&post=3028"},{"taxonomy":"post_tag","embeddable":true,"href":"https:\/\/correiosulgoiano.com.br\/index.php?rest_route=%2Fwp%2Fv2%2Ftags&post=3028"}],"curies":[{"name":"wp","href":"https:\/\/api.w.org\/{rel}","templated":true}]}}