{"id":3063,"date":"2015-08-22T00:23:43","date_gmt":"2015-08-22T03:23:43","guid":{"rendered":"https:\/\/correiosulgoiano.com.br\/?p=3063"},"modified":"2015-08-22T15:54:31","modified_gmt":"2015-08-22T18:54:31","slug":"policias-apreendem-menores","status":"publish","type":"post","link":"https:\/\/correiosulgoiano.com.br\/?p=3063","title":{"rendered":"Pol\u00edcias apreendem menores suspeitos de matar menina de 8 anos em Caldas Novas"},"content":{"rendered":"<p><span style=\"font-size: 14pt; font-family: Verdana, Geneva, sans-serif; color: #000000;\">Tudo leva a crer que foram dois &#8220;menores&#8221; que praticaram a a\u00e7\u00e3o que terminou com a morte da menina de 8 anos em Caldas Novas.<\/span><\/p>\n<p><span style=\"font-size: 14pt; font-family: Verdana, Geneva, sans-serif; color: #000000;\">De acordo com as hip\u00f3critas leis brasileiras, e pelo Sensacional Estatuto da Crian\u00e7a e do Adolescente, se foram &#8220;menores&#8221;, ent\u00e3o n\u00e3o teve crime de homic\u00eddio; o que teve foi Ato Infracional An\u00e1logo ao Crime de Homic\u00eddio. Ou seja, algo que faz ANALOGIA ao homic\u00eddio.<\/span><\/p>\n<p><span style=\"font-size: 14pt; font-family: Verdana, Geneva, sans-serif; color: #000000;\">U\u00e9, ent\u00e3o se n\u00e3o houve homic\u00eddio, a menina n\u00e3o morreu?<\/span><\/p>\n<p><span style=\"font-size: 14pt; font-family: Verdana, Geneva, sans-serif; color: #000000;\">Eu gostaria muito que os Hip\u00f3critas de Plant\u00e3o, os defensores do ECA e dos menores de 18 aninhos (coitadinhos) me explicassem como \u00e9 algo An\u00e1logo \u00e0 morte. O que a fam\u00edlia da crian\u00e7a est\u00e1 sentindo? Algo An\u00e1logo \u00e0 dor? O que \u00e9 isso?<\/span><\/p>\n<p><span style=\"font-size: 14pt; font-family: Verdana, Geneva, sans-serif; color: #000000;\">Gostaria muito que esses deputados e senadores que fazem leis esdr\u00faxulas e os defensores dessas esdr\u00faxulas leis me explicassem tudo isso.<\/span><\/p>\n<p><span style=\"font-size: 14pt; font-family: Verdana, Geneva, sans-serif; color: #000000;\"><span style=\"color: #ff0000;\"><strong>POL\u00cdCIA APREENDE SUSPEITOS<\/strong><\/span> \u00a0<\/span><\/p>\n<p><span style=\"font-size: 14pt; font-family: Verdana, Geneva, sans-serif; color: #000000;\">Na tarde de sexta-feira, 21\/08, os suspeitos de matar a menina Evellyn Batista Rodrigues de apenas oito anos foram detidos pelas Pol\u00edcias, em Caldas Novas Goi\u00e1s.<\/span><\/p>\n<p><span style=\"font-size: 14pt; font-family: Verdana, Geneva, sans-serif; color: #000000;\">Em parceria com a Pol\u00edcia Militar, policiais da Delegacia de Prote\u00e7\u00e3o \u00e0 crian\u00e7a e ao adolescente de Caldas Novas\u00a0realizaram o cumprimento dos Mandados de Busca e Apreens\u00e3o de dois adolescentes, de dezesseis e dezessete anos de idade, suspeitos de serem os autores dos disparos de arma de fogo, que culminaram na morte da citada crian\u00e7a.<\/span><\/p>\n<p><span style=\"font-size: 14pt; font-family: Verdana, Geneva, sans-serif; color: #000000;\">\u00c9 isso mesmo! Um menor (M.R.P) \u00e9 o principal suspeito de ser o autor do disparo que matou a crian\u00e7a no final da manh\u00e3 de quinta-feira 20\/08, na porta da lanchonete dos tios dela, onde Evellyn costuma almo\u00e7ar ap\u00f3s chegar da escola. Ele estaria na companhia de outro menor.<\/span><\/p>\n<p><a href=\"https:\/\/correiosulgoiano.com.br\/wp-content\/uploads\/2015\/08\/Evelyn-02.jpg\"><img loading=\"lazy\" class=\"alignnone  wp-image-3065\" src=\"https:\/\/correiosulgoiano.com.br\/wp-content\/uploads\/2015\/08\/Evelyn-02.jpg\" alt=\"Evelyn - 02\" width=\"572\" height=\"374\" srcset=\"https:\/\/correiosulgoiano.com.br\/wp-content\/uploads\/2015\/08\/Evelyn-02.jpg 960w, https:\/\/correiosulgoiano.com.br\/wp-content\/uploads\/2015\/08\/Evelyn-02-300x197.jpg 300w\" sizes=\"(max-width: 572px) 100vw, 572px\" \/><\/a><\/p>\n<p><span style=\"font-family: Verdana, Geneva, sans-serif; font-size: 14pt; color: #000000;\">Diante da rapidez das pol\u00edcias em identificar os suspeitos, os advogados de ambos os apresentaram na Delegacia de Pol\u00edcia, onde os policiais j\u00e1 estavam de posse dos Mandados de Busca e Apreens\u00e3o expedidos pelo Poder Judici\u00e1rio, sendo ent\u00e3o realizado o cumprimento, sendo ambos os suspeitos apreendidos e disponibilizados ao Poder Judici\u00e1rio.<\/span><\/p>\n<p><span style=\"font-family: Verdana, Geneva, sans-serif; font-size: 14pt; color: #000000;\">O delegado regional, Ricardo Chueire informou que durante o interrogat\u00f3rio, o menor infrator que realizou os disparos da arma de fogo, confessou com riqueza de detalhes toda a a\u00e7\u00e3o que segundo ele visava matar os adolescentes que se encontravam reunidos na lanchonete, ap\u00f3s sa\u00edrem do Col\u00e9gio.<\/span><\/p>\n<p><span style=\"font-family: Verdana, Geneva, sans-serif; font-size: 14pt; color: #000000;\">O suspeito disse \u00e0 delegada Sabrina Leles que disparou por cinco vezes em dire\u00e7\u00e3o aos adolescentes. Um dos tiros acertou a mand\u00edbula de um adolescente de 17 anos e outro tiro atingiu fatalmente a crian\u00e7a Evellyn Batista.<\/span><\/p>\n<p><span style=\"font-family: Verdana, Geneva, sans-serif; font-size: 14pt; color: #000000;\">A a\u00e7\u00e3o foi motivada por <span style=\"line-height: 1.5;\">rixas entre grupos rivais, de bairros diferentes de Caldas Novas. Segundo o delegado, tais rixas s\u00e3o motivadas pela busca de poder que tais jovens acreditam encontrar atrav\u00e9s de crimes b\u00e1rbaros como o que terminou com a morte da crian\u00e7a. \u00a0<\/span><\/span><\/p>\n<p><span style=\"font-size: 14pt; font-family: Verdana, Geneva, sans-serif; color: #000000;\">A Delegada Sabrina Leles e o Comandante do 26\u00ba Batalh\u00e3o da Pol\u00edcia Militar Ricardo Rocha concederam entrevista de forma coletiva \u00e0 imprensa e falaram sobre o empenho das autoridades policiais em dar uma resposta aos familiares da vitima e \u00e0 sociedade que exige justi\u00e7a.<\/span><\/p>\n<p><a href=\"https:\/\/correiosulgoiano.com.br\/wp-content\/uploads\/2015\/08\/Evelyn-04.jpg\"><img loading=\"lazy\" class=\"alignnone  wp-image-3066\" src=\"https:\/\/correiosulgoiano.com.br\/wp-content\/uploads\/2015\/08\/Evelyn-04.jpg\" alt=\"Evelyn - 04\" width=\"575\" height=\"323\" srcset=\"https:\/\/correiosulgoiano.com.br\/wp-content\/uploads\/2015\/08\/Evelyn-04.jpg 960w, https:\/\/correiosulgoiano.com.br\/wp-content\/uploads\/2015\/08\/Evelyn-04-300x169.jpg 300w\" sizes=\"(max-width: 575px) 100vw, 575px\" \/><\/a><\/p>\n<p><span style=\"font-size: 14pt; font-family: Verdana, Geneva, sans-serif; color: #000000;\">O povo est\u00e1 revoltado e na porta da Delegacia houve manifesta\u00e7\u00f5es de populares que foram ao local protestar contra a viol\u00eancia e pedir que seja feita justi\u00e7a ao assassino e que haja paz em Caldas Novas.<\/span><\/p>\n<p><span style=\"font-size: 14pt; font-family: Verdana, Geneva, sans-serif; color: #000000;\">Um grupo de ciclistas compareceu vestido de roupas brancas para manifestar em favor da paz. Em v\u00e1rios momentos militares e civis foram aplaudidos pelo trabalho realizado em busca dos respons\u00e1veis pela morte da garota. <\/span><\/p>\n<p><span style=\"font-size: 14pt; font-family: Verdana, Geneva, sans-serif; color: #000000;\">Fomos informados de que tamb\u00e9m \u00e9 menor o outro homem que estava na moto no momento em que M.R.P atirou e matou Evellyn. No momento em que fechamos esta reportagem no fim da tarde de sexta-feira, a informa\u00e7\u00e3o que t\u00ednhamos \u00e9 de que eles seriam encaminhados para Goi\u00e2nia, por medida de seguran\u00e7a, j\u00e1 que a comunidade em Caldas Novas est\u00e1 bastante revoltada com a morte brutal da pequena Evellyn. (Da reda\u00e7\u00e3o, por Leonardo Costa. Fonte: Delegados Ricardo Chueire e Sabrina Leles)\u00a0<\/span><\/p>\n<p><span style=\"color: #ff0000;\"><strong><span style=\"font-size: 14pt; font-family: Verdana, Geneva, sans-serif;\">ENTENDA O CASO<\/span><\/strong><\/span><\/p>\n<p><a href=\"https:\/\/correiosulgoiano.com.br\/wp-content\/uploads\/2015\/08\/Evelyn-01.jpg\"><img loading=\"lazy\" class=\"alignnone  wp-image-3067\" src=\"https:\/\/correiosulgoiano.com.br\/wp-content\/uploads\/2015\/08\/Evelyn-01.jpg\" alt=\"Evelyn - 01\" width=\"588\" height=\"326\" srcset=\"https:\/\/correiosulgoiano.com.br\/wp-content\/uploads\/2015\/08\/Evelyn-01.jpg 873w, https:\/\/correiosulgoiano.com.br\/wp-content\/uploads\/2015\/08\/Evelyn-01-300x166.jpg 300w\" sizes=\"(max-width: 588px) 100vw, 588px\" \/><\/a><\/p>\n<p><span style=\"font-size: 14pt; font-family: Verdana, Geneva, sans-serif; color: #000000;\">J\u00e1 faz tempo que o vizinho munic\u00edpio de Caldas Novas se tornou cen\u00e1rio de crimes b\u00e1rbaros, violentos demais para uma cidade do interior, e especialmente por sua import\u00e2ncia no cen\u00e1rio do turismo nacional.<\/span><\/p>\n<p><span style=\"font-size: 14pt; font-family: Verdana, Geneva, sans-serif; color: #000000;\">A quinta-feira, 20\/08, foi um dia marcado de tristeza, dor e revolta na cidade das \u00e1guas quentes. O dia come\u00e7ou com boatos sendo espalhados em redes sociais sobre um assalto \u00e0 ag\u00eancia do Banco do Brasil, deixando moradores desesperados, at\u00e9 que o desmentido ganhasse as ruas.<\/span><\/p>\n<p><span style=\"font-size: 14pt; font-family: Verdana, Geneva, sans-serif; color: #000000;\">Mas, o pior ainda estava por vir. No inicio da tarde da quinta-feira, 20\/08, duas pessoas foram baleadas em uma lanchonete que fica em frente a um col\u00e9gio no setor Itaic\u00ed II. As duas v\u00edtimas s\u00e3o de menor idade: um adolescente de 17 anos e uma menina de 7 anos.<\/span><\/p>\n<p><span style=\"font-size: 14pt; font-family: Verdana, Geneva, sans-serif; color: #000000;\">A tia da menina, que \u00e9 a dona da lanchonete contou que um grupo de jovens estava na lanchonete, como sempre acontece consumindo, quando a menina de 7 anos chegou ao local acompanhado de um tio.<\/span><\/p>\n<p><span style=\"font-size: 14pt; font-family: Verdana, Geneva, sans-serif; color: #000000;\">Por uma infeliz coincid\u00eancia, neste momento dois indiv\u00edduos, ainda n\u00e3o identificados, passaram na porta do estabelecimento, em um moto e atiraram contra a lanchonete.<\/span><\/p>\n<p><span style=\"font-size: 14pt; font-family: Verdana, Geneva, sans-serif; color: #000000;\">Um dos tiros acertou a pequena Evellyn Batista Rodrigues de apenas sete anos. O disparo acertou a barriga da crian\u00e7a, que foi socorrida pelo Corpo de Bombeiros, mas n\u00e3o resistiu.<\/span><\/p>\n<p><span style=\"font-size: 14pt; font-family: Verdana, Geneva, sans-serif; color: #000000;\">O adolescente de 17 anos foi atingido na da boca, mas, gra\u00e7as a Deus n\u00e3o corre risco de morte. As Pol\u00edcias foram in formadas de que a dupla que passou de moto atirando estaria procurando por algu\u00e9m que possivelmente estaria dentro da lanchonete. O motivo seria um poss\u00edvel acerto de contas. Mas, ao atirarem a ermo, acabaram atingindo dois inocentes.<\/span><\/p>\n<p><span style=\"font-size: 14pt; font-family: Verdana, Geneva, sans-serif; color: #000000;\">A Pol\u00edcia Militar esteve no local e registrou a ocorr\u00eancia. O caso est\u00e1 sendo investigado pelas pol\u00edcias civil e militar. <\/span><\/p>\n<p><span style=\"font-size: 14pt; font-family: Verdana, Geneva, sans-serif; color: #000000;\">A principal v\u00edtima dessa trag\u00e9dia, Evellyn era filha \u00fanica de pais surdos. Aos quatro anos Evellyn aprendeu a linguagem de sinais para se comunicar melhor com seus pais. Trata-se de uma menina linda, cheia de vida e muito amada por seus familiares e amigos. Uma verdadeira trag\u00e9dia! (FONTE: Naftali Gomes do Plant\u00e3o Policial de Alison Maia)<\/span><\/p>\n<p>&nbsp;<\/p>\n","protected":false},"excerpt":{"rendered":"<p>Tudo leva a crer que foram dois &#8220;menores&#8221; que praticaram a a\u00e7\u00e3o que terminou com a morte da menina de 8 anos em Caldas Novas. De acordo com as hip\u00f3critas leis brasileiras, e pelo Sensacional Estatuto da Crian\u00e7a e do Adolescente, se foram &#8220;menores&#8221;, ent\u00e3o n\u00e3o teve crime de homic\u00eddio; o que teve foi Ato &#8230;<\/p>\n","protected":false},"author":1,"featured_media":3064,"comment_status":"open","ping_status":"open","sticky":false,"template":"","format":"standard","meta":{"spay_email":"","jetpack_publicize_message":""},"categories":[46,50],"tags":[94,663],"jetpack_featured_media_url":"https:\/\/correiosulgoiano.com.br\/wp-content\/uploads\/2015\/08\/Evelyn-06.jpg","jetpack_publicize_connections":[],"_links":{"self":[{"href":"https:\/\/correiosulgoiano.com.br\/index.php?rest_route=\/wp\/v2\/posts\/3063"}],"collection":[{"href":"https:\/\/correiosulgoiano.com.br\/index.php?rest_route=\/wp\/v2\/posts"}],"about":[{"href":"https:\/\/correiosulgoiano.com.br\/index.php?rest_route=\/wp\/v2\/types\/post"}],"author":[{"embeddable":true,"href":"https:\/\/correiosulgoiano.com.br\/index.php?rest_route=\/wp\/v2\/users\/1"}],"replies":[{"embeddable":true,"href":"https:\/\/correiosulgoiano.com.br\/index.php?rest_route=%2Fwp%2Fv2%2Fcomments&post=3063"}],"version-history":[{"count":6,"href":"https:\/\/correiosulgoiano.com.br\/index.php?rest_route=\/wp\/v2\/posts\/3063\/revisions"}],"predecessor-version":[{"id":3073,"href":"https:\/\/correiosulgoiano.com.br\/index.php?rest_route=\/wp\/v2\/posts\/3063\/revisions\/3073"}],"wp:featuredmedia":[{"embeddable":true,"href":"https:\/\/correiosulgoiano.com.br\/index.php?rest_route=\/wp\/v2\/media\/3064"}],"wp:attachment":[{"href":"https:\/\/correiosulgoiano.com.br\/index.php?rest_route=%2Fwp%2Fv2%2Fmedia&parent=3063"}],"wp:term":[{"taxonomy":"category","embeddable":true,"href":"https:\/\/correiosulgoiano.com.br\/index.php?rest_route=%2Fwp%2Fv2%2Fcategories&post=3063"},{"taxonomy":"post_tag","embeddable":true,"href":"https:\/\/correiosulgoiano.com.br\/index.php?rest_route=%2Fwp%2Fv2%2Ftags&post=3063"}],"curies":[{"name":"wp","href":"https:\/\/api.w.org\/{rel}","templated":true}]}}