{"id":3129,"date":"2015-08-24T00:27:40","date_gmt":"2015-08-24T03:27:40","guid":{"rendered":"https:\/\/correiosulgoiano.com.br\/?p=3129"},"modified":"2015-08-25T01:57:07","modified_gmt":"2015-08-25T04:57:07","slug":"familiares-e-amigos-oram-pela-recuperacao-de-morganna-internada-no-hugol","status":"publish","type":"post","link":"https:\/\/correiosulgoiano.com.br\/?p=3129","title":{"rendered":"Familiares e amigos oram pela recupera\u00e7\u00e3o de Morganna, internada no HUGOL"},"content":{"rendered":"<p><span style=\"font-family: Verdana, Geneva, sans-serif; font-size: 14pt; color: #000000;\">S\u00e3o animadoras as not\u00edcias mais recentes que chegam atrav\u00e9s de familiares, sobre o estado de sa\u00fade da jovem Morganna Cavalcante, de 21 anos, que tentou contra a pr\u00f3pria integridade f\u00edsica ateando fogo em seu corpo, na quinta-feira, 20\/08, em Morrinhos Goi\u00e1s.<\/span><\/p>\n<p><span style=\"font-family: Verdana, Geneva, sans-serif; font-size: 14pt; color: #000000;\">Internada no Hospital de Urg\u00eancias Governador Ot\u00e1vio Lage \u2013 HUGOL, no domingo 23\/08, a press\u00e3o arterial estabilizou, a febre cedeu e as fun\u00e7\u00f5es renais tamb\u00e9m se estabilizaram. Ainda assim o quadro de sa\u00fade da jovem e grave e merece cuidados muito especiais.<\/span><\/p>\n<p><span style=\"font-family: Verdana, Geneva, sans-serif; font-size: 14pt; color: #000000;\">Morgana teve 85% do corpo queimados ap\u00f3s jogar \u00e1lcool em si mesma e atear fogo, na noite de quinta-feira.<\/span><\/p>\n<p><span style=\"font-family: Verdana, Geneva, sans-serif; font-size: 14pt; color: #000000;\">O Corpo de Bombeiros foi acionado e prestou socorro a ela, realizando os primeiros procedimentos e a encaminhando ao Hospital Municipal de Morrinhos, onde foi estabilizada pela equipe m\u00e9dica e em seguida transferida para Goi\u00e2nia, em UTI m\u00f3vel.<\/span><\/p>\n<p><span style=\"font-family: Verdana, Geneva, sans-serif; font-size: 14pt; color: #000000;\">Havia uma suspeita de que um poss\u00edvel desentendimento familiar teria levado a jovem a tal atitude. Isso n\u00e3o procede. Segundo m\u00e9dicos disseram aos familiares, a depress\u00e3o p\u00f3s parto seria a causa da atitude extremada. Morganna tem um filho de 5 meses.<\/span><\/p>\n<p><span style=\"font-family: Verdana, Geneva, sans-serif; font-size: 14pt; color: #000000;\">Ela \u00e9 sobrinha do amigo Silvio Cassiano, o Silvio da Pamonha. Ficam as nossas ora\u00e7\u00f5es para que Deus a proteja e lhe d\u00ea uma recupera\u00e7\u00e3o completa, devolvendo-lhe a sa\u00fade, em nome de Jesus.<\/span><\/p>\n","protected":false},"excerpt":{"rendered":"<p>S\u00e3o animadoras as not\u00edcias mais recentes que chegam atrav\u00e9s de familiares, sobre o estado de sa\u00fade da jovem Morganna Cavalcante, de 21 anos, que tentou contra a pr\u00f3pria integridade f\u00edsica ateando fogo em seu corpo, na quinta-feira, 20\/08, em Morrinhos Goi\u00e1s. Internada no Hospital de Urg\u00eancias Governador Ot\u00e1vio Lage \u2013 HUGOL, no domingo 23\/08, a &#8230;<\/p>\n","protected":false},"author":1,"featured_media":3131,"comment_status":"open","ping_status":"open","sticky":false,"template":"","format":"standard","meta":{"spay_email":"","jetpack_publicize_message":""},"categories":[1],"tags":[351,603,670,669,671],"jetpack_featured_media_url":"https:\/\/correiosulgoiano.com.br\/wp-content\/uploads\/2015\/08\/Morganna-Molhora-01.jpg","jetpack_publicize_connections":[],"_links":{"self":[{"href":"https:\/\/correiosulgoiano.com.br\/index.php?rest_route=\/wp\/v2\/posts\/3129"}],"collection":[{"href":"https:\/\/correiosulgoiano.com.br\/index.php?rest_route=\/wp\/v2\/posts"}],"about":[{"href":"https:\/\/correiosulgoiano.com.br\/index.php?rest_route=\/wp\/v2\/types\/post"}],"author":[{"embeddable":true,"href":"https:\/\/correiosulgoiano.com.br\/index.php?rest_route=\/wp\/v2\/users\/1"}],"replies":[{"embeddable":true,"href":"https:\/\/correiosulgoiano.com.br\/index.php?rest_route=%2Fwp%2Fv2%2Fcomments&post=3129"}],"version-history":[{"count":9,"href":"https:\/\/correiosulgoiano.com.br\/index.php?rest_route=\/wp\/v2\/posts\/3129\/revisions"}],"predecessor-version":[{"id":3166,"href":"https:\/\/correiosulgoiano.com.br\/index.php?rest_route=\/wp\/v2\/posts\/3129\/revisions\/3166"}],"wp:featuredmedia":[{"embeddable":true,"href":"https:\/\/correiosulgoiano.com.br\/index.php?rest_route=\/wp\/v2\/media\/3131"}],"wp:attachment":[{"href":"https:\/\/correiosulgoiano.com.br\/index.php?rest_route=%2Fwp%2Fv2%2Fmedia&parent=3129"}],"wp:term":[{"taxonomy":"category","embeddable":true,"href":"https:\/\/correiosulgoiano.com.br\/index.php?rest_route=%2Fwp%2Fv2%2Fcategories&post=3129"},{"taxonomy":"post_tag","embeddable":true,"href":"https:\/\/correiosulgoiano.com.br\/index.php?rest_route=%2Fwp%2Fv2%2Ftags&post=3129"}],"curies":[{"name":"wp","href":"https:\/\/api.w.org\/{rel}","templated":true}]}}